{"id":34596,"date":"2025-12-23T11:17:27","date_gmt":"2025-12-23T11:17:27","guid":{"rendered":"https:\/\/by-tv.co.uk\/?p=34596"},"modified":"2025-12-23T11:17:27","modified_gmt":"2025-12-23T11:17:27","slug":"ingilterede-2025-en-sicak-yil-olarak-kayda-gecebilir","status":"publish","type":"post","link":"https:\/\/by-tv.co.uk\/en\/ingilterede-2025-en-sicak-yil-olarak-kayda-gecebilir\/","title":{"rendered":"\u0130ngiltere&#8217;de 2025 en s\u0131cak y\u0131l olarak kayda ge\u00e7ebilir"},"content":{"rendered":"<div id=\"model-response-message-contentr_c1081241b7ff1f52\" class=\"markdown markdown-main-panel enable-updated-hr-color\" dir=\"ltr\" aria-live=\"polite\" aria-busy=\"false\">\n<p data-path-to-node=\"1\">Meteoroloji uzmanlar\u0131, <b data-path-to-node=\"1\" data-index-in-node=\"23\">Birle\u015fik Krall\u0131k<\/b>&#8216;\u0131n kay\u0131tlar\u0131n tutulmaya ba\u015fland\u0131\u011f\u0131 tarihten bu yana en s\u0131cak y\u0131l\u0131n\u0131 ya\u015famaya haz\u0131rland\u0131\u011f\u0131n\u0131 belirtti. Uzmanlar, i\u00e7inde bulundu\u011fumuz d\u00f6nemi \u201cola\u011fan\u00fcst\u00fc zamanlar\u201d olarak nitelendiriyor.<\/p>\n<p data-path-to-node=\"2\"><b data-path-to-node=\"2\" data-index-in-node=\"0\">The Independent<\/b>\u2019\u0131n haberine g\u00f6re, <b data-path-to-node=\"2\" data-index-in-node=\"34\">Met Office<\/b>, s\u0131cak ge\u00e7en yaz aylar\u0131 ve y\u0131l\u0131n b\u00fcy\u00fck b\u00f6l\u00fcm\u00fcnde mevsim normallerinin \u00fczerinde seyreden \u0131l\u0131man hava nedeniyle 2025&#8217;in, 2022&#8217;deki rekoru geride b\u0131rakabilece\u011fini a\u00e7\u0131klad\u0131.<\/p>\n<p data-path-to-node=\"3\">\u015eu ana kadar y\u0131ll\u0131k ortalama s\u0131cakl\u0131k <b data-path-to-node=\"3\" data-index-in-node=\"38\">10.05 derece<\/b> seviyesinde seyrederken, bu rakam <b data-path-to-node=\"3\" data-index-in-node=\"85\">2022<\/b> y\u0131l\u0131nda k\u0131r\u0131lan <b data-path-to-node=\"3\" data-index-in-node=\"106\">10.03 derecelik<\/b> \u00f6nceki rekorun \u00f6n\u00fcnde yer al\u0131yor.<\/p><div id=\"briti-3483360450\" class=\"briti-icerik\" style=\"margin-top: 5px;margin-bottom: 5px;\"><a href=\"https:\/\/piaryum.com\/services\/\" aria-label=\"piaryum banner\"><img loading=\"lazy\" decoding=\"async\" src=\"https:\/\/by-tv.co.uk\/wp-content\/uploads\/2025\/12\/Gemini_Generated_Image_g5yqr1g5yqr1g5yq.jpg\" alt=\"\"  width=\"2064\" height=\"1152\"   \/><\/a><\/div>\n<h4 data-path-to-node=\"4\"><b data-path-to-node=\"4\" data-index-in-node=\"0\">S\u0131cakl\u0131k ortalamas\u0131 10 derecenin \u00fczerine \u00e7\u0131k\u0131yor<\/b><\/h4>\n<p data-path-to-node=\"5\">Noel d\u00f6neminde beklenen so\u011fuk hava dalgas\u0131 nedeniyle nihai rakam hen\u00fcz kesinle\u015fmi\u015f de\u011fil. Ancak tahminler do\u011frulan\u0131rsa, 2025 y\u0131l\u0131, g\u00f6zlem kay\u0131tlar\u0131nda <b data-path-to-node=\"5\" data-index-in-node=\"151\">Birle\u015fik Krall\u0131k<\/b> y\u0131ll\u0131k ortalama s\u0131cakl\u0131\u011f\u0131n\u0131n <b data-path-to-node=\"5\" data-index-in-node=\"197\">10 dereceyi<\/b> a\u015ft\u0131\u011f\u0131 ikinci y\u0131l olacak.<\/p>\n<p data-path-to-node=\"6\">Kay\u0131tlar\u0131n tutulmaya ba\u015fland\u0131\u011f\u0131 <b data-path-to-node=\"6\" data-index-in-node=\"32\">1884<\/b> y\u0131l\u0131ndan bu yana en s\u0131cak be\u015f y\u0131l\u0131n d\u00f6rd\u00fc, son be\u015f y\u0131l i\u00e7inde ger\u00e7ekle\u015fti. Ayr\u0131ca, en s\u0131cak 10 y\u0131l\u0131n tamam\u0131 son yirmi y\u0131l i\u00e7erisinde kaydedildi.<\/p>\n<h4 data-path-to-node=\"7\"><b data-path-to-node=\"7\" data-index-in-node=\"0\">&#8220;Ola\u011fan\u00fcst\u00fc zamanlardan ge\u00e7iyoruz&#8221;<\/b><\/h4>\n<p data-path-to-node=\"8\"><b data-path-to-node=\"8\" data-index-in-node=\"0\">Met Office<\/b> \u0130klim Bilgi Ekibi\u2019nden K\u0131demli Bilim \u0130nsan\u0131 <b data-path-to-node=\"8\" data-index-in-node=\"55\">Mike Kendon<\/b>, durumu \u015fu s\u00f6zlerle de\u011ferlendirdi:<\/p>\n<p data-path-to-node=\"9\">\u201cY\u0131l sonunda do\u011frulan\u0131rsa, bu on y\u0131l i\u00e7inde <b data-path-to-node=\"9\" data-index-in-node=\"44\">Birle\u015fik Krall\u0131k<\/b> i\u00e7in ikinci y\u0131ll\u0131k s\u0131cakl\u0131k rekoru olacak. Bu s\u00fcrpriz olmamal\u0131. Son k\u0131rk y\u0131lda y\u0131ll\u0131k s\u0131cakl\u0131\u011f\u0131n yakla\u015f\u0131k <b data-path-to-node=\"9\" data-index-in-node=\"167\">1.0 derece<\/b> artt\u0131\u011f\u0131n\u0131 g\u00f6rd\u00fck. \u0130klimimiz a\u00e7\u0131s\u0131ndan <b data-path-to-node=\"9\" data-index-in-node=\"216\">ola\u011fan\u00fcst\u00fc zamanlardan<\/b> ge\u00e7iyoruz.\u201d<\/p>\n<p data-path-to-node=\"10\">Kendon, 21. y\u00fczy\u0131l\u0131n ba\u015f\u0131ndan bu yana y\u0131ll\u0131k ortalama s\u0131cakl\u0131k rekorunun alt\u0131 kez k\u0131r\u0131ld\u0131\u011f\u0131n\u0131 (<b data-path-to-node=\"10\" data-index-in-node=\"95\">2002, 2003, 2006, 2014, 2022 ve muhtemelen 2025<\/b>) ve her rekorun bir \u00f6ncekinden daha s\u0131cak oldu\u011funu vurgulad\u0131.<\/p>\n<h4 data-path-to-node=\"11\"><b data-path-to-node=\"11\" data-index-in-node=\"0\">\u0130klim de\u011fi\u015fikli\u011finin y\u0131k\u0131c\u0131 etkileri<\/b><\/h4>\n<p data-path-to-node=\"12\">\u0130klim Bilimi Profes\u00f6r\u00fc <b data-path-to-node=\"12\" data-index-in-node=\"23\">Friederike Otto<\/b>, bulgular\u0131n y\u0131k\u0131c\u0131 oldu\u011funu ancak \u015fa\u015f\u0131rt\u0131c\u0131 olmad\u0131\u011f\u0131n\u0131 belirterek, \u201c10 derece kula\u011fa \u00e7ok s\u0131cak gelmeyebilir ancak bu bir ortalamad\u0131r ve yaz aylar\u0131nda \u00e7ok daha y\u00fcksek s\u0131cakl\u0131klar anlam\u0131na gelir\u201d uyar\u0131s\u0131nda bulundu.<\/p>\n<p data-path-to-node=\"13\"><b data-path-to-node=\"13\" data-index-in-node=\"0\">London School of Economics<\/b> Grantham \u0130klim De\u011fi\u015fikli\u011fi ve \u00c7evre Ara\u015ft\u0131rma Enstit\u00fcs\u00fc\u2019nden <b data-path-to-node=\"13\" data-index-in-node=\"88\">Bob Ward<\/b> ise \u015funlar\u0131 kaydetti:<\/p>\n<p data-path-to-node=\"14\">\u201cBu, iklim de\u011fi\u015fikli\u011finin <b data-path-to-node=\"14\" data-index-in-node=\"26\">Birle\u015fik Krall\u0131k<\/b> \u00fczerindeki etkilerinin bir ba\u015fka kan\u0131t\u0131d\u0131r. D\u00fcnyaya <b data-path-to-node=\"14\" data-index-in-node=\"95\">Net S\u0131f\u0131r<\/b> emisyon hedefine ula\u015fmada \u00f6nc\u00fcl\u00fck ederek \u0131s\u0131nmay\u0131 m\u00fcmk\u00fcn olan en k\u0131sa s\u00fcrede durdurmam\u0131z gerekiyor.\u201d<\/p>\n<\/div>\n<div id=\"briti-841190899\" class=\"briti-icerikten-sonra_2\" style=\"margin-top: 25px;margin-bottom: 25px;\"><a href=\"https:\/\/wa.me\/message\/NDZLLIOQT4H3O1\" aria-label=\"bytv reklam banner\"><img loading=\"lazy\" decoding=\"async\" src=\"https:\/\/by-tv.co.uk\/wp-content\/uploads\/2025\/12\/bytv-reklam-banner.jpg\" alt=\"\"  width=\"2376\" height=\"1008\"   \/><\/a><\/div>","protected":false},"excerpt":{"rendered":"<p>Meteoroloji uzmanlar\u0131, Birle\u015fik Krall\u0131k&#8216;\u0131n kay\u0131tlar\u0131n tutulmaya ba\u015fland\u0131\u011f\u0131 tarihten bu yana en s\u0131cak y\u0131l\u0131n\u0131 ya\u015famaya haz\u0131rland\u0131\u011f\u0131n\u0131 belirtti. Uzmanlar, i\u00e7inde bulundu\u011fumuz d\u00f6nemi \u201cola\u011fan\u00fcst\u00fc zamanlar\u201d olarak nitelendiriyor. The Independent\u2019\u0131n haberine g\u00f6re, Met Office, s\u0131cak ge\u00e7en yaz aylar\u0131 ve y\u0131l\u0131n b\u00fcy\u00fck b\u00f6l\u00fcm\u00fcnde mevsim normallerinin \u00fczerinde seyreden \u0131l\u0131man hava nedeniyle 2025&#8217;in, 2022&#8217;deki rekoru geride b\u0131rakabilece\u011fini a\u00e7\u0131klad\u0131. \u015eu ana kadar y\u0131ll\u0131k ortalama s\u0131cakl\u0131k 10.05 derece seviyesinde seyrederken, bu rakam 2022 y\u0131l\u0131nda k\u0131r\u0131lan 10.03 derecelik \u00f6nceki rekorun \u00f6n\u00fcnde yer al\u0131yor. S\u0131cakl\u0131k ortalamas\u0131 10 derecenin \u00fczerine \u00e7\u0131k\u0131yor Noel d\u00f6neminde beklenen so\u011fuk hava dalgas\u0131 nedeniyle nihai rakam hen\u00fcz kesinle\u015fmi\u015f de\u011fil. Ancak tahminler do\u011frulan\u0131rsa, 2025 y\u0131l\u0131, g\u00f6zlem kay\u0131tlar\u0131nda Birle\u015fik Krall\u0131k [&hellip;]<\/p>\n","protected":false},"author":11,"featured_media":34597,"comment_status":"open","ping_status":"open","sticky":false,"template":"","format":"standard","meta":{"ngg_post_thumbnail":0,"footnotes":""},"categories":[5269],"tags":[],"class_list":["post-34596","post","type-post","status-publish","format-standard","has-post-thumbnail","hentry","category-birlesik-krallik"],"_links":{"self":[{"href":"https:\/\/by-tv.co.uk\/en\/wp-json\/wp\/v2\/posts\/34596","targetHints":{"allow":["GET"]}}],"collection":[{"href":"https:\/\/by-tv.co.uk\/en\/wp-json\/wp\/v2\/posts"}],"about":[{"href":"https:\/\/by-tv.co.uk\/en\/wp-json\/wp\/v2\/types\/post"}],"author":[{"embeddable":true,"href":"https:\/\/by-tv.co.uk\/en\/wp-json\/wp\/v2\/users\/11"}],"replies":[{"embeddable":true,"href":"https:\/\/by-tv.co.uk\/en\/wp-json\/wp\/v2\/comments?post=34596"}],"version-history":[{"count":1,"href":"https:\/\/by-tv.co.uk\/en\/wp-json\/wp\/v2\/posts\/34596\/revisions"}],"predecessor-version":[{"id":34598,"href":"https:\/\/by-tv.co.uk\/en\/wp-json\/wp\/v2\/posts\/34596\/revisions\/34598"}],"wp:featuredmedia":[{"embeddable":true,"href":"https:\/\/by-tv.co.uk\/en\/wp-json\/wp\/v2\/media\/34597"}],"wp:attachment":[{"href":"https:\/\/by-tv.co.uk\/en\/wp-json\/wp\/v2\/media?parent=34596"}],"wp:term":[{"taxonomy":"category","embeddable":true,"href":"https:\/\/by-tv.co.uk\/en\/wp-json\/wp\/v2\/categories?post=34596"},{"taxonomy":"post_tag","embeddable":true,"href":"https:\/\/by-tv.co.uk\/en\/wp-json\/wp\/v2\/tags?post=34596"}],"curies":[{"name":"wp","href":"https:\/\/api.w.org\/{rel}","templated":true}]}}