{"id":34481,"date":"2025-12-19T12:41:26","date_gmt":"2025-12-19T12:41:26","guid":{"rendered":"https:\/\/by-tv.co.uk\/?p=34481"},"modified":"2025-12-19T12:42:42","modified_gmt":"2025-12-19T12:42:42","slug":"rory-mcilroy-2025-bbc-yilin-sporcusu-secildi","status":"publish","type":"post","link":"https:\/\/by-tv.co.uk\/en\/rory-mcilroy-2025-bbc-yilin-sporcusu-secildi\/","title":{"rendered":"Rory McIlroy BBC 2025 Sporcusu Se\u00e7ildi"},"content":{"rendered":"<div id=\"model-response-message-contentr_2057c1e379f355a5\" class=\"markdown markdown-main-panel enable-updated-hr-color\" dir=\"ltr\" aria-live=\"polite\" aria-busy=\"false\">\n<p data-path-to-node=\"2\">D\u00fcnyaca \u00fcnl\u00fc golf\u00e7\u00fc <b>Rory McIlroy<\/b>, kariyerinde <b>Grand Slam<\/b>&#8216;i tamamlamas\u0131 ve Avrupa&#8217;n\u0131n <b>Ryder Cup<\/b> zaferindeki kritik rol\u00fc nedeniyle <b>2025 BBC Y\u0131l\u0131n Sporcusu<\/b> se\u00e7ildi. Kuzey \u0130rlandal\u0131 sporcu, Nisan ay\u0131nda <b>Augusta National<\/b>&#8216;da d\u00fczenlenen <b>Masters<\/b> turnuvas\u0131n\u0131 kazanarak golf d\u00fcnyas\u0131nda \u00f6l\u00fcms\u00fczle\u015fti\u011fi bir y\u0131l\u0131 geride b\u0131rakt\u0131.<\/p>\n<p data-path-to-node=\"3\"><b>BBC Sport<\/b>&#8216;un haberine g\u00f6re, 36 ya\u015f\u0131ndaki sporcu bu ba\u015far\u0131s\u0131yla d\u00f6rt b\u00fcy\u00fck turnuvan\u0131n tamam\u0131n\u0131 kazanan tarihteki alt\u0131nc\u0131 isim ve ilk Avrupal\u0131 golf\u00e7\u00fc olma unvan\u0131n\u0131 elde etti.<\/p>\n<h4 data-path-to-node=\"4\"><b>Tarihi Ba\u015far\u0131lar ve \u0130statistikler<\/b><\/h4>\n<p data-path-to-node=\"5\"><b>McIlroy<\/b> bu zaferle birlikte; Amerikal\u0131 efsaneler <b>Gene Sarazen<\/b>, <b>Ben Hogan<\/b>, <b>Jack Nicklaus<\/b>, <b>Tiger Woods<\/b> ve G\u00fcney Afrikal\u0131 <b>Gary Player<\/b>&#8216;\u0131n yer ald\u0131\u011f\u0131 elit kul\u00fcbe kat\u0131ld\u0131. 2014 y\u0131l\u0131na kadar <b>ABD A\u00e7\u0131k<\/b>, <b>The Open<\/b> ve <b>ABD PGA \u015eampiyonas\u0131<\/b>&#8216;n\u0131 kazanan tecr\u00fcbeli golf\u00e7\u00fc, &#8220;r\u00fcyalar\u0131n\u0131 ger\u00e7ekle\u015ftirmek&#8221; i\u00e7in 11 y\u0131l beklemek zorunda kald\u0131.<\/p><div id=\"briti-488025344\" class=\"briti-icerik\" style=\"margin-top: 5px;margin-bottom: 5px;\"><a href=\"https:\/\/piaryum.com\/services\/\" aria-label=\"piaryum banner\"><img loading=\"lazy\" decoding=\"async\" src=\"https:\/\/by-tv.co.uk\/wp-content\/uploads\/2025\/12\/Gemini_Generated_Image_g5yqr1g5yqr1g5yq.jpg\" alt=\"\"  width=\"2064\" height=\"1152\"   \/><\/a><\/div>\n<p data-path-to-node=\"6\">Ba\u015far\u0131l\u0131 sporcu ayr\u0131ca, Avrupa&#8217;n\u0131n 2012&#8217;den bu yana Amerika Birle\u015fik Devletleri&#8217;ndeki ilk <b>Ryder Cup<\/b> galibiyetinde de kilit rol oynad\u0131 ve tak\u0131m\u0131n\u0131n zaferine \u00fc\u00e7 bu\u00e7uk puanl\u0131k katk\u0131 sa\u011flad\u0131. <b>McIlroy<\/b>, <b>\u0130rlanda A\u00e7\u0131k<\/b>&#8216;\u0131 ikinci kez kazanarak kendi seyircisini sevindirirken, <b>Players Championship<\/b> ve <b>AT&amp;T Pebble Beach Pro-Am<\/b> turnuvalar\u0131ndaki ba\u015far\u0131lar\u0131yla da g\u00f6z doldurdu. Y\u0131l sonunda ise yedinci <b>Race to Dubai<\/b> \u015fampiyonlu\u011funa ula\u015farak sezonu zirvede tamamlad\u0131.<\/p>\n<h4 data-path-to-node=\"7\"><b>Oylama Sonu\u00e7lar\u0131 ve Di\u011fer \u00d6d\u00fcller<\/b><\/h4>\n<p data-path-to-node=\"8\">Halk oylamas\u0131yla belirlenen \u00f6d\u00fcl t\u00f6reninde \u0130ngiltere ragbi birli\u011fi oyuncusu <b>Ellie Kildunne<\/b> ikinci, <b>Formula 1<\/b> pilotu <b>Lando Norris<\/b> ise \u00fc\u00e7\u00fcnc\u00fc s\u0131rada yer ald\u0131. Bireysel \u00f6d\u00fcl\u00fcn\u00fc almadan hemen \u00f6nce <b>McIlroy<\/b>, tak\u0131m arkada\u015f\u0131 <b>Tommy Fleetwood<\/b> ile birlikte <b>Y\u0131l\u0131n Tak\u0131m\u0131<\/b> \u00f6d\u00fcl\u00fcn\u00fc de kabul etti. <b>Avrupa Tak\u0131m\u0131<\/b> (Team Europe), Ryder Cup&#8217;taki \u00fcst\u00fcn ba\u015far\u0131s\u0131 nedeniyle bu onura lay\u0131k g\u00f6r\u00fcld\u00fc.<\/p>\n<p data-path-to-node=\"9\">Uzman bir panel taraf\u0131ndan belirlenen adaylar aras\u0131nda \u0130ngiltere forveti <b>Chloe Kelly<\/b>, kaleci <b>Hannah Hampton<\/b> ve dart oyuncusu <b>Luke Littler<\/b> da yer al\u0131yordu. <b>McIlroy<\/b>; 1957&#8217;de <b>Dai Rees<\/b> ve 1989&#8217;da <b>Nick Faldo<\/b>&#8216;dan sonra bu \u00f6d\u00fcl\u00fc kazanan sadece \u00fc\u00e7\u00fcnc\u00fc golf\u00e7\u00fc oldu. Ayr\u0131ca <b>Barry McGuigan<\/b> (1985) ve <b>Sir AP McCoy<\/b> (2010) sonras\u0131 \u00f6d\u00fcl\u00fc kazanan \u00fc\u00e7\u00fcnc\u00fc Kuzey \u0130rlandal\u0131 olarak kay\u0131tlara ge\u00e7ti.<\/p>\n<h4 data-path-to-node=\"10\"><b>&#8220;R\u00fcyalar\u0131m\u0131n Ger\u00e7ekle\u015fti\u011fi Y\u0131l&#8221;<\/b><\/h4>\n<p data-path-to-node=\"11\">\u00d6d\u00fcl t\u00f6reninde duygusal anlar ya\u015fayan <b>McIlroy<\/b>, ba\u015far\u0131s\u0131nda ailesinin pay\u0131na dikkat \u00e7ekti. E\u015fi <b>Erica<\/b> ve k\u0131z\u0131 <b>Poppy<\/b>&#8216;ye te\u015fekk\u00fcr eden \u015fampiyon sporcu, \u015fu ifadeleri kulland\u0131:<\/p>\n<p data-path-to-node=\"12\"><b>&#8220;\u00d6ncelikle di\u011fer t\u00fcm finalistleri tebrik ediyorum. Ne kadar \u00e7ok \u00e7al\u0131\u015fma ve \u00f6zveri gerekti\u011fini biliyorum, bu y\u00fczden bu odada olmak bile bir zevk. Sadece bunun bir par\u00e7as\u0131 oldu\u011fum i\u00e7in ger\u00e7ekten onur duyuyorum. 2025, r\u00fcyalar\u0131m\u0131 ger\u00e7ekle\u015ftirdi\u011fim y\u0131l oldu. Augusta&#8217;dan Ryder Cup&#8217;a kadar her \u015fey&#8230; R\u00fcyalar\u0131n yap\u0131ld\u0131\u011f\u0131 y\u0131l buydu.&#8221;<\/b><\/p>\n<\/div>\n<div id=\"briti-197208735\" class=\"briti-icerikten-sonra_2\" style=\"margin-top: 25px;margin-bottom: 25px;\"><a href=\"https:\/\/wa.me\/message\/NDZLLIOQT4H3O1\" aria-label=\"bytv reklam banner\"><img loading=\"lazy\" decoding=\"async\" src=\"https:\/\/by-tv.co.uk\/wp-content\/uploads\/2025\/12\/bytv-reklam-banner.jpg\" alt=\"\"  width=\"2376\" height=\"1008\"   \/><\/a><\/div>","protected":false},"excerpt":{"rendered":"<p>D\u00fcnyaca \u00fcnl\u00fc golf\u00e7\u00fc Rory McIlroy, kariyerinde Grand Slam&#8216;i tamamlamas\u0131 ve Avrupa&#8217;n\u0131n Ryder Cup zaferindeki kritik rol\u00fc nedeniyle 2025 BBC Y\u0131l\u0131n Sporcusu se\u00e7ildi. Kuzey \u0130rlandal\u0131 sporcu, Nisan ay\u0131nda Augusta National&#8216;da d\u00fczenlenen Masters turnuvas\u0131n\u0131 kazanarak golf d\u00fcnyas\u0131nda \u00f6l\u00fcms\u00fczle\u015fti\u011fi bir y\u0131l\u0131 geride b\u0131rakt\u0131. BBC Sport&#8216;un haberine g\u00f6re, 36 ya\u015f\u0131ndaki sporcu bu ba\u015far\u0131s\u0131yla d\u00f6rt b\u00fcy\u00fck turnuvan\u0131n tamam\u0131n\u0131 kazanan tarihteki alt\u0131nc\u0131 isim ve ilk Avrupal\u0131 golf\u00e7\u00fc olma unvan\u0131n\u0131 elde etti. Tarihi Ba\u015far\u0131lar ve \u0130statistikler McIlroy bu zaferle birlikte; Amerikal\u0131 efsaneler Gene Sarazen, Ben Hogan, Jack Nicklaus, Tiger Woods ve G\u00fcney Afrikal\u0131 Gary Player&#8216;\u0131n yer ald\u0131\u011f\u0131 elit kul\u00fcbe kat\u0131ld\u0131. 2014 y\u0131l\u0131na kadar ABD A\u00e7\u0131k, The Open [&hellip;]<\/p>\n","protected":false},"author":11,"featured_media":34484,"comment_status":"open","ping_status":"open","sticky":false,"template":"","format":"standard","meta":{"ngg_post_thumbnail":0,"footnotes":""},"categories":[1438],"tags":[],"class_list":["post-34481","post","type-post","status-publish","format-standard","has-post-thumbnail","hentry","category-spor"],"_links":{"self":[{"href":"https:\/\/by-tv.co.uk\/en\/wp-json\/wp\/v2\/posts\/34481","targetHints":{"allow":["GET"]}}],"collection":[{"href":"https:\/\/by-tv.co.uk\/en\/wp-json\/wp\/v2\/posts"}],"about":[{"href":"https:\/\/by-tv.co.uk\/en\/wp-json\/wp\/v2\/types\/post"}],"author":[{"embeddable":true,"href":"https:\/\/by-tv.co.uk\/en\/wp-json\/wp\/v2\/users\/11"}],"replies":[{"embeddable":true,"href":"https:\/\/by-tv.co.uk\/en\/wp-json\/wp\/v2\/comments?post=34481"}],"version-history":[{"count":4,"href":"https:\/\/by-tv.co.uk\/en\/wp-json\/wp\/v2\/posts\/34481\/revisions"}],"predecessor-version":[{"id":34486,"href":"https:\/\/by-tv.co.uk\/en\/wp-json\/wp\/v2\/posts\/34481\/revisions\/34486"}],"wp:featuredmedia":[{"embeddable":true,"href":"https:\/\/by-tv.co.uk\/en\/wp-json\/wp\/v2\/media\/34484"}],"wp:attachment":[{"href":"https:\/\/by-tv.co.uk\/en\/wp-json\/wp\/v2\/media?parent=34481"}],"wp:term":[{"taxonomy":"category","embeddable":true,"href":"https:\/\/by-tv.co.uk\/en\/wp-json\/wp\/v2\/categories?post=34481"},{"taxonomy":"post_tag","embeddable":true,"href":"https:\/\/by-tv.co.uk\/en\/wp-json\/wp\/v2\/tags?post=34481"}],"curies":[{"name":"wp","href":"https:\/\/api.w.org\/{rel}","templated":true}]}}