{"id":34429,"date":"2025-12-18T13:43:32","date_gmt":"2025-12-18T13:43:32","guid":{"rendered":"https:\/\/by-tv.co.uk\/?p=34429"},"modified":"2025-12-18T14:34:52","modified_gmt":"2025-12-18T14:34:52","slug":"kralin-konusmasi-kritik-secimlerden-bir-hafta-sonra","status":"publish","type":"post","link":"https:\/\/by-tv.co.uk\/en\/kralin-konusmasi-kritik-secimlerden-bir-hafta-sonra\/","title":{"rendered":"Kral\u2019\u0131n Konu\u015fmas\u0131 Kritik Se\u00e7imlerden Bir Hafta Sonra"},"content":{"rendered":"<div id=\"model-response-message-contentr_7e4110eabbfe61db\" class=\"markdown markdown-main-panel enable-updated-hr-color\" dir=\"ltr\" aria-live=\"polite\" aria-busy=\"false\">\n<div id=\"model-response-message-contentr_6a0c4eb0261e2667\" class=\"markdown markdown-main-panel enable-updated-hr-color\" dir=\"ltr\" aria-live=\"polite\" aria-busy=\"false\">\n<p data-path-to-node=\"1\">\u0130ngiltere Ba\u015fbakan\u0131 <b>Sir Keir Starmer<\/b>, h\u00fck\u00fcmetinin bir sonraki a\u015famas\u0131na dair ajandas\u0131n\u0131 May\u0131s ay\u0131ndaki kritik se\u00e7imlerin hemen ard\u0131ndan a\u00e7\u0131klamaya haz\u0131rlan\u0131yor. H\u00fck\u00fcmet, yeni yasama y\u0131l\u0131 planlar\u0131n\u0131 duyurmak i\u00e7in haz\u0131rl\u0131klar\u0131n\u0131 h\u0131zland\u0131rd\u0131.<\/p>\n<p data-path-to-node=\"2\"><b>BBC<\/b>\u2019nin haberine g\u00f6re, <b>Kral\u2019\u0131n Konu\u015fmas\u0131<\/b> (The King&#8217;s Speech) gelecek y\u0131l <b>7 May\u0131s<\/b>&#8216;ta Birle\u015fik Krall\u0131k genelinde yap\u0131lacak yerel se\u00e7imlerden yakla\u015f\u0131k bir hafta sonra, <b>12 veya 13 May\u0131s<\/b> tarihlerinde ger\u00e7ekle\u015ftirilecek.<\/p>\n<p data-path-to-node=\"3\">May\u0131s ay\u0131nda yap\u0131lacak se\u00e7imler, <b>\u0130sko\u00e7ya Parlamentosu<\/b> ve <b>Galler Senedd<\/b>\u2019inin yan\u0131 s\u0131ra \u0130ngiltere\u2019deki binlerce belediye meclisi koltu\u011funu ve do\u011frudan se\u00e7ilen baz\u0131 \u00f6nemli belediye ba\u015fkanl\u0131klar\u0131n\u0131 kaps\u0131yor.<\/p><div id=\"briti-1228175807\" class=\"briti-icerik\" style=\"margin-top: 5px;margin-bottom: 5px;\"><a href=\"https:\/\/piaryum.com\/services\/\" aria-label=\"piaryum banner\"><img loading=\"lazy\" decoding=\"async\" src=\"https:\/\/by-tv.co.uk\/wp-content\/uploads\/2025\/12\/Gemini_Generated_Image_g5yqr1g5yqr1g5yq.jpg\" alt=\"\"  width=\"2064\" height=\"1152\"   \/><\/a><\/div>\n<p data-path-to-node=\"4\"><b>Liderlik Tart\u0131\u015fmalar\u0131 ve Strateji<\/b><\/p>\n<p data-path-to-node=\"5\"><b>\u0130\u015f\u00e7i Partisi<\/b> (Labour), sand\u0131ktan beklenen olumsuz sonu\u00e7lara kar\u015f\u0131 haz\u0131rl\u0131kl\u0131 g\u00f6r\u00fcn\u00fcyor. Bir\u00e7ok \u0130\u015f\u00e7i Partisi milletvekili, olas\u0131 k\u00f6t\u00fc sonu\u00e7lar\u0131n <b>Sir Keir Starmer<\/b>\u2019\u0131n liderli\u011fine y\u00f6nelik bir meydan okumay\u0131 tetikleyebilece\u011fi g\u00f6r\u00fc\u015f\u00fcnde.<\/p>\n<p data-path-to-node=\"6\">H\u00fck\u00fcmetten bir kaynak, konu\u015fma tarihinin stratejik \u00f6nemine dikkat \u00e7ekerek durumu \u015f\u00f6yle \u00f6zetledi: <b><i>&#8220;Kral, gelecek y\u0131l ne yapaca\u011f\u0131m\u0131z\u0131 a\u00e7\u0131klamak \u00fczere parlamentoya gelmek \u00fczereyken, birinin Ba\u015fbakan&#8217;a meydan okumas\u0131 \u00e7ok daha zor olacakt\u0131r.&#8221;<\/i><\/b><\/p>\n<p data-path-to-node=\"7\">Ancak baz\u0131 \u00e7evreler, <b>Sir Keir Starmer<\/b>\u2019\u0131n liderli\u011fine y\u00f6nelik tehdit ile konu\u015fma tarihi aras\u0131nda bir ba\u011flant\u0131 oldu\u011fu iddias\u0131na kar\u015f\u0131 \u00e7\u0131k\u0131yor. <b>2022<\/b>, <b>2021<\/b> ve <b>2016<\/b> y\u0131llar\u0131nda da konu\u015fman\u0131n yerel se\u00e7imlerin yap\u0131ld\u0131\u011f\u0131 May\u0131s ay\u0131nda ger\u00e7ekle\u015fti\u011fi ve bunun ola\u011fan bir takvim oldu\u011fu hat\u0131rlat\u0131l\u0131yor.<\/p>\n<p data-path-to-node=\"8\"><b>Bakanlar Yeni Yasalar \u0130\u00e7in Haz\u0131r<\/b><\/p>\n<p data-path-to-node=\"9\">Kral\u2019\u0131n Konu\u015fmas\u0131, Parlamento&#8217;nun devlet a\u00e7\u0131l\u0131\u015f\u0131n\u0131n bir par\u00e7as\u0131 olarak kabul ediliyor ve genellikle bir y\u0131l s\u00fcren yasama oturumunun ba\u015flang\u0131c\u0131n\u0131 i\u015faret ediyor. Temmuz 2024 genel se\u00e7imlerinden sonra ba\u015flayan mevcut oturum ise s\u00fcresi bak\u0131m\u0131ndan olduk\u00e7a uzun tutuldu.<\/p>\n<p data-path-to-node=\"10\">Kabine bakanlar\u0131, <b>Kral\u2019\u0131n Konu\u015fmas\u0131<\/b>&#8216;na dahil edilmesini istedikleri yasalar i\u00e7in resmi &#8220;teklif verme&#8221; s\u00fcrecini Ekim ay\u0131 ba\u015flar\u0131nda ba\u015flatm\u0131\u015ft\u0131. Bir kayna\u011fa g\u00f6re, \u00e7o\u011fu bakan art\u0131k <b>Sir Keir Starmer<\/b>\u2019\u0131n May\u0131s sonras\u0131 ajandas\u0131na hangi yasa tasar\u0131lar\u0131n\u0131 dahil etmek istedi\u011fini biliyor.<\/p>\n<p data-path-to-node=\"11\">H\u00fck\u00fcmet taraf\u0131ndan yaz\u0131lan ancak <b>Lordlar Kamaras\u0131<\/b>&#8216;ndaki tahttan H\u00fck\u00fcmdar taraf\u0131ndan okunan bu konu\u015fma, h\u00fck\u00fcmetin \u00f6n\u00fcm\u00fczdeki d\u00f6nemde ge\u00e7irmeyi planlad\u0131\u011f\u0131 yasalar\u0131 \u00f6zetliyor.<\/p>\n<\/div>\n<\/div>\n<div id=\"briti-603956612\" class=\"briti-icerikten-sonra_2\" style=\"margin-top: 25px;margin-bottom: 25px;\"><a href=\"https:\/\/wa.me\/message\/NDZLLIOQT4H3O1\" aria-label=\"bytv reklam banner\"><img loading=\"lazy\" decoding=\"async\" src=\"https:\/\/by-tv.co.uk\/wp-content\/uploads\/2025\/12\/bytv-reklam-banner.jpg\" alt=\"\"  width=\"2376\" height=\"1008\"   \/><\/a><\/div>","protected":false},"excerpt":{"rendered":"<p>\u0130ngiltere Ba\u015fbakan\u0131 Sir Keir Starmer, h\u00fck\u00fcmetinin bir sonraki a\u015famas\u0131na dair ajandas\u0131n\u0131 May\u0131s ay\u0131ndaki kritik se\u00e7imlerin hemen ard\u0131ndan a\u00e7\u0131klamaya haz\u0131rlan\u0131yor. H\u00fck\u00fcmet, yeni yasama y\u0131l\u0131 planlar\u0131n\u0131 duyurmak i\u00e7in haz\u0131rl\u0131klar\u0131n\u0131 h\u0131zland\u0131rd\u0131. BBC\u2019nin haberine g\u00f6re, Kral\u2019\u0131n Konu\u015fmas\u0131 (The King&#8217;s Speech) gelecek y\u0131l 7 May\u0131s&#8216;ta Birle\u015fik Krall\u0131k genelinde yap\u0131lacak yerel se\u00e7imlerden yakla\u015f\u0131k bir hafta sonra, 12 veya 13 May\u0131s tarihlerinde ger\u00e7ekle\u015ftirilecek. May\u0131s ay\u0131nda yap\u0131lacak se\u00e7imler, \u0130sko\u00e7ya Parlamentosu ve Galler Senedd\u2019inin yan\u0131 s\u0131ra \u0130ngiltere\u2019deki binlerce belediye meclisi koltu\u011funu ve do\u011frudan se\u00e7ilen baz\u0131 \u00f6nemli belediye ba\u015fkanl\u0131klar\u0131n\u0131 kaps\u0131yor. Liderlik Tart\u0131\u015fmalar\u0131 ve Strateji \u0130\u015f\u00e7i Partisi (Labour), sand\u0131ktan beklenen olumsuz sonu\u00e7lara kar\u015f\u0131 haz\u0131rl\u0131kl\u0131 g\u00f6r\u00fcn\u00fcyor. Bir\u00e7ok \u0130\u015f\u00e7i Partisi milletvekili, olas\u0131 k\u00f6t\u00fc [&hellip;]<\/p>\n","protected":false},"author":11,"featured_media":26388,"comment_status":"open","ping_status":"open","sticky":false,"template":"","format":"standard","meta":{"ngg_post_thumbnail":0,"footnotes":""},"categories":[15],"tags":[],"class_list":["post-34429","post","type-post","status-publish","format-standard","has-post-thumbnail","hentry","category-ingiltere"],"_links":{"self":[{"href":"https:\/\/by-tv.co.uk\/en\/wp-json\/wp\/v2\/posts\/34429","targetHints":{"allow":["GET"]}}],"collection":[{"href":"https:\/\/by-tv.co.uk\/en\/wp-json\/wp\/v2\/posts"}],"about":[{"href":"https:\/\/by-tv.co.uk\/en\/wp-json\/wp\/v2\/types\/post"}],"author":[{"embeddable":true,"href":"https:\/\/by-tv.co.uk\/en\/wp-json\/wp\/v2\/users\/11"}],"replies":[{"embeddable":true,"href":"https:\/\/by-tv.co.uk\/en\/wp-json\/wp\/v2\/comments?post=34429"}],"version-history":[{"count":2,"href":"https:\/\/by-tv.co.uk\/en\/wp-json\/wp\/v2\/posts\/34429\/revisions"}],"predecessor-version":[{"id":34435,"href":"https:\/\/by-tv.co.uk\/en\/wp-json\/wp\/v2\/posts\/34429\/revisions\/34435"}],"wp:featuredmedia":[{"embeddable":true,"href":"https:\/\/by-tv.co.uk\/en\/wp-json\/wp\/v2\/media\/26388"}],"wp:attachment":[{"href":"https:\/\/by-tv.co.uk\/en\/wp-json\/wp\/v2\/media?parent=34429"}],"wp:term":[{"taxonomy":"category","embeddable":true,"href":"https:\/\/by-tv.co.uk\/en\/wp-json\/wp\/v2\/categories?post=34429"},{"taxonomy":"post_tag","embeddable":true,"href":"https:\/\/by-tv.co.uk\/en\/wp-json\/wp\/v2\/tags?post=34429"}],"curies":[{"name":"wp","href":"https:\/\/api.w.org\/{rel}","templated":true}]}}