{"id":34104,"date":"2025-12-11T21:01:49","date_gmt":"2025-12-11T21:01:49","guid":{"rendered":"https:\/\/by-tv.co.uk\/?p=34104"},"modified":"2025-12-11T21:07:07","modified_gmt":"2025-12-11T21:07:07","slug":"ingilterede-ogrenci-konaklamasinda-buyuk-donusum-aile-yanindan-5-yildizli-yurtlara","status":"publish","type":"post","link":"https:\/\/by-tv.co.uk\/en\/ingilterede-ogrenci-konaklamasinda-buyuk-donusum-aile-yanindan-5-yildizli-yurtlara\/","title":{"rendered":"\u0130ngiltere\u2019de \u00d6\u011frenci Konaklamas\u0131nda B\u00fcy\u00fck D\u00f6n\u00fc\u015f\u00fcm: Aile Yan\u0131ndan 5 Y\u0131ld\u0131zl\u0131 Yurtlara!"},"content":{"rendered":"<p><iframe loading=\"lazy\" title=\"\u0130ngiltere\u2019de \u00d6\u011frenci Konaklamas\u0131nda B\u00fcy\u00fck D\u00f6n\u00fc\u015f\u00fcm: Aile Yan\u0131ndan 5 Y\u0131ld\u0131zl\u0131 Yurtlara!\" src=\"https:\/\/www.youtube.com\/embed\/S8xUlljd-pY\" width=\"864\" height=\"486\" frameborder=\"0\" allowfullscreen=\"allowfullscreen\"><\/iframe>\u0130ngiltere, uluslararas\u0131 \u00f6\u011frenciler i\u00e7in d\u00fcnyan\u0131n en cazip e\u011fitim merkezlerinden biri olmay\u0131 s\u00fcrd\u00fcr\u00fcrken, konaklama tercihleri de h\u0131zla de\u011fi\u015fiyor. Eskiden yayg\u0131n olan \u201chost family\u201d modeli yerini, sosyal alanlar\u0131 ve g\u00fcvenli\u011fi \u00f6ne \u00e7\u0131kan, otel standard\u0131nda \u00f6\u011frenci yurtlar\u0131na b\u0131rak\u0131yor.<\/p>\n<div id=\"attachment_33251\" style=\"width: 2570px\" class=\"wp-caption alignnone\"><img loading=\"lazy\" decoding=\"async\" aria-describedby=\"caption-attachment-33251\" class=\"size-full wp-image-33251\" src=\"https:\/\/by-tv.co.uk\/wp-content\/uploads\/2025\/09\/2025-Kings-Award-for-Enterprise-3-scaled.jpg\" alt=\"\" width=\"2560\" height=\"1440\" title=\"\"><p id=\"caption-attachment-33251\" class=\"wp-caption-text\">Entrepreneur As\u0131m Ert\u00fcrk\u2019s Londonist DMC Honoured with King\u2019s Award for Enterprise<\/p><\/div>\n<p><b>\u0130ngiltere&#8217;nin \u00f6nde gelen \u00f6\u011frenci konaklama firmas\u0131 <a href=\"https:\/\/londonist.co.uk\/\" target=\"_blank\" rel=\"noopener\">Londonist<\/a> DMC&#8217;nin kurucusu ve CEO&#8217;su As\u0131m Ert\u00fcrk<\/b>&nbsp;BYTV\u2019nin&nbsp;<strong>\u201cAylin Alkan ile Global A\u00e7\u0131l\u0131m\u201d<\/strong> program\u0131nda \u0130ngiltere\u2019deki e\u011fitim ve konaklama sekt\u00f6r\u00fcndeki bu d\u00f6n\u00fc\u015f\u00fcm\u00fc, kendi giri\u015fimcilik yolculu\u011fu \u00fczerinden anlatt\u0131. Sunuculu\u011funu<strong> Sistem Global Global Deskler Koordinat\u00f6r\u00fc Uluslararas\u0131 B\u00fcy\u00fcme Dan\u0131\u015fman\u0131 Aylin Alkan<\/strong>&#8216;\u0131n yapt\u0131\u011f\u0131 ve <strong>Sistem Global<\/strong> katk\u0131lar\u0131yla haz\u0131rlanan ve Londonist Investments Global\u2019in Canary Wharf\u2019taki merkezinde \u00e7ekilen programda, \u00f6\u011frenci konaklamas\u0131nda yeni trendler de ele al\u0131nd\u0131.<\/p>\n<div id=\"attachment_34106\" style=\"width: 2570px\" class=\"wp-caption alignnone\"><img loading=\"lazy\" decoding=\"async\" aria-describedby=\"caption-attachment-34106\" class=\"size-full wp-image-34106\" src=\"https:\/\/by-tv.co.uk\/wp-content\/uploads\/2025\/12\/aylin-alkan-2-scaled.jpg\" alt=\"\" width=\"2560\" height=\"1707\" title=\"\"><p id=\"caption-attachment-34106\" class=\"wp-caption-text\">Sistem Global Global Deskler Koordinat\u00f6r\u00fc Uluslararas\u0131 B\u00fcy\u00fcme Dan\u0131\u015fman\u0131 Aylin Alkan<\/p><\/div>\n<p>Ert\u00fcrk, 2006\u2019da dil e\u011fitimi i\u00e7in geldi\u011fi Londra\u2019da \u00f6\u011frencilerin konaklamada ya\u015fad\u0131\u011f\u0131 zorluklar\u0131 g\u00f6zlemledi\u011fini, 2013\u2019te kurdu\u011fu <a href=\"https:\/\/by-tv.co.uk\/en\/?s=londonist\"><strong>Londonist<\/strong><\/a> ile bu alana odakland\u0131\u011f\u0131n\u0131 belirtiyor. Bug\u00fcn \u015firket, \u0130ngiltere genelinde <strong>30\u2019un \u00fczerinde lokasyonda<\/strong>, y\u0131lda <strong>10\u201315 bin<\/strong> \u00f6\u011frenciye konaklama ve ek hizmetler sunuyor; <strong>2000\u2019in \u00fczerinde oday\u0131<\/strong> y\u00f6netiyor ve yakla\u015f\u0131k <strong>170 \u00fclkeden<\/strong> \u00f6\u011frenci a\u011f\u0131rl\u0131yor.<\/p><div id=\"briti-2318790326\" class=\"briti-icerik\" style=\"margin-top: 5px;margin-bottom: 5px;\"><a href=\"https:\/\/piaryum.com\/services\/\" aria-label=\"piaryum banner\"><img loading=\"lazy\" decoding=\"async\" src=\"https:\/\/by-tv.co.uk\/wp-content\/uploads\/2025\/12\/Gemini_Generated_Image_g5yqr1g5yqr1g5yq.jpg\" alt=\"\"  width=\"2064\" height=\"1152\"   \/><\/a><\/div>\n<p><img loading=\"lazy\" decoding=\"async\" class=\"alignnone size-full wp-image-24280\" src=\"https:\/\/by-tv.co.uk\/wp-content\/uploads\/2024\/03\/Londonist-DMC-3.jpg\" alt=\"\" width=\"1600\" height=\"1068\" title=\"\"><\/p>\n<h4><strong>\u00d6\u011frenci ekonomisi, \u0130ngiltere\u2019nin ilk 5 gelir kalemi aras\u0131nda<\/strong><\/h4>\n<p>Ert\u00fcrk\u2019e g\u00f6re her y\u0131l yurt d\u0131\u015f\u0131ndan <strong>700\u2013800 bine yak\u0131n \u00f6\u011frenci<\/strong> \u0130ngiltere\u2019ye geliyor ve bu ak\u0131\u015f, \u00fclke ekonomisinde \u00f6\u011frenci harcamalar\u0131n\u0131 <strong>ilk 5 kalem<\/strong> aras\u0131na ta\u015f\u0131yor. Baz\u0131 \u00fcniversitelerde b\u00fct\u00e7enin <strong>%60\u2013%70\u2019inin<\/strong> uluslararas\u0131 \u00f6\u011frencilerden gelen gelirle kar\u015f\u0131land\u0131\u011f\u0131n\u0131 vurgulayan Ert\u00fcrk, e\u011fitim kadar konaklaman\u0131n da ba\u015far\u0131 \u00fczerinde belirleyici oldu\u011funun alt\u0131n\u0131 \u00e7iziyor.<\/p>\n<p><img loading=\"lazy\" decoding=\"async\" class=\"alignnone size-full wp-image-34108\" src=\"https:\/\/by-tv.co.uk\/wp-content\/uploads\/2025\/12\/asim-erturk-aylin-alkan-2.jpg\" alt=\"\" width=\"1920\" height=\"1080\" title=\"\"><\/p>\n<p>\u00d6\u011frencinin \u00e7o\u011fu zaman okulla ilgili de\u011fil, kald\u0131\u011f\u0131 yerle ilgili sorun ya\u015fad\u0131\u011f\u0131n\u0131 hat\u0131rlatan Ert\u00fcrk, \u201cKonaklamada ya\u015fanan problem, \u00f6\u011frencinin psikolojisini ve akademik performans\u0131n\u0131 do\u011frudan etkiliyor\u201d diyerek ailelerin bu s\u00fcreci ciddiyetle planlamas\u0131 gerekti\u011fini ifade ediyor.<\/p>\n<h4><strong>T\u00fcrk \u00f6\u011frencilerin say\u0131s\u0131 ve al\u0131m g\u00fcc\u00fc h\u0131zla art\u0131yor<\/strong><\/h4>\n<p><strong>UCAS<\/strong> verilerine at\u0131f yapan Ert\u00fcrk, son d\u00f6nemde T\u00fcrkiye\u2019den \u0130ngiltere\u2019ye gelen \u00f6\u011frenci ba\u015fvurular\u0131nda <strong>%36<\/strong>, kabul edilen \u00f6\u011frenci say\u0131s\u0131nda ise <strong>%23<\/strong> art\u0131\u015f ya\u015fand\u0131\u011f\u0131n\u0131 aktar\u0131yor. \u00dcstelik sadece say\u0131 de\u011fil, T\u00fcrk \u00f6\u011frencilerin <strong>sat\u0131n alma g\u00fcc\u00fc<\/strong> de y\u00fckselmi\u015f durumda.<\/p>\n<div id=\"attachment_34107\" style=\"width: 1930px\" class=\"wp-caption alignnone\"><img loading=\"lazy\" decoding=\"async\" aria-describedby=\"caption-attachment-34107\" class=\"size-full wp-image-34107\" src=\"https:\/\/by-tv.co.uk\/wp-content\/uploads\/2025\/12\/asim-erturk-2.jpg\" alt=\"\" width=\"1920\" height=\"1080\" title=\"\"><p id=\"caption-attachment-34107\" class=\"wp-caption-text\">Londonist DMC&#8217;nin kurucusu ve CEO&#8217;su As\u0131m Ert\u00fcrk<\/p><\/div>\n<p>Bir \u00f6\u011frencinin y\u0131ll\u0131k okul, konaklama, ya\u015fam ve seyahat dahil toplam maliyetinin art\u0131k <strong>en az 50\u201360 bin sterlin<\/strong> seviyesine \u00e7\u0131kt\u0131\u011f\u0131n\u0131 belirten Ert\u00fcrk, T\u00fcrk \u00f6\u011frencilerin \u00f6nceki y\u0131llara g\u00f6re daha merkezi ve y\u00fcksek standartl\u0131 se\u00e7enekleri tercih etti\u011fini s\u00f6yl\u00fcyor. <strong>UCL, King\u2019s College, Imperial, LSE<\/strong> gibi \u00fcniversitelerde okuyan T\u00fcrk \u00f6\u011frenci say\u0131s\u0131n\u0131n artt\u0131\u011f\u0131n\u0131, bu nedenle <strong>Paddington, Chelsea, Battersea, South Bank<\/strong> gibi g\u00fcvenli ve okullara yak\u0131n b\u00f6lgelerdeki yurt ve dairelere talebin y\u00fckseldi\u011fini ifade ediyor.<\/p>\n<div id=\"attachment_33850\" style=\"width: 1930px\" class=\"wp-caption alignnone\"><img loading=\"lazy\" decoding=\"async\" aria-describedby=\"caption-attachment-33850\" class=\"size-full wp-image-33850\" src=\"https:\/\/by-tv.co.uk\/wp-content\/uploads\/2025\/11\/HDMI.00_17_10_07.Still081.jpg\" alt=\"\" width=\"1920\" height=\"1080\" title=\"\"><p id=\"caption-attachment-33850\" class=\"wp-caption-text\">@bytvcouk<\/p><\/div>\n<p>Oda tiplerinde ise T\u00fcrk \u00f6\u011frencilerin \u00e7o\u011funlukla <strong>studio<\/strong> veya <strong>en-suite<\/strong> odalar\u0131 tercih etti\u011fi; payla\u015f\u0131ml\u0131 odalara ilginin olduk\u00e7a azald\u0131\u011f\u0131 belirtiliyor. Bir\u00e7ok aile, \u00f6\u011frencinin ilk y\u0131l yurtta kalmas\u0131n\u0131, sonras\u0131nda arkada\u015f \u00e7evresi ve \u015fehri tan\u0131d\u0131ktan sonra eve \u00e7\u0131kmas\u0131n\u0131 daha sa\u011fl\u0131kl\u0131 bir model olarak g\u00f6r\u00fcyor.<\/p>\n<h4><strong>Londonist\u2019in fark\u0131: Teknoloji, operasyon ve T\u00fcrk misafirperverli\u011fi<\/strong><\/h4>\n<p><strong>As\u0131m Ert\u00fcrk<\/strong>, <strong>Londonist DMC<\/strong>\u2019nin ba\u015far\u0131s\u0131nda iki temel eksenin \u00f6ne \u00e7\u0131kt\u0131\u011f\u0131n\u0131 vurguluyor: <strong>teknoloji yat\u0131r\u0131mlar\u0131<\/strong> ve g\u00fc\u00e7l\u00fc <strong>operasyon a\u011f\u0131<\/strong>. \u015eirketin merkezile\u015ftirilmi\u015f bir <strong>7\/24 m\u00fc\u015fteri destek ekibi<\/strong> bulunuyor; gelen taleplerin yakla\u015f\u0131k <strong>%30\u2019u<\/strong> ilk a\u015famada yapay zek\u00e2 ile kar\u015f\u0131lan\u0131yor ve do\u011fru birime y\u00f6nlendiriliyor.<\/p>\n<p>\u00d6te yandan Do\u011fu Londra\u2019daki b\u00fcy\u00fck depoda, T\u00fcrkiye\u2019den getirilen ev tekstili \u00fcr\u00fcnleri ve <strong>Arzum<\/strong> markal\u0131 elektrikli ev aletleriyle odalar donat\u0131l\u0131yor; temizlik ve \u00e7ama\u015f\u0131rhane hizmeti de \u015firketin kendi ekipleri taraf\u0131ndan y\u00fcr\u00fct\u00fcl\u00fcyor. Ert\u00fcrk, \u00f6\u011frencileri <strong>\u201cm\u00fc\u015fteri\u201d de\u011fil \u201cmisafir\u201d<\/strong> olarak g\u00f6rd\u00fcklerini, \u201cguest journey\u201d yakla\u015f\u0131m\u0131yla otelcilik standartlar\u0131n\u0131 \u00f6\u011frenci konaklamas\u0131na ta\u015f\u0131may\u0131 hedeflediklerini s\u00f6yl\u00fcyor.<\/p>\n<h4><strong>Giri\u015fimcilere mesaj: \u0130ngiltere\u2019de \u0130ngiliz gibi ya\u015fay\u0131n<\/strong><\/h4>\n<p>Bu y\u0131l <strong>\u201cTop 100 Influential People\u201d<\/strong> listesine giren ve <strong>\u201cThe King\u2019s Award for Enterprise and International Trade\u201d<\/strong> \u00f6d\u00fcl\u00fcn\u00fc alan <strong>As\u0131m Ert\u00fcrk<\/strong>, farkl\u0131 k\u00fclt\u00fcrlerde i\u015f yapmak isteyen giri\u015fimcilere de mesajlar verdi.<\/p>\n<p>Ert\u00fcrk, \u0130ngiltere\u2019de ba\u015far\u0131l\u0131 olmak i\u00e7in \u201c\u0130ngiltere\u2019de <strong>\u0130ngiliz gibi ya\u015famak<\/strong>, \u0130ngiliz k\u00fclt\u00fcr\u00fcn\u00fc ve i\u015f yapma bi\u00e7imini benimsemek\u201d gerekti\u011fini vurguluyor. Giri\u015fimcilikte hayalin \u00f6nemli oldu\u011funu ancak <strong>bilimsel yakla\u015f\u0131m, planlama, teknoloji, pazarlama ve estetik<\/strong> boyutlar\u0131n\u0131n ihmal edilmemesi gerekti\u011fini belirtiyor.<\/p>\n<p>S\u00fcrekli <strong>inovasyon<\/strong>, g\u00fc\u00e7l\u00fc <strong>marka esteti\u011fi<\/strong>, tutarl\u0131 ileti\u015fim dili ve \u00f6zellikle de \u00f6\u011frencilerle \u00e7al\u0131\u015f\u0131rken <strong>\u201cemotional value\u201d<\/strong> yaratman\u0131n \u00f6nemine dikkat \u00e7eken Ert\u00fcrk, <strong>s\u00fcrd\u00fcr\u00fclebilirli\u011fi<\/strong> ise \u201cart\u0131k bir tercih de\u011fil, zorunluluk\u201d olarak tan\u0131ml\u0131yor. \u00d6\u011frencilere verilen binlerce kar\u015f\u0131lama paketinde daha az k\u00e2\u011f\u0131t, daha \u00e7ok dijital ve <strong>QR kod<\/strong> kullan\u0131m\u0131 gibi ad\u0131mlar\u0131n, yeni nesilde fark\u0131ndal\u0131k yaratt\u0131\u011f\u0131n\u0131 s\u00f6yl\u00fcyor.<\/p>\n<p>Ert\u00fcrk, t\u00fcm bu unsurlar birle\u015fti\u011finde hem \u00f6\u011frenciler hem aileler hem de giri\u015fimciler i\u00e7in daha sa\u011flam ve s\u00fcrd\u00fcr\u00fclebilir bir ekosistem olu\u015ftu\u011funu ifade ediyor.<\/p>\n<div id=\"briti-4129349906\" class=\"briti-icerikten-sonra_2\" style=\"margin-top: 25px;margin-bottom: 25px;\"><a href=\"https:\/\/wa.me\/message\/NDZLLIOQT4H3O1\" aria-label=\"bytv reklam banner\"><img loading=\"lazy\" decoding=\"async\" src=\"https:\/\/by-tv.co.uk\/wp-content\/uploads\/2025\/12\/bytv-reklam-banner.jpg\" alt=\"\"  width=\"2376\" height=\"1008\"   \/><\/a><\/div>","protected":false},"excerpt":{"rendered":"<p>\u0130ngiltere, uluslararas\u0131 \u00f6\u011frenciler i\u00e7in d\u00fcnyan\u0131n en cazip e\u011fitim merkezlerinden biri olmay\u0131 s\u00fcrd\u00fcr\u00fcrken, konaklama tercihleri de h\u0131zla de\u011fi\u015fiyor. Eskiden yayg\u0131n olan \u201chost family\u201d modeli yerini, sosyal alanlar\u0131 ve g\u00fcvenli\u011fi \u00f6ne \u00e7\u0131kan, otel standard\u0131nda \u00f6\u011frenci yurtlar\u0131na b\u0131rak\u0131yor. \u0130ngiltere&#8217;nin \u00f6nde gelen \u00f6\u011frenci konaklama firmas\u0131 Londonist DMC&#8217;nin kurucusu ve CEO&#8217;su As\u0131m Ert\u00fcrk&nbsp;BYTV\u2019nin&nbsp;\u201cAylin Alkan ile Global A\u00e7\u0131l\u0131m\u201d program\u0131nda \u0130ngiltere\u2019deki e\u011fitim ve konaklama sekt\u00f6r\u00fcndeki bu d\u00f6n\u00fc\u015f\u00fcm\u00fc, kendi giri\u015fimcilik yolculu\u011fu \u00fczerinden anlatt\u0131. Sunuculu\u011funu Sistem Global Global Deskler Koordinat\u00f6r\u00fc Uluslararas\u0131 B\u00fcy\u00fcme Dan\u0131\u015fman\u0131 Aylin Alkan&#8216;\u0131n yapt\u0131\u011f\u0131 ve Sistem Global katk\u0131lar\u0131yla haz\u0131rlanan ve Londonist Investments Global\u2019in Canary Wharf\u2019taki merkezinde \u00e7ekilen programda, \u00f6\u011frenci konaklamas\u0131nda yeni trendler de ele al\u0131nd\u0131. Ert\u00fcrk, 2006\u2019da [&hellip;]<\/p>\n","protected":false},"author":1,"featured_media":34105,"comment_status":"open","ping_status":"open","sticky":false,"template":"","format":"video","meta":{"ngg_post_thumbnail":0,"footnotes":""},"categories":[5269],"tags":[4992,5384,149,5386,5385],"class_list":["post-34104","post","type-post","status-publish","format-video","has-post-thumbnail","hentry","category-birlesik-krallik","tag-asim-erturk","tag-aylin-alkan","tag-ingiltere","tag-ogrenci-konaklamasi","tag-sistem-global","post_format-post-format-video"],"_links":{"self":[{"href":"https:\/\/by-tv.co.uk\/en\/wp-json\/wp\/v2\/posts\/34104","targetHints":{"allow":["GET"]}}],"collection":[{"href":"https:\/\/by-tv.co.uk\/en\/wp-json\/wp\/v2\/posts"}],"about":[{"href":"https:\/\/by-tv.co.uk\/en\/wp-json\/wp\/v2\/types\/post"}],"author":[{"embeddable":true,"href":"https:\/\/by-tv.co.uk\/en\/wp-json\/wp\/v2\/users\/1"}],"replies":[{"embeddable":true,"href":"https:\/\/by-tv.co.uk\/en\/wp-json\/wp\/v2\/comments?post=34104"}],"version-history":[{"count":3,"href":"https:\/\/by-tv.co.uk\/en\/wp-json\/wp\/v2\/posts\/34104\/revisions"}],"predecessor-version":[{"id":34111,"href":"https:\/\/by-tv.co.uk\/en\/wp-json\/wp\/v2\/posts\/34104\/revisions\/34111"}],"wp:featuredmedia":[{"embeddable":true,"href":"https:\/\/by-tv.co.uk\/en\/wp-json\/wp\/v2\/media\/34105"}],"wp:attachment":[{"href":"https:\/\/by-tv.co.uk\/en\/wp-json\/wp\/v2\/media?parent=34104"}],"wp:term":[{"taxonomy":"category","embeddable":true,"href":"https:\/\/by-tv.co.uk\/en\/wp-json\/wp\/v2\/categories?post=34104"},{"taxonomy":"post_tag","embeddable":true,"href":"https:\/\/by-tv.co.uk\/en\/wp-json\/wp\/v2\/tags?post=34104"}],"curies":[{"name":"wp","href":"https:\/\/api.w.org\/{rel}","templated":true}]}}