{"id":34057,"date":"2025-12-09T20:25:11","date_gmt":"2025-12-09T20:25:11","guid":{"rendered":"https:\/\/by-tv.co.uk\/?p=34057"},"modified":"2025-12-09T20:25:11","modified_gmt":"2025-12-09T20:25:11","slug":"ingilterede-haneharcamalarinda-bes-yilin-en-hizli-dususu","status":"publish","type":"post","link":"https:\/\/by-tv.co.uk\/en\/ingilterede-haneharcamalarinda-bes-yilin-en-hizli-dususu\/","title":{"rendered":"\u0130ngiltere&#8217;de Haneharcamalar\u0131nda Be\u015f Y\u0131l\u0131n En H\u0131zl\u0131 D\u00fc\u015f\u00fc\u015f\u00fc"},"content":{"rendered":"<p>Birle\u015fik Krall\u0131k hanehalklar\u0131, <strong>kas\u0131m ay\u0131nda harcamalar\u0131n\u0131 neredeyse be\u015f y\u0131l\u0131n en h\u0131zl\u0131 temposuyla azaltt\u0131<\/strong>. <em>The Guardian\u2019\u0131n haberine g\u00f6re<\/em> Barclays, y\u0131ll\u0131k kart harcamalar\u0131n\u0131n <strong>%1,1 d\u00fc\u015ft\u00fc\u011f\u00fcn\u00fc<\/strong> ve bunun \u015eubat 2021\u2019den bu yana g\u00f6r\u00fclen en sert daralma oldu\u011funu bildirdi. Bankaya g\u00f6re t\u00fcketiciler, Noel al\u0131\u015fveri\u015flerini erteledi ve b\u00fct\u00e7e d\u00f6nemine ili\u015fkin belirsizlik harcama i\u015ftah\u0131n\u0131 olumsuz etkiledi.<\/p>\n<h4>Black Friday etkisi zay\u0131f kald\u0131<\/h4>\n<p>Barclays, Black Friday g\u00fcn\u00fcnde i\u015flem hacimlerinin 2025 ortalamas\u0131na g\u00f6re <strong>%62,5 artt\u0131\u011f\u0131n\u0131<\/strong> ancak bunun genel harcama trendini tersine \u00e7evirmeye yetmedi\u011fini belirtti. <strong>British Retail Consortium (BRC)<\/strong> ve <strong>KPMG<\/strong> ise Black Friday\u2019in bu y\u0131l \u201cal\u0131\u015fveri\u015f\u00e7ilerdeki tedirginlik\u201d nedeniyle daha s\u0131n\u0131rl\u0131 bir etki yaratt\u0131\u011f\u0131n\u0131 a\u00e7\u0131klad\u0131.<\/p>\n<p>BRC\u2019ye g\u00f6re kas\u0131m ay\u0131 genel sat\u0131\u015flar\u0131 ge\u00e7en y\u0131la g\u00f6re \u0131l\u0131ml\u0131 bir art\u0131\u015f g\u00f6sterdi ve art\u0131\u015f\u0131n \u00f6nemli b\u00f6l\u00fcm\u00fc <strong>g\u0131da harcamalar\u0131ndaki %3\u2019l\u00fck y\u00fckseli\u015ften<\/strong> geldi. Ancak bu art\u0131\u015f, <strong>%3,6\u2019l\u0131k enflasyon oran\u0131n\u0131n alt\u0131nda<\/strong> kald\u0131. G\u0131da d\u0131\u015f\u0131 \u00fcr\u00fcnlerde y\u0131ll\u0131k art\u0131\u015f yaln\u0131zca <strong>%0,1<\/strong> oldu.<\/p><div id=\"briti-2689546931\" class=\"briti-icerik\" style=\"margin-top: 5px;margin-bottom: 5px;\"><a href=\"https:\/\/piaryum.com\/services\/\" aria-label=\"piaryum banner\"><img loading=\"lazy\" decoding=\"async\" src=\"https:\/\/by-tv.co.uk\/wp-content\/uploads\/2025\/12\/Gemini_Generated_Image_g5yqr1g5yqr1g5yq.jpg\" alt=\"\"  width=\"2064\" height=\"1152\"   \/><\/a><\/div>\n<h4>\u201cB\u00fct\u00e7e \u00f6ncesi aylar t\u00fcketiciyi tedirgin etti\u201d<\/h4>\n<p>Muhalefet partileri, aylar s\u00fcren b\u00fct\u00e7e beklentilerinin t\u00fcketici g\u00fcvenini zay\u0131flatt\u0131\u011f\u0131 gerek\u00e7esiyle <strong>Maliye Bakan\u0131 Rachel Reeves\u2019i<\/strong> ele\u015ftiriyor. Reeves, \u00f6zellikle orta \u00f6l\u00e7ekli perakendecilerin tepki g\u00f6sterdi\u011fi <strong>i\u015fletme oranlar\u0131<\/strong> d\u00fczenlemesini yeniden de\u011ferlendirmesi i\u00e7in bask\u0131 alt\u0131nda.<\/p>\n<p>Barclays verilerine g\u00f6re kas\u0131m ay\u0131nda <strong>pub harcamalar\u0131 %1,5 geriledi<\/strong>. Bankan\u0131n 2.000 yeti\u015fkinle yapt\u0131\u011f\u0131 ankete g\u00f6re, 18-34 ya\u015f grubunun <strong>%42\u2019si alkols\u00fcz i\u00e7ecekleri<\/strong>, <strong>%40\u2019\u0131 ise alkols\u00fcz etkinlikleri<\/strong> tercih etti.<\/p>\n<p>Ara\u015ft\u0131rma, t\u00fcketicilerin genel ekonomi konusundaki g\u00fcveninin kas\u0131mda \u201c<strong>zay\u0131f<\/strong>\u201d kald\u0131\u011f\u0131n\u0131, buna kar\u015f\u0131n ki\u015fisel mali durumlar\u0131na ili\u015fkin g\u00fcvenlerinin biraz artt\u0131\u011f\u0131n\u0131 g\u00f6sterdi.<\/p>\n<h4>Faiz indirimi beklentisi g\u00fc\u00e7leniyor<\/h4>\n<p>Ekonomik b\u00fcy\u00fcmedeki yava\u015flama, i\u015fsizli\u011fin artmas\u0131 ve fiziksel ma\u011fazalar\u0131n ya\u015fad\u0131\u011f\u0131 zorluklar, <strong>\u0130ngiltere Merkez Bankas\u0131\u2019n\u0131n<\/strong> politika faizini bu ayki toplant\u0131s\u0131nda <strong>%4\u2019ten %3,75\u2019e indirme<\/strong> ihtimalini g\u00fc\u00e7lendirdi.<\/p>\n<p>Kas\u0131m rakamlar\u0131nda olumlu bir tablo da ortaya \u00e7\u0131kt\u0131: Seyahat acenteleri Black Friday sayesinde <strong>%10,7\u2019lik bir art\u0131\u015f<\/strong> yakalad\u0131. Ayr\u0131ca <strong>\u201cStranger Things\u201d ve \u201cPluribus\u201d<\/strong> gibi pop\u00fcler yap\u0131mlar\u0131n etkisiyle dijital aboneliklerde <strong>%3,5<\/strong> art\u0131\u015f g\u00f6r\u00fcld\u00fc. BRC, Noel haz\u0131rl\u0131klar\u0131 nedeniyle <strong>ev dekorasyonu ve d\u00f6\u015feme \u00fcr\u00fcnlerine talebin artt\u0131\u011f\u0131n\u0131<\/strong>, ancak kas\u0131m\u0131n ilk yar\u0131s\u0131ndaki s\u0131cak hava sebebiyle <strong>k\u0131\u015fl\u0131k giyim sat\u0131\u015flar\u0131n\u0131n zay\u0131f seyretti\u011fini<\/strong> belirtti.<\/p>\n<h4>\u201c2025 ekonomik yava\u015flaman\u0131n y\u0131l\u0131 oldu\u201d<\/h4>\n<p>Barclays\u2019in ba\u015fekonomisti <strong>Jack Meaning<\/strong>, \u201cBlack Friday\u2019e ra\u011fmen y\u0131l\u0131n son \u00e7eyre\u011finde harcamalar d\u00fc\u015f\u00fck kald\u0131. <strong>2025 ekonomik bir yava\u015flama y\u0131l\u0131 olarak \u00f6ne \u00e7\u0131kt\u0131<\/strong>,\u201d dedi. Meaning, faiz indirimleri ve d\u00fc\u015fen enflasyonun harcamalar\u0131 tekrar canland\u0131r\u0131p canland\u0131ramayaca\u011f\u0131n\u0131n belirsizli\u011fini korudu\u011funu vurgulad\u0131.<\/p>\n<p>BRC CEO\u2019su <strong>Helen Dickinson<\/strong>, \u201cB\u00fct\u00e7e \u00f6ncesi tedirginlik nedeniyle kas\u0131m ay\u0131 perakendecilerin bekledi\u011fi performans\u0131 sa\u011flamad\u0131. <strong>2026\u2019ya ilerlerken kamu politikalar\u0131n\u0131n t\u00fcketici g\u00fcvenini g\u00fc\u00e7lendirmeye ve i\u015fletme maliyetlerini d\u00fc\u015f\u00fcrmeye odaklanmas\u0131 gerekiyor<\/strong>,\u201d ifadelerini kulland\u0131.<\/p>\n<div id=\"briti-3760476057\" class=\"briti-icerikten-sonra_2\" style=\"margin-top: 25px;margin-bottom: 25px;\"><a href=\"https:\/\/wa.me\/message\/NDZLLIOQT4H3O1\" aria-label=\"bytv reklam banner\"><img loading=\"lazy\" decoding=\"async\" src=\"https:\/\/by-tv.co.uk\/wp-content\/uploads\/2025\/12\/bytv-reklam-banner.jpg\" alt=\"\"  width=\"2376\" height=\"1008\"   \/><\/a><\/div>","protected":false},"excerpt":{"rendered":"<p>Birle\u015fik Krall\u0131k hanehalklar\u0131, kas\u0131m ay\u0131nda harcamalar\u0131n\u0131 neredeyse be\u015f y\u0131l\u0131n en h\u0131zl\u0131 temposuyla azaltt\u0131. The Guardian\u2019\u0131n haberine g\u00f6re Barclays, y\u0131ll\u0131k kart harcamalar\u0131n\u0131n %1,1 d\u00fc\u015ft\u00fc\u011f\u00fcn\u00fc ve bunun \u015eubat 2021\u2019den bu yana g\u00f6r\u00fclen en sert daralma oldu\u011funu bildirdi. Bankaya g\u00f6re t\u00fcketiciler, Noel al\u0131\u015fveri\u015flerini erteledi ve b\u00fct\u00e7e d\u00f6nemine ili\u015fkin belirsizlik harcama i\u015ftah\u0131n\u0131 olumsuz etkiledi. Black Friday etkisi zay\u0131f kald\u0131 Barclays, Black Friday g\u00fcn\u00fcnde i\u015flem hacimlerinin 2025 ortalamas\u0131na g\u00f6re %62,5 artt\u0131\u011f\u0131n\u0131 ancak bunun genel harcama trendini tersine \u00e7evirmeye yetmedi\u011fini belirtti. British Retail Consortium (BRC) ve KPMG ise Black Friday\u2019in bu y\u0131l \u201cal\u0131\u015fveri\u015f\u00e7ilerdeki tedirginlik\u201d nedeniyle daha s\u0131n\u0131rl\u0131 bir etki yaratt\u0131\u011f\u0131n\u0131 a\u00e7\u0131klad\u0131. BRC\u2019ye g\u00f6re kas\u0131m ay\u0131 genel [&hellip;]<\/p>\n","protected":false},"author":1,"featured_media":27464,"comment_status":"open","ping_status":"open","sticky":false,"template":"","format":"standard","meta":{"ngg_post_thumbnail":0,"footnotes":""},"categories":[5269],"tags":[],"class_list":["post-34057","post","type-post","status-publish","format-standard","has-post-thumbnail","hentry","category-birlesik-krallik"],"_links":{"self":[{"href":"https:\/\/by-tv.co.uk\/en\/wp-json\/wp\/v2\/posts\/34057","targetHints":{"allow":["GET"]}}],"collection":[{"href":"https:\/\/by-tv.co.uk\/en\/wp-json\/wp\/v2\/posts"}],"about":[{"href":"https:\/\/by-tv.co.uk\/en\/wp-json\/wp\/v2\/types\/post"}],"author":[{"embeddable":true,"href":"https:\/\/by-tv.co.uk\/en\/wp-json\/wp\/v2\/users\/1"}],"replies":[{"embeddable":true,"href":"https:\/\/by-tv.co.uk\/en\/wp-json\/wp\/v2\/comments?post=34057"}],"version-history":[{"count":1,"href":"https:\/\/by-tv.co.uk\/en\/wp-json\/wp\/v2\/posts\/34057\/revisions"}],"predecessor-version":[{"id":34058,"href":"https:\/\/by-tv.co.uk\/en\/wp-json\/wp\/v2\/posts\/34057\/revisions\/34058"}],"wp:featuredmedia":[{"embeddable":true,"href":"https:\/\/by-tv.co.uk\/en\/wp-json\/wp\/v2\/media\/27464"}],"wp:attachment":[{"href":"https:\/\/by-tv.co.uk\/en\/wp-json\/wp\/v2\/media?parent=34057"}],"wp:term":[{"taxonomy":"category","embeddable":true,"href":"https:\/\/by-tv.co.uk\/en\/wp-json\/wp\/v2\/categories?post=34057"},{"taxonomy":"post_tag","embeddable":true,"href":"https:\/\/by-tv.co.uk\/en\/wp-json\/wp\/v2\/tags?post=34057"}],"curies":[{"name":"wp","href":"https:\/\/api.w.org\/{rel}","templated":true}]}}