{"id":32564,"date":"2025-08-16T09:27:40","date_gmt":"2025-08-16T08:27:40","guid":{"rendered":"https:\/\/by-tv.co.uk\/?p=32564"},"modified":"2025-08-16T09:27:40","modified_gmt":"2025-08-16T08:27:40","slug":"ingilterede-devlet-yardimi-alanlarin-sayisi-rekor-seviyeye-ulasti","status":"publish","type":"post","link":"https:\/\/by-tv.co.uk\/en\/ingilterede-devlet-yardimi-alanlarin-sayisi-rekor-seviyeye-ulasti\/","title":{"rendered":"\u0130ngiltere\u2019de Devlet Yard\u0131m\u0131 Alanlar\u0131n Say\u0131s\u0131 Rekor Seviyeye Ula\u015ft\u0131"},"content":{"rendered":"<p>Birle\u015fik Krall\u0131k&#8217;ta Universal Credit (evrensel kredi) yard\u0131m\u0131ndan yararlanan ki\u015fi say\u0131s\u0131, Temmuz 2025 itibar\u0131yla 8 milyona ula\u015farak sistemin 2013\u2019te y\u00fcr\u00fcrl\u00fc\u011fe girmesinden bu yana en y\u00fcksek seviyeye \u00e7\u0131kt\u0131.<\/p>\n<h4>Bir Y\u0131lda 1 Milyon Ki\u015filik Art\u0131\u015f<\/h4>\n<p><i>G<\/i>e\u00e7ti\u011fimiz y\u0131l\u0131n ayn\u0131 d\u00f6neminde bu yard\u0131m\u0131 alanlar\u0131n say\u0131s\u0131 6,9 milyondu. Son bir y\u0131lda ya\u015fanan bu 1 milyon ki\u015filik art\u0131\u015f, devlet yard\u0131mlar\u0131ndaki bask\u0131n\u0131n h\u0131zla b\u00fcy\u00fcd\u00fc\u011f\u00fcn\u00fc g\u00f6steriyor.<\/p>\n<p>Universal Credit, d\u00fc\u015f\u00fck gelirli \u00e7al\u0131\u015fanlara, i\u015fsizlere ya da \u00e7al\u0131\u015famayacak durumda olan bireylere ya\u015fam masraflar\u0131n\u0131 kar\u015f\u0131lamada destek olmak amac\u0131yla \u00f6deniyor. Ancak bu art\u0131\u015f, b\u00fcy\u00fck \u00f6l\u00e7\u00fcde \u00e7al\u0131\u015fmas\u0131 beklenmeyen gruplardan kaynaklan\u0131yor.<\/p><div id=\"briti-910511107\" class=\"briti-icerik\" style=\"margin-top: 5px;margin-bottom: 5px;\"><a href=\"https:\/\/piaryum.com\/services\/\" aria-label=\"piaryum banner\"><img loading=\"lazy\" decoding=\"async\" src=\"https:\/\/by-tv.co.uk\/wp-content\/uploads\/2025\/12\/Gemini_Generated_Image_g5yqr1g5yqr1g5yq.jpg\" alt=\"\"  width=\"2064\" height=\"1152\"   \/><\/a><\/div>\n<p>Temmuz 2025 itibar\u0131yla 3,7 milyon ki\u015fi, \u00e7al\u0131\u015fmas\u0131 beklenmeyen kategoride yer al\u0131yor. Bu, 2024\u2019e g\u00f6re %39\u2019luk art\u0131\u015fa ve yakla\u015f\u0131k 1 milyon ki\u015filik y\u00fckseli\u015fe i\u015faret ediyor. Bu grupta, tam zamanl\u0131 e\u011fitimde olanlar, emeklilik ya\u015f\u0131n\u0131 ge\u00e7mi\u015f bireyler, bir ya\u015f\u0131ndan k\u00fc\u00e7\u00fck \u00e7ocu\u011fu olanlar ya da \u00e7al\u0131\u015fabilir durumda olmad\u0131\u011f\u0131 de\u011ferlendirilen ki\u015filer bulunuyor.<\/p>\n<h4>H\u00fck\u00fcmet Reform Haz\u0131rl\u0131\u011f\u0131nda<\/h4>\n<p>\u0130\u015f\u00e7i Partisi H\u00fck\u00fcmeti, \u00f6nceki Muhafazak\u00e2r iktidardan \u201cbozulmu\u015f bir sosyal yard\u0131m sistemi ve kontrolden \u00e7\u0131kan bir yard\u0131m b\u00fct\u00e7esi\u201d devrald\u0131\u011f\u0131n\u0131 belirtmi\u015fti. Bu do\u011frultuda, Universal Credit yard\u0131m\u0131 i\u00e7in kimlerin uygun oldu\u011funa dair kurallar\u0131n s\u0131k\u0131la\u015ft\u0131r\u0131lmas\u0131 gibi reformlar planlan\u0131yor.<\/p>\n<p>\u00c7al\u0131\u015fan ki\u015filer aras\u0131nda Universal Credit yard\u0131m\u0131 alanlar\u0131n say\u0131s\u0131 da Temmuz 2025\u2019te 2,2 milyona y\u00fckseldi. Bu rakam, bir \u00f6nceki y\u0131l ayn\u0131 d\u00f6nemde 2,1 milyondu. Ancak bu art\u0131\u015f, \u00e7al\u0131\u015famayan gruptaki y\u00fckseli\u015fle kar\u015f\u0131la\u015ft\u0131r\u0131ld\u0131\u011f\u0131nda olduk\u00e7a s\u0131n\u0131rl\u0131 kald\u0131.<\/p>\n<p>Universal Credit, 2013 y\u0131l\u0131nda \u00e7e\u015fitli sosyal yard\u0131mlar\u0131n tek bir sistem alt\u0131nda toplanmas\u0131 amac\u0131yla uygulamaya konmu\u015ftu. 2025 itibar\u0131yla gelinen nokta, sosyal g\u00fcvenlik sisteminin s\u00fcrd\u00fcr\u00fclebilirli\u011fi konusunda h\u00fck\u00fcmet \u00fczerinde yeni bask\u0131lar olu\u015fturuyor.<\/p>\n<div id=\"briti-3822429245\" class=\"briti-icerikten-sonra_2\" style=\"margin-top: 25px;margin-bottom: 25px;\"><a href=\"https:\/\/wa.me\/message\/NDZLLIOQT4H3O1\" aria-label=\"bytv reklam banner\"><img loading=\"lazy\" decoding=\"async\" src=\"https:\/\/by-tv.co.uk\/wp-content\/uploads\/2025\/12\/bytv-reklam-banner.jpg\" alt=\"\"  width=\"2376\" height=\"1008\"   \/><\/a><\/div>","protected":false},"excerpt":{"rendered":"<p>Birle\u015fik Krall\u0131k&#8217;ta Universal Credit (evrensel kredi) yard\u0131m\u0131ndan yararlanan ki\u015fi say\u0131s\u0131, Temmuz 2025 itibar\u0131yla 8 milyona ula\u015farak sistemin 2013\u2019te y\u00fcr\u00fcrl\u00fc\u011fe girmesinden bu yana en y\u00fcksek seviyeye \u00e7\u0131kt\u0131. Bir Y\u0131lda 1 Milyon Ki\u015filik Art\u0131\u015f Ge\u00e7ti\u011fimiz y\u0131l\u0131n ayn\u0131 d\u00f6neminde bu yard\u0131m\u0131 alanlar\u0131n say\u0131s\u0131 6,9 milyondu. Son bir y\u0131lda ya\u015fanan bu 1 milyon ki\u015filik art\u0131\u015f, devlet yard\u0131mlar\u0131ndaki bask\u0131n\u0131n h\u0131zla b\u00fcy\u00fcd\u00fc\u011f\u00fcn\u00fc g\u00f6steriyor. Universal Credit, d\u00fc\u015f\u00fck gelirli \u00e7al\u0131\u015fanlara, i\u015fsizlere ya da \u00e7al\u0131\u015famayacak durumda olan bireylere ya\u015fam masraflar\u0131n\u0131 kar\u015f\u0131lamada destek olmak amac\u0131yla \u00f6deniyor. Ancak bu art\u0131\u015f, b\u00fcy\u00fck \u00f6l\u00e7\u00fcde \u00e7al\u0131\u015fmas\u0131 beklenmeyen gruplardan kaynaklan\u0131yor. Temmuz 2025 itibar\u0131yla 3,7 milyon ki\u015fi, \u00e7al\u0131\u015fmas\u0131 beklenmeyen kategoride yer al\u0131yor. Bu, 2024\u2019e g\u00f6re %39\u2019luk [&hellip;]<\/p>\n","protected":false},"author":1,"featured_media":24270,"comment_status":"open","ping_status":"open","sticky":false,"template":"","format":"standard","meta":{"ngg_post_thumbnail":0,"footnotes":""},"categories":[5269],"tags":[],"class_list":["post-32564","post","type-post","status-publish","format-standard","has-post-thumbnail","hentry","category-birlesik-krallik"],"_links":{"self":[{"href":"https:\/\/by-tv.co.uk\/en\/wp-json\/wp\/v2\/posts\/32564","targetHints":{"allow":["GET"]}}],"collection":[{"href":"https:\/\/by-tv.co.uk\/en\/wp-json\/wp\/v2\/posts"}],"about":[{"href":"https:\/\/by-tv.co.uk\/en\/wp-json\/wp\/v2\/types\/post"}],"author":[{"embeddable":true,"href":"https:\/\/by-tv.co.uk\/en\/wp-json\/wp\/v2\/users\/1"}],"replies":[{"embeddable":true,"href":"https:\/\/by-tv.co.uk\/en\/wp-json\/wp\/v2\/comments?post=32564"}],"version-history":[{"count":1,"href":"https:\/\/by-tv.co.uk\/en\/wp-json\/wp\/v2\/posts\/32564\/revisions"}],"predecessor-version":[{"id":32565,"href":"https:\/\/by-tv.co.uk\/en\/wp-json\/wp\/v2\/posts\/32564\/revisions\/32565"}],"wp:featuredmedia":[{"embeddable":true,"href":"https:\/\/by-tv.co.uk\/en\/wp-json\/wp\/v2\/media\/24270"}],"wp:attachment":[{"href":"https:\/\/by-tv.co.uk\/en\/wp-json\/wp\/v2\/media?parent=32564"}],"wp:term":[{"taxonomy":"category","embeddable":true,"href":"https:\/\/by-tv.co.uk\/en\/wp-json\/wp\/v2\/categories?post=32564"},{"taxonomy":"post_tag","embeddable":true,"href":"https:\/\/by-tv.co.uk\/en\/wp-json\/wp\/v2\/tags?post=32564"}],"curies":[{"name":"wp","href":"https:\/\/api.w.org\/{rel}","templated":true}]}}