{"id":32553,"date":"2025-08-15T04:38:38","date_gmt":"2025-08-15T03:38:38","guid":{"rendered":"https:\/\/by-tv.co.uk\/?p=32553"},"modified":"2025-08-15T04:43:43","modified_gmt":"2025-08-15T03:43:43","slug":"a-level-sonuclarindaki-esitsizlik-hukumeti-harekete-gecirdi","status":"publish","type":"post","link":"https:\/\/by-tv.co.uk\/en\/a-level-sonuclarindaki-esitsizlik-hukumeti-harekete-gecirdi\/","title":{"rendered":"A-Level Sonu\u00e7lar\u0131ndaki E\u015fitsizlik H\u00fck\u00fcmeti Harekete Ge\u00e7irdi"},"content":{"rendered":"<p>Birle\u015fik Krall\u0131k\u2019ta A-Level s\u0131nav sonu\u00e7lar\u0131n\u0131n a\u00e7\u0131klanmas\u0131n\u0131n ard\u0131ndan, h\u00fck\u00fcmet e\u011fitimdeki derinle\u015fmi\u015f b\u00f6lgesel u\u00e7urumu ortadan kald\u0131rma s\u00f6z\u00fc verdi. 2025 y\u0131l\u0131 sonu\u00e7lar\u0131, \u00fclke genelinde A ve A* notlar\u0131n\u0131n artt\u0131\u011f\u0131n\u0131 g\u00f6sterse de bu art\u0131\u015f a\u011f\u0131rl\u0131kl\u0131 olarak Londra, g\u00fcneydo\u011fu b\u00f6lgeleri ve b\u00fcy\u00fck \u015fehirlerde yo\u011funla\u015ft\u0131.<\/p>\n<p><strong>The Guardian<\/strong>\u2019\u0131n haberine g\u00f6re, Londra\u2019daki 18 ya\u015f\u0131ndaki \u00f6\u011frencilerin \u00fc\u00e7te biri A* veya A notu al\u0131rken, kuzeydo\u011fuda bu oran d\u00f6rtte birin alt\u0131nda kald\u0131. Kuzeydo\u011fu \u0130ngiltere\u2019deki ba\u015far\u0131 oranlar\u0131, h\u00e2l\u00e2 2019\u2019daki pandemi \u00f6ncesi seviyelere ula\u015famad\u0131.<\/p>\n<h4>E\u011fitim Bakan\u0131: \u201cF\u0131rsatlar yetene\u011fe de\u011fil ge\u00e7mi\u015fe ba\u011fl\u0131\u201d<\/h4>\n<p>E\u011fitim Bakan\u0131 Bridget Phillipson, sonu\u00e7larla ilgili yapt\u0131\u011f\u0131 a\u00e7\u0131klamada, t\u00fcm gen\u00e7lerin \u00fcniversite, \u00e7\u0131rakl\u0131k ya da i\u015f hayat\u0131 gibi yollarla hayallerine ula\u015fma hakk\u0131 oldu\u011funu belirtti. Ancak bir\u00e7ok gencin \u00f6n\u00fcndeki f\u0131rsatlar\u0131n yetenekten ziyade sosyoekonomik ge\u00e7mi\u015fe ba\u011fl\u0131 oldu\u011funu vurgulad\u0131.<\/p><div id=\"briti-433929207\" class=\"briti-icerik\" style=\"margin-top: 5px;margin-bottom: 5px;\"><a href=\"https:\/\/piaryum.com\/services\/\" aria-label=\"piaryum banner\"><img loading=\"lazy\" decoding=\"async\" src=\"https:\/\/by-tv.co.uk\/wp-content\/uploads\/2025\/12\/Gemini_Generated_Image_g5yqr1g5yqr1g5yq.jpg\" alt=\"\"  width=\"2064\" height=\"1152\"   \/><\/a><\/div>\n<p>Phillipson, \u00f6zellikle beyaz i\u015f\u00e7i s\u0131n\u0131f\u0131 \u00e7ocuklar\u0131n\u0131n ilerleme kaydedememi\u015f olmas\u0131n\u0131n kayg\u0131 verici oldu\u011funu s\u00f6yledi. E\u011fitimdeki yap\u0131sal e\u015fitsizliklerin ele al\u0131naca\u011f\u0131 yeni bir beyaz kitab\u0131n y\u0131l sonunda yay\u0131mlanmas\u0131 planlan\u0131yor.<\/p>\n<h4>B\u00f6lgesel e\u015fitsizlik sosyal hareketlili\u011fi engelliyor<\/h4>\n<p>Sutton Trust ara\u015ft\u0131rma direkt\u00f6r\u00fc Carl Cullinane, h\u00fck\u00fcmetin f\u0131rsat e\u015fitli\u011fini sa\u011flamas\u0131 i\u00e7in b\u00f6lgesel e\u015fitsizliklerin tersine \u00e7evrilmesi gerekti\u011fini belirtti. Daha yoksul b\u00f6lgelerden gelen gen\u00e7lerin \u00fcniversiteye kabul oran\u0131n\u0131n artmas\u0131n\u0131n olumlu bir geli\u015fme oldu\u011funu belirten Cullinane, ancak genel tabloya bak\u0131ld\u0131\u011f\u0131nda pandemi \u00f6ncesine g\u00f6re e\u015fitsizli\u011fin daha da derinle\u015fti\u011fini ifade etti.<\/p>\n<h4>Finansman ve personel s\u0131k\u0131nt\u0131s\u0131 devam ediyor<\/h4>\n<p>\u0130ngiltere Okul ve Kolej Liderleri Birli\u011fi Genel Sekreteri Pepe Di\u2019Iasio ise, okullar\u0131n pandemi d\u00f6neminde b\u00fcy\u00fck zorluklar ya\u015fad\u0131\u011f\u0131n\u0131 ve mevcut finansman ve personel eksiklikleriyle m\u00fccadele etmeye devam ettiklerini belirtti. E\u011fitim sistemindeki b\u00f6lgesel ba\u015far\u0131 farklar\u0131n\u0131n, sadece e\u011fitim politikalar\u0131yla de\u011fil, ayn\u0131 zamanda dezavantajl\u0131 topluluklara yap\u0131lacak yat\u0131r\u0131mlarla \u00e7\u00f6z\u00fclebilece\u011fini s\u00f6yledi.<\/p>\n<h4>Derece art\u0131\u015f\u0131na &#8220;\u015fi\u015firme&#8221; a\u00e7\u0131klamas\u0131<\/h4>\n<p>\u0130ngiltere\u2019de s\u0131navlar\u0131 denetleyen Ofqual, ba\u015far\u0131 oranlar\u0131ndaki art\u0131\u015f\u0131n \u201cnot \u015fi\u015firmesi\u201d oldu\u011fu y\u00f6n\u00fcndeki ele\u015ftirileri reddetti. Kurumun genel niteliklerden sorumlu y\u00f6neticisi Amanda Swann, daha az say\u0131da \u00f6\u011frencinin s\u0131nava girdi\u011fini ve \u00f6zellikle fizik, matematik ve ekonomi gibi alanlarda erkek \u00f6\u011frencilerin daha ba\u015far\u0131l\u0131 oldu\u011funu belirtti. Swann\u2019a g\u00f6re ba\u015far\u0131 art\u0131\u015f\u0131 tamamen \u00f6\u011frenci performans\u0131ndaki y\u00fckseli\u015ften kaynaklan\u0131yor.<\/p>\n<h4>\u0130ngiltere d\u0131\u015f\u0131ndaki sonu\u00e7lar da benzer<\/h4>\n<p>Galler\u2019de A-Level s\u0131navlar\u0131na giren \u00f6\u011frenci say\u0131s\u0131 d\u00fc\u015ferken, A* not oran\u0131 ikinci y\u0131l \u00fcst \u00fcste artarak %10,5\u2019e y\u00fckseldi. Kuzey \u0130rlanda\u2019da ise %8,7 A* ve %30,4 A* veya A notu al\u0131nd\u0131; bu oranlar ge\u00e7en y\u0131la k\u0131yasla hafif art\u0131\u015f g\u00f6sterdi.<\/p>\n<p>\u00d6te yandan Birle\u015fik Krall\u0131k genelinde 200 binden fazla \u00f6\u011frenci BTec Seviye 3 sonu\u00e7lar\u0131n\u0131 ald\u0131. \u0130ngiltere\u2019de BTec\u2019in gelece\u011fi h\u00fck\u00fcmet politikalar\u0131 nedeniyle belirsizli\u011fini korurken, 12 bine yak\u0131n \u00f6\u011frenci de mesleki nitelik sa\u011flayan T-Level sonu\u00e7lar\u0131n\u0131 ald\u0131. Ancak bu programlarda devaml\u0131l\u0131k sorunu dikkat \u00e7ekiyor; \u00f6\u011frencilerin %27\u2019si iki y\u0131ll\u0131k program\u0131 tamamlayamad\u0131.<\/p>\n<p>Londra ise ba\u015far\u0131 s\u0131ralamas\u0131nda zirvede yer ald\u0131; A veya A* notu alan \u00f6\u011frenci oran\u0131 %0,7 art\u0131\u015f g\u00f6sterdi. Education Endowment Foundation\u2019\u0131n e\u015f CEO\u2019su Chris Paterson, \u201cElde edilen veriler, b\u00f6lgesel ba\u015far\u0131 farklar\u0131n\u0131n yoksulluk d\u00fczeyleriyle do\u011frudan ba\u011flant\u0131l\u0131 oldu\u011funu ve bu farklar\u0131n daha da b\u00fcy\u00fcd\u00fc\u011f\u00fcn\u00fc\u201d s\u00f6yledi.<\/p>\n<h4>&nbsp;\u00d6zel okullar \u00f6ne \u00e7\u0131k\u0131yor<\/h4>\n<p>Sonu\u00e7lar, devlet ve \u00f6zel okullar aras\u0131ndaki ba\u015far\u0131 fark\u0131n\u0131 da g\u00f6zler \u00f6n\u00fcne serdi. \u00d6zel okullarda okuyan A-level \u00f6\u011frencilerinin yakla\u015f\u0131k yar\u0131s\u0131 en y\u00fcksek notlar\u0131 al\u0131rken, devlet okullar\u0131nda bu oran %25,4\u2019te kald\u0131.<\/p>\n<p>Paterson, \u00f6zel okullardaki \u00f6\u011frencilerin genellikle daha varl\u0131kl\u0131 ailelerden gelmeleri nedeniyle \u00f6zel ders gibi ek olanaklara daha kolay eri\u015ftiklerini ve bu okullarda \u00f6\u011fretmen istikrar\u0131n\u0131n da daha y\u00fcksek oldu\u011funu belirtti.&nbsp;<\/p>\n<div id=\"briti-2560703645\" class=\"briti-icerikten-sonra_2\" style=\"margin-top: 25px;margin-bottom: 25px;\"><a href=\"https:\/\/wa.me\/message\/NDZLLIOQT4H3O1\" aria-label=\"bytv reklam banner\"><img loading=\"lazy\" decoding=\"async\" src=\"https:\/\/by-tv.co.uk\/wp-content\/uploads\/2025\/12\/bytv-reklam-banner.jpg\" alt=\"\"  width=\"2376\" height=\"1008\"   \/><\/a><\/div>","protected":false},"excerpt":{"rendered":"<p>Birle\u015fik Krall\u0131k\u2019ta A-Level s\u0131nav sonu\u00e7lar\u0131n\u0131n a\u00e7\u0131klanmas\u0131n\u0131n ard\u0131ndan, h\u00fck\u00fcmet e\u011fitimdeki derinle\u015fmi\u015f b\u00f6lgesel u\u00e7urumu ortadan kald\u0131rma s\u00f6z\u00fc verdi. 2025 y\u0131l\u0131 sonu\u00e7lar\u0131, \u00fclke genelinde A ve A* notlar\u0131n\u0131n artt\u0131\u011f\u0131n\u0131 g\u00f6sterse de bu art\u0131\u015f a\u011f\u0131rl\u0131kl\u0131 olarak Londra, g\u00fcneydo\u011fu b\u00f6lgeleri ve b\u00fcy\u00fck \u015fehirlerde yo\u011funla\u015ft\u0131. The Guardian\u2019\u0131n haberine g\u00f6re, Londra\u2019daki 18 ya\u015f\u0131ndaki \u00f6\u011frencilerin \u00fc\u00e7te biri A* veya A notu al\u0131rken, kuzeydo\u011fuda bu oran d\u00f6rtte birin alt\u0131nda kald\u0131. Kuzeydo\u011fu \u0130ngiltere\u2019deki ba\u015far\u0131 oranlar\u0131, h\u00e2l\u00e2 2019\u2019daki pandemi \u00f6ncesi seviyelere ula\u015famad\u0131. E\u011fitim Bakan\u0131: \u201cF\u0131rsatlar yetene\u011fe de\u011fil ge\u00e7mi\u015fe ba\u011fl\u0131\u201d E\u011fitim Bakan\u0131 Bridget Phillipson, sonu\u00e7larla ilgili yapt\u0131\u011f\u0131 a\u00e7\u0131klamada, t\u00fcm gen\u00e7lerin \u00fcniversite, \u00e7\u0131rakl\u0131k ya da i\u015f hayat\u0131 gibi yollarla hayallerine ula\u015fma hakk\u0131 oldu\u011funu [&hellip;]<\/p>\n","protected":false},"author":1,"featured_media":16792,"comment_status":"open","ping_status":"open","sticky":false,"template":"","format":"standard","meta":{"ngg_post_thumbnail":0,"footnotes":""},"categories":[5269,1519],"tags":[],"class_list":["post-32553","post","type-post","status-publish","format-standard","has-post-thumbnail","hentry","category-birlesik-krallik","category-egitim"],"_links":{"self":[{"href":"https:\/\/by-tv.co.uk\/en\/wp-json\/wp\/v2\/posts\/32553","targetHints":{"allow":["GET"]}}],"collection":[{"href":"https:\/\/by-tv.co.uk\/en\/wp-json\/wp\/v2\/posts"}],"about":[{"href":"https:\/\/by-tv.co.uk\/en\/wp-json\/wp\/v2\/types\/post"}],"author":[{"embeddable":true,"href":"https:\/\/by-tv.co.uk\/en\/wp-json\/wp\/v2\/users\/1"}],"replies":[{"embeddable":true,"href":"https:\/\/by-tv.co.uk\/en\/wp-json\/wp\/v2\/comments?post=32553"}],"version-history":[{"count":3,"href":"https:\/\/by-tv.co.uk\/en\/wp-json\/wp\/v2\/posts\/32553\/revisions"}],"predecessor-version":[{"id":32556,"href":"https:\/\/by-tv.co.uk\/en\/wp-json\/wp\/v2\/posts\/32553\/revisions\/32556"}],"wp:featuredmedia":[{"embeddable":true,"href":"https:\/\/by-tv.co.uk\/en\/wp-json\/wp\/v2\/media\/16792"}],"wp:attachment":[{"href":"https:\/\/by-tv.co.uk\/en\/wp-json\/wp\/v2\/media?parent=32553"}],"wp:term":[{"taxonomy":"category","embeddable":true,"href":"https:\/\/by-tv.co.uk\/en\/wp-json\/wp\/v2\/categories?post=32553"},{"taxonomy":"post_tag","embeddable":true,"href":"https:\/\/by-tv.co.uk\/en\/wp-json\/wp\/v2\/tags?post=32553"}],"curies":[{"name":"wp","href":"https:\/\/api.w.org\/{rel}","templated":true}]}}