{"id":32429,"date":"2025-08-02T14:46:15","date_gmt":"2025-08-02T13:46:15","guid":{"rendered":"https:\/\/by-tv.co.uk\/?p=32429"},"modified":"2025-08-02T14:46:15","modified_gmt":"2025-08-02T13:46:15","slug":"kktcnin-yeni-londra-temsilcisi-gorevine-basladi","status":"publish","type":"post","link":"https:\/\/by-tv.co.uk\/en\/kktcnin-yeni-londra-temsilcisi-gorevine-basladi\/","title":{"rendered":"KKTC\u2019nin Yeni Londra Temsilcisi G\u00f6revine Ba\u015flad\u0131"},"content":{"rendered":"<p>G\u00f6reve ba\u015flamas\u0131n\u0131n ard\u0131ndan resmi bir a\u00e7\u0131klama yay\u0131mlayan At\u0131lgan, bu \u00f6nemli g\u00f6revi \u00fcstlenmekten duydu\u011fu memnuniyeti dile getirdi. \u201cKKTC Londra Temsilcisi olarak g\u00f6revime ba\u015flam\u0131\u015f olman\u0131n gurur ve mutlulu\u011funu ya\u015f\u0131yorum\u201d diyen At\u0131lgan, \u00f6n\u00fcm\u00fczdeki d\u00f6nemde K\u0131br\u0131s T\u00fcrk halk\u0131n\u0131n hakl\u0131 m\u00fccadelesini Birle\u015fik Krall\u0131k nezdinde duyurmak i\u00e7in yo\u011fun \u00e7aba g\u00f6sterece\u011fini vurgulad\u0131.<\/p>\n<h4><strong>Toplumsal birlik mesaj\u0131<\/strong><\/h4>\n<p>K\u0131br\u0131sl\u0131 T\u00fcrklerin Birle\u015fik Krall\u0131k\u2019taki k\u00f6kl\u00fc varl\u0131\u011f\u0131na dikkat \u00e7eken At\u0131lgan, toplumun bug\u00fcne dek elde etti\u011fi ba\u015far\u0131larla gurur duydu\u011funu belirtti. K\u0131br\u0131s T\u00fcrk toplumunun de\u011ferlerini ve gelece\u011fe dair umutlar\u0131n\u0131 yak\u0131ndan tan\u0131d\u0131\u011f\u0131n\u0131 ifade etti.<\/p>\n<p>Yeni d\u00f6neme ili\u015fkin \u00f6nceliklerini de payla\u015fan At\u0131lgan, toplumla g\u00fc\u00e7l\u00fc bir ileti\u015fim kurmay\u0131 hedeflediklerini kaydetti. \u201cBirle\u015fik Krall\u0131k\u2019ta ya\u015fayan K\u0131br\u0131sl\u0131 T\u00fcrklerin birlikteli\u011fini daha da g\u00fc\u00e7lendirmek, temsil makam\u0131n\u0131n kap\u0131lar\u0131n\u0131 herkese a\u00e7\u0131k tutmak ve vatanda\u015flar\u0131m\u0131z\u0131n ihtiya\u00e7lar\u0131na etkili \u00e7\u00f6z\u00fcmler \u00fcretmek \u00f6nceliklerimiz aras\u0131nda\u201d ifadelerini kulland\u0131.<\/p><div id=\"briti-3512367249\" class=\"briti-icerik\" style=\"margin-top: 5px;margin-bottom: 5px;\"><a href=\"https:\/\/piaryum.com\/services\/\" aria-label=\"piaryum banner\"><img loading=\"lazy\" decoding=\"async\" src=\"https:\/\/by-tv.co.uk\/wp-content\/uploads\/2025\/12\/Gemini_Generated_Image_g5yqr1g5yqr1g5yq.jpg\" alt=\"\"  width=\"2064\" height=\"1152\"   \/><\/a><\/div>\n<h4><strong>Sivil toplumla i\u015f birli\u011fi vurgusu<\/strong><\/h4>\n<p>Temsilcilik olarak, sivil toplum kurulu\u015flar\u0131yla yak\u0131n i\u015f birli\u011fini s\u00fcrd\u00fcrmeye devam edeceklerini aktaran At\u0131lgan, \u201cBirlikte \u00e7al\u0131\u015farak k\u00fclt\u00fcrel de\u011ferlerimizi daha g\u00f6r\u00fcn\u00fcr k\u0131lmay\u0131 ve sesimizi daha g\u00fc\u00e7l\u00fc duyurmay\u0131 hedefliyoruz\u201d dedi. Temennisini sa\u011fl\u0131k, mutluluk ve ba\u015far\u0131 dilekleriyle tamamlad\u0131.<\/p>\n<p>KKTC\u2019nin yurt d\u0131\u015f\u0131nda 26 temsilcili\u011fi bulunuyor. Bunlardan 7\u2019si T\u00fcrkiye\u2019de yer al\u0131rken, 18 farkl\u0131 \u00fclkede diplomatik temsil d\u00fczeyinde faaliyet y\u00fcr\u00fct\u00fcl\u00fcyor.<\/p>\n<p><b>&nbsp;<\/b><\/p>\n<div id=\"briti-2112544395\" class=\"briti-icerikten-sonra_2\" style=\"margin-top: 25px;margin-bottom: 25px;\"><a href=\"https:\/\/wa.me\/message\/NDZLLIOQT4H3O1\" aria-label=\"bytv reklam banner\"><img loading=\"lazy\" decoding=\"async\" src=\"https:\/\/by-tv.co.uk\/wp-content\/uploads\/2025\/12\/bytv-reklam-banner.jpg\" alt=\"\"  width=\"2376\" height=\"1008\"   \/><\/a><\/div>","protected":false},"excerpt":{"rendered":"<p>G\u00f6reve ba\u015flamas\u0131n\u0131n ard\u0131ndan resmi bir a\u00e7\u0131klama yay\u0131mlayan At\u0131lgan, bu \u00f6nemli g\u00f6revi \u00fcstlenmekten duydu\u011fu memnuniyeti dile getirdi. \u201cKKTC Londra Temsilcisi olarak g\u00f6revime ba\u015flam\u0131\u015f olman\u0131n gurur ve mutlulu\u011funu ya\u015f\u0131yorum\u201d diyen At\u0131lgan, \u00f6n\u00fcm\u00fczdeki d\u00f6nemde K\u0131br\u0131s T\u00fcrk halk\u0131n\u0131n hakl\u0131 m\u00fccadelesini Birle\u015fik Krall\u0131k nezdinde duyurmak i\u00e7in yo\u011fun \u00e7aba g\u00f6sterece\u011fini vurgulad\u0131. Toplumsal birlik mesaj\u0131 K\u0131br\u0131sl\u0131 T\u00fcrklerin Birle\u015fik Krall\u0131k\u2019taki k\u00f6kl\u00fc varl\u0131\u011f\u0131na dikkat \u00e7eken At\u0131lgan, toplumun bug\u00fcne dek elde etti\u011fi ba\u015far\u0131larla gurur duydu\u011funu belirtti. K\u0131br\u0131s T\u00fcrk toplumunun de\u011ferlerini ve gelece\u011fe dair umutlar\u0131n\u0131 yak\u0131ndan tan\u0131d\u0131\u011f\u0131n\u0131 ifade etti. Yeni d\u00f6neme ili\u015fkin \u00f6nceliklerini de payla\u015fan At\u0131lgan, toplumla g\u00fc\u00e7l\u00fc bir ileti\u015fim kurmay\u0131 hedeflediklerini kaydetti. \u201cBirle\u015fik Krall\u0131k\u2019ta ya\u015fayan K\u0131br\u0131sl\u0131 T\u00fcrklerin birlikteli\u011fini daha da [&hellip;]<\/p>\n","protected":false},"author":1,"featured_media":32430,"comment_status":"open","ping_status":"open","sticky":false,"template":"","format":"standard","meta":{"ngg_post_thumbnail":0,"footnotes":""},"categories":[5269],"tags":[],"class_list":["post-32429","post","type-post","status-publish","format-standard","has-post-thumbnail","hentry","category-birlesik-krallik"],"_links":{"self":[{"href":"https:\/\/by-tv.co.uk\/en\/wp-json\/wp\/v2\/posts\/32429","targetHints":{"allow":["GET"]}}],"collection":[{"href":"https:\/\/by-tv.co.uk\/en\/wp-json\/wp\/v2\/posts"}],"about":[{"href":"https:\/\/by-tv.co.uk\/en\/wp-json\/wp\/v2\/types\/post"}],"author":[{"embeddable":true,"href":"https:\/\/by-tv.co.uk\/en\/wp-json\/wp\/v2\/users\/1"}],"replies":[{"embeddable":true,"href":"https:\/\/by-tv.co.uk\/en\/wp-json\/wp\/v2\/comments?post=32429"}],"version-history":[{"count":1,"href":"https:\/\/by-tv.co.uk\/en\/wp-json\/wp\/v2\/posts\/32429\/revisions"}],"predecessor-version":[{"id":32431,"href":"https:\/\/by-tv.co.uk\/en\/wp-json\/wp\/v2\/posts\/32429\/revisions\/32431"}],"wp:featuredmedia":[{"embeddable":true,"href":"https:\/\/by-tv.co.uk\/en\/wp-json\/wp\/v2\/media\/32430"}],"wp:attachment":[{"href":"https:\/\/by-tv.co.uk\/en\/wp-json\/wp\/v2\/media?parent=32429"}],"wp:term":[{"taxonomy":"category","embeddable":true,"href":"https:\/\/by-tv.co.uk\/en\/wp-json\/wp\/v2\/categories?post=32429"},{"taxonomy":"post_tag","embeddable":true,"href":"https:\/\/by-tv.co.uk\/en\/wp-json\/wp\/v2\/tags?post=32429"}],"curies":[{"name":"wp","href":"https:\/\/api.w.org\/{rel}","templated":true}]}}