{"id":32426,"date":"2025-08-02T14:40:37","date_gmt":"2025-08-02T13:40:37","guid":{"rendered":"https:\/\/by-tv.co.uk\/?p=32426"},"modified":"2025-08-02T14:40:37","modified_gmt":"2025-08-02T13:40:37","slug":"muhafazakar-parti-lideri-badenoch-artik-kendimi-nijeryali-olarak-gormuyorum","status":"publish","type":"post","link":"https:\/\/by-tv.co.uk\/en\/muhafazakar-parti-lideri-badenoch-artik-kendimi-nijeryali-olarak-gormuyorum\/","title":{"rendered":"Muhafazak\u00e2r Parti lideri Badenoch: \u201cArt\u0131k Kendimi Nijeryal\u0131 Olarak G\u00f6rm\u00fcyorum\u201d"},"content":{"rendered":"<p><span style=\"font-size: 1.21429rem;\">BBC\u2019ye ait bir podcast program\u0131nda konu\u015fan Badenoch, Nijerya&#8217;daki ge\u00e7mi\u015fine ve \u00fclkeye dair ki\u015fisel g\u00f6r\u00fc\u015flerine yer verdi. Lagos\u2019ta bir d\u00f6nem ya\u015fam\u0131\u015f olan siyaset\u00e7i, \u201c<strong>\u00dclkeyi \u00e7ok iyi tan\u0131yorum, orada h\u00e2l\u00e2 bir\u00e7ok akrabam var ve geli\u015fmeleri ilgiyle takip ediyorum. Ama art\u0131k ev dedi\u011fim yer, \u015fimdiki ailemin bulundu\u011fu yer\u201d<\/strong> ifadelerini kulland\u0131.<\/span><\/p>\n<p>20 y\u0131ld\u0131r Nijerya pasaportunu yenilemedi\u011fini belirten Badenoch, bu karar\u0131 \u015fu s\u00f6zlerle a\u00e7\u0131klad\u0131:<strong> \u201cArt\u0131k onunla \u00f6zde\u015fle\u015fmiyorum. Hayat\u0131m\u0131n b\u00fcy\u00fck b\u00f6l\u00fcm\u00fc Birle\u015fik Krall\u0131k&#8217;ta ge\u00e7ti ve pasaportu yenileme ihtiyac\u0131 hi\u00e7 hissetmedim.\u201d<\/strong><\/p>\n<p>K\u00f6klerinin Nijerya\u2019ya dayand\u0131\u011f\u0131n\u0131 kabul eden Badenoch, \u201cAtalar\u0131mdan gelen bir Nijeryal\u0131l\u0131\u011f\u0131m var, ailem oradan&#8230; Ancak kimlik olarak kendimi \u00f6yle tan\u0131mlam\u0131yorum\u201d dedi.<\/p><div id=\"briti-1802417554\" class=\"briti-icerik\" style=\"margin-top: 5px;margin-bottom: 5px;\"><a href=\"https:\/\/piaryum.com\/services\/\" aria-label=\"piaryum banner\"><img loading=\"lazy\" decoding=\"async\" src=\"https:\/\/by-tv.co.uk\/wp-content\/uploads\/2025\/12\/Gemini_Generated_Image_g5yqr1g5yqr1g5yq.jpg\" alt=\"\"  width=\"2064\" height=\"1152\"   \/><\/a><\/div>\n<h4><strong>\u201cBu \u00fclke benim i\u00e7in art\u0131k ev\u201d<\/strong><\/h4>\n<p>Badenoch, babas\u0131n\u0131n \u00f6l\u00fcm\u00fcn\u00fcn ard\u0131ndan Nijerya\u2019y\u0131 ziyaret etti\u011finde vize almak zorunda kald\u0131\u011f\u0131n\u0131 ve bunun olduk\u00e7a zahmetli bir s\u00fcre\u00e7 oldu\u011funu s\u00f6yledi. \u00c7ocukluk d\u00f6neminde ya\u015fad\u0131\u011f\u0131 deneyimlerin siyasi duru\u015funu da etkiledi\u011fini belirten Badenoch, \u201cSosyalizmi neden sevmedi\u011fim, \u00e7ocukken ya\u015fad\u0131klar\u0131mla ba\u011flant\u0131l\u0131\u201d dedi.<\/p>\n<p>Nijerya\u2019da b\u00fcy\u00fcrken hi\u00e7bir zaman oraya ait hissetmedi\u011fini vurgulayan Badenoch, 1996\u2019da Birle\u015fik Krall\u0131k\u2019a d\u00f6nerken \u201ci\u015fte evim buras\u0131\u201d hissiyle hareket etti\u011fini s\u00f6yledi. Ailesinin bu d\u00f6n\u00fc\u015f karar\u0131n\u0131, \u201cBu \u00fclkede senin i\u00e7in bir gelecek yok\u201d d\u00fc\u015f\u00fcncesiyle ald\u0131\u011f\u0131n\u0131 aktard\u0131.<\/p>\n<h4><strong>\u201cBirle\u015fik Krall\u0131k\u2019ta \u00f6tekile\u015ftirilmedim\u201d<\/strong><\/h4>\n<p>Birle\u015fik Krall\u0131k&#8217;ta hi\u00e7bir zaman dikkate de\u011fer bir \u0131rk\u00e7\u0131l\u0131\u011fa maruz kalmad\u0131\u011f\u0131n\u0131 dile getiren Badenoch, \u201cFarkl\u0131 g\u00f6r\u00fcnece\u011fimi biliyordum ama bu bana garip gelmedi. Asl\u0131nda insanlar\u0131n bana farkl\u0131 davranmamas\u0131 \u00e7ok ilgimi \u00e7ekti\u201d dedi.&nbsp;&nbsp;<\/p>\n<h4><strong>Nijerya h\u00fck\u00fcmetinden tepki<\/strong><\/h4>\n<p>Badenoch\u2019un daha \u00f6nce yapt\u0131\u011f\u0131 \u201cNijerya\u2019da korku ve g\u00fcvensizlik i\u00e7inde b\u00fcy\u00fcd\u00fcm\u201d \u015feklindeki a\u00e7\u0131klamalar\u0131, \u00fclkede tart\u0131\u015fma yaratm\u0131\u015ft\u0131. Nijerya Devlet Ba\u015fkan Yard\u0131mc\u0131s\u0131 Kashim Shettima, Badenoch\u2019un s\u00f6zlerine at\u0131fla \u201cK\u00f6kenini k\u00fc\u00e7\u00fcmsemesine ra\u011fmen onunla gurur duyuyoruz\u201d demi\u015fti.&nbsp;&nbsp;<\/p>\n<p><b>&nbsp;<\/b><\/p>\n<div id=\"briti-2330949891\" class=\"briti-icerikten-sonra_2\" style=\"margin-top: 25px;margin-bottom: 25px;\"><a href=\"https:\/\/wa.me\/message\/NDZLLIOQT4H3O1\" aria-label=\"bytv reklam banner\"><img loading=\"lazy\" decoding=\"async\" src=\"https:\/\/by-tv.co.uk\/wp-content\/uploads\/2025\/12\/bytv-reklam-banner.jpg\" alt=\"\"  width=\"2376\" height=\"1008\"   \/><\/a><\/div>","protected":false},"excerpt":{"rendered":"<p>BBC\u2019ye ait bir podcast program\u0131nda konu\u015fan Badenoch, Nijerya&#8217;daki ge\u00e7mi\u015fine ve \u00fclkeye dair ki\u015fisel g\u00f6r\u00fc\u015flerine yer verdi. Lagos\u2019ta bir d\u00f6nem ya\u015fam\u0131\u015f olan siyaset\u00e7i, \u201c\u00dclkeyi \u00e7ok iyi tan\u0131yorum, orada h\u00e2l\u00e2 bir\u00e7ok akrabam var ve geli\u015fmeleri ilgiyle takip ediyorum. Ama art\u0131k ev dedi\u011fim yer, \u015fimdiki ailemin bulundu\u011fu yer\u201d ifadelerini kulland\u0131. 20 y\u0131ld\u0131r Nijerya pasaportunu yenilemedi\u011fini belirten Badenoch, bu karar\u0131 \u015fu s\u00f6zlerle a\u00e7\u0131klad\u0131: \u201cArt\u0131k onunla \u00f6zde\u015fle\u015fmiyorum. Hayat\u0131m\u0131n b\u00fcy\u00fck b\u00f6l\u00fcm\u00fc Birle\u015fik Krall\u0131k&#8217;ta ge\u00e7ti ve pasaportu yenileme ihtiyac\u0131 hi\u00e7 hissetmedim.\u201d K\u00f6klerinin Nijerya\u2019ya dayand\u0131\u011f\u0131n\u0131 kabul eden Badenoch, \u201cAtalar\u0131mdan gelen bir Nijeryal\u0131l\u0131\u011f\u0131m var, ailem oradan&#8230; Ancak kimlik olarak kendimi \u00f6yle tan\u0131mlam\u0131yorum\u201d dedi. \u201cBu \u00fclke benim i\u00e7in art\u0131k ev\u201d [&hellip;]<\/p>\n","protected":false},"author":1,"featured_media":32427,"comment_status":"open","ping_status":"open","sticky":false,"template":"","format":"standard","meta":{"ngg_post_thumbnail":0,"footnotes":""},"categories":[5269],"tags":[],"class_list":["post-32426","post","type-post","status-publish","format-standard","has-post-thumbnail","hentry","category-birlesik-krallik"],"_links":{"self":[{"href":"https:\/\/by-tv.co.uk\/en\/wp-json\/wp\/v2\/posts\/32426","targetHints":{"allow":["GET"]}}],"collection":[{"href":"https:\/\/by-tv.co.uk\/en\/wp-json\/wp\/v2\/posts"}],"about":[{"href":"https:\/\/by-tv.co.uk\/en\/wp-json\/wp\/v2\/types\/post"}],"author":[{"embeddable":true,"href":"https:\/\/by-tv.co.uk\/en\/wp-json\/wp\/v2\/users\/1"}],"replies":[{"embeddable":true,"href":"https:\/\/by-tv.co.uk\/en\/wp-json\/wp\/v2\/comments?post=32426"}],"version-history":[{"count":1,"href":"https:\/\/by-tv.co.uk\/en\/wp-json\/wp\/v2\/posts\/32426\/revisions"}],"predecessor-version":[{"id":32428,"href":"https:\/\/by-tv.co.uk\/en\/wp-json\/wp\/v2\/posts\/32426\/revisions\/32428"}],"wp:featuredmedia":[{"embeddable":true,"href":"https:\/\/by-tv.co.uk\/en\/wp-json\/wp\/v2\/media\/32427"}],"wp:attachment":[{"href":"https:\/\/by-tv.co.uk\/en\/wp-json\/wp\/v2\/media?parent=32426"}],"wp:term":[{"taxonomy":"category","embeddable":true,"href":"https:\/\/by-tv.co.uk\/en\/wp-json\/wp\/v2\/categories?post=32426"},{"taxonomy":"post_tag","embeddable":true,"href":"https:\/\/by-tv.co.uk\/en\/wp-json\/wp\/v2\/tags?post=32426"}],"curies":[{"name":"wp","href":"https:\/\/api.w.org\/{rel}","templated":true}]}}