{"id":32423,"date":"2025-08-01T17:12:52","date_gmt":"2025-08-01T16:12:52","guid":{"rendered":"https:\/\/by-tv.co.uk\/?p=32423"},"modified":"2025-08-01T17:23:43","modified_gmt":"2025-08-01T16:23:43","slug":"ingiltere-hukumeti-sadece-isci-sinifi-ogrencilerine-acik-staj-programi-baslatti","status":"publish","type":"post","link":"https:\/\/by-tv.co.uk\/en\/ingiltere-hukumeti-sadece-isci-ailelerinin-cocuklarina-acik-staj-programi-baslatti\/","title":{"rendered":"\u0130ngiltere H\u00fck\u00fcmeti; Sadece \u0130\u015f\u00e7i Ailelerinin \u00c7ocuklar\u0131na A\u00e7\u0131k Staj Program\u0131 Ba\u015flatt\u0131"},"content":{"rendered":"<p>Birle\u015fik Krall\u0131k h\u00fck\u00fcmeti, kamu hizmetlerine farkl\u0131 sosyal s\u0131n\u0131flardan daha fazla gencin kat\u0131l\u0131m\u0131n\u0131 te\u015fvik etmek i\u00e7in yaln\u0131zca i\u015f\u00e7i s\u0131n\u0131f\u0131 k\u00f6kenli \u00f6\u011frencilere y\u00f6nelik yeni bir yaz staj program\u0131 duyurdu. <em>The Guardian<\/em>\u2019\u0131n haberine g\u00f6re, program kapsam\u0131nda d\u00fc\u015f\u00fck gelirli ailelerden gelen 200 \u00fcniversite \u00f6\u011frencisine \u00fccretli kamu hizmeti yerle\u015ftirmesi sunulacak.<\/p>\n<p>Staj ba\u015fvurular\u0131 bu y\u0131l ekim ay\u0131nda ba\u015flayacak ve kabul edilen \u00f6\u011frenciler gelecek yaz iki ayl\u0131k s\u00fcreyle \u00e7e\u015fitli kamu kurumlar\u0131nda g\u00f6rev alacak. Kat\u0131l\u0131mc\u0131lar etkinlik planlama, bakanlara brifing haz\u0131rlama, politika geli\u015ftirme i\u00e7in ara\u015ft\u0131rma yapma gibi g\u00f6revlerde bulunacak ve mevcut h\u0131zl\u0131 y\u00fckselen memurlar (\u201cfast streamer\u201d) taraf\u0131ndan mentorluk alacak.<\/p>\n<h4><strong>Toplumun t\u00fcm\u00fcn\u00fc yans\u0131tan bir kamu hizmeti hedefleniyor<\/strong><\/h4>\n<p>Kabine Ofisi Bakan\u0131 Pat McFadden, program\u0131n sosyal hareketlili\u011fi desteklemek \u00fczere tasarland\u0131\u011f\u0131n\u0131 belirtti. \u201cKamu hizmetinde toplumun en geni\u015f yetenek yelpazesine ihtiya\u00e7 var,\u201d diyen McFadden, yeni uygulaman\u0131n, daha kapsay\u0131c\u0131 ve temsil g\u00fcc\u00fc y\u00fcksek bir kamu y\u00f6netimi hedefiyle hayata ge\u00e7irildi\u011fini ifade etti.&nbsp;<\/p><div id=\"briti-3922003360\" class=\"briti-icerik\" style=\"margin-top: 5px;margin-bottom: 5px;\"><a href=\"https:\/\/piaryum.com\/services\/\" aria-label=\"piaryum banner\"><img loading=\"lazy\" decoding=\"async\" src=\"https:\/\/by-tv.co.uk\/wp-content\/uploads\/2025\/12\/Gemini_Generated_Image_g5yqr1g5yqr1g5yq.jpg\" alt=\"\"  width=\"2064\" height=\"1152\"   \/><\/a><\/div>\n<h4><strong>Ba\u015fvuru kriterleri ebeveyn mesle\u011fine g\u00f6re belirlenecek<\/strong><\/h4>\n<p>Programa ba\u015fvuranlar\u0131n s\u0131n\u0131fsal ge\u00e7mi\u015fi, 14 ya\u015f\u0131ndayken ailenin en y\u00fcksek gelir getiren bireyinin mesle\u011fine g\u00f6re de\u011ferlendirilecek. Bu s\u0131n\u0131fland\u0131rma, Birle\u015fik Krall\u0131k \u0130statistik Kurumu\u2019nun (ONS) belirledi\u011fi standartlara dayan\u0131yor.<\/p>\n<p>\u00d6rne\u011fin, ebeveyni temizlik g\u00f6revlisi, elektrik\u00e7i, tesisat\u00e7\u0131, kamyonet \u015fof\u00f6r\u00fc ya da g\u00fcvenlik g\u00f6revlisi olan adaylar \u201ci\u015f\u00e7i s\u0131n\u0131f\u0131\u201d tan\u0131m\u0131na girebilecek.<\/p>\n<p>Ba\u015far\u0131l\u0131 stajyerler, mezuniyet sonras\u0131 kamu hizmeti i\u015fe al\u0131m\u0131nda uygulanan \u201cfast stream\u201d program\u0131n\u0131n son a\u015famalar\u0131na do\u011frudan ge\u00e7i\u015f hakk\u0131 kazanabilecek.<\/p>\n<h4><strong>Uzmanlardan destek, muhalefetten ele\u015ftiri<\/strong><\/h4>\n<p>FDA sendikas\u0131n\u0131n genel sekreteri Dave Penman, de\u011fi\u015fiklikleri olumlu bulduklar\u0131n\u0131 ancak h\u00fck\u00fcmetin yaln\u0131zca i\u015fe al\u0131m de\u011fil, kariyer ilerleme s\u00fcre\u00e7lerinde de sosyal e\u015fitsizlikleri azaltmaya y\u00f6nelik ad\u0131mlar atmas\u0131 gerekti\u011fini s\u00f6yledi.<\/p>\n<p>Sosyal Hareketlilik Vakf\u0131 CEO\u2019su Sarah Atkinson ise uygulamay\u0131 \u201ccesur ama gerekli\u201d olarak nitelendirerek, f\u0131rsat e\u015fitli\u011fi i\u00e7in bu t\u00fcr ad\u0131mlar\u0131n \u00f6nemli oldu\u011funu vurgulad\u0131.<\/p>\n<p>Ancak muhalefet cephesinden ele\u015ftiriler de geldi. Muhafazak\u00e2r Parti milletvekili Kemi Badenoch, b\u00f6yle bir uygulamay\u0131 \u201csa\u00e7mal\u0131k\u201d olarak tan\u0131mlayarak, kendi liderli\u011findeki bir h\u00fck\u00fcmetin bu t\u00fcr s\u0131n\u0131fsal ayr\u0131mlar\u0131 ortadan kald\u0131raca\u011f\u0131n\u0131 s\u00f6yledi.<\/p>\n<h4><strong>Kamu hizmetinde b\u00fcy\u00fcme s\u00fcr\u00fcyor<\/strong><\/h4>\n<p>\u00d6te yandan, h\u00fck\u00fcmetin memur say\u0131s\u0131n\u0131 azaltma s\u00f6z\u00fcne ra\u011fmen, 2024 y\u0131l\u0131 mart ay\u0131 itibar\u0131yla kamu hizmeti \u00e7al\u0131\u015fan say\u0131s\u0131n\u0131n son 20 y\u0131l\u0131n en y\u00fcksek seviyesi olan yakla\u015f\u0131k 550 bine ula\u015ft\u0131\u011f\u0131 bildirildi. Bu art\u0131\u015f, b\u00fcy\u00fck \u00f6l\u00e7\u00fcde operasyonel alanlardaki yeni istihdamlara ba\u011fland\u0131.<\/p>\n<div id=\"briti-2205151296\" class=\"briti-icerikten-sonra_2\" style=\"margin-top: 25px;margin-bottom: 25px;\"><a href=\"https:\/\/wa.me\/message\/NDZLLIOQT4H3O1\" aria-label=\"bytv reklam banner\"><img loading=\"lazy\" decoding=\"async\" src=\"https:\/\/by-tv.co.uk\/wp-content\/uploads\/2025\/12\/bytv-reklam-banner.jpg\" alt=\"\"  width=\"2376\" height=\"1008\"   \/><\/a><\/div>","protected":false},"excerpt":{"rendered":"<p>Birle\u015fik Krall\u0131k h\u00fck\u00fcmeti, kamu hizmetlerine farkl\u0131 sosyal s\u0131n\u0131flardan daha fazla gencin kat\u0131l\u0131m\u0131n\u0131 te\u015fvik etmek i\u00e7in yaln\u0131zca i\u015f\u00e7i s\u0131n\u0131f\u0131 k\u00f6kenli \u00f6\u011frencilere y\u00f6nelik yeni bir yaz staj program\u0131 duyurdu. The Guardian\u2019\u0131n haberine g\u00f6re, program kapsam\u0131nda d\u00fc\u015f\u00fck gelirli ailelerden gelen 200 \u00fcniversite \u00f6\u011frencisine \u00fccretli kamu hizmeti yerle\u015ftirmesi sunulacak. Staj ba\u015fvurular\u0131 bu y\u0131l ekim ay\u0131nda ba\u015flayacak ve kabul edilen \u00f6\u011frenciler gelecek yaz iki ayl\u0131k s\u00fcreyle \u00e7e\u015fitli kamu kurumlar\u0131nda g\u00f6rev alacak. Kat\u0131l\u0131mc\u0131lar etkinlik planlama, bakanlara brifing haz\u0131rlama, politika geli\u015ftirme i\u00e7in ara\u015ft\u0131rma yapma gibi g\u00f6revlerde bulunacak ve mevcut h\u0131zl\u0131 y\u00fckselen memurlar (\u201cfast streamer\u201d) taraf\u0131ndan mentorluk alacak. Toplumun t\u00fcm\u00fcn\u00fc yans\u0131tan bir kamu hizmeti hedefleniyor Kabine Ofisi Bakan\u0131 [&hellip;]<\/p>\n","protected":false},"author":1,"featured_media":31052,"comment_status":"open","ping_status":"open","sticky":false,"template":"","format":"standard","meta":{"ngg_post_thumbnail":0,"footnotes":""},"categories":[5269],"tags":[],"class_list":["post-32423","post","type-post","status-publish","format-standard","has-post-thumbnail","hentry","category-birlesik-krallik"],"_links":{"self":[{"href":"https:\/\/by-tv.co.uk\/en\/wp-json\/wp\/v2\/posts\/32423","targetHints":{"allow":["GET"]}}],"collection":[{"href":"https:\/\/by-tv.co.uk\/en\/wp-json\/wp\/v2\/posts"}],"about":[{"href":"https:\/\/by-tv.co.uk\/en\/wp-json\/wp\/v2\/types\/post"}],"author":[{"embeddable":true,"href":"https:\/\/by-tv.co.uk\/en\/wp-json\/wp\/v2\/users\/1"}],"replies":[{"embeddable":true,"href":"https:\/\/by-tv.co.uk\/en\/wp-json\/wp\/v2\/comments?post=32423"}],"version-history":[{"count":2,"href":"https:\/\/by-tv.co.uk\/en\/wp-json\/wp\/v2\/posts\/32423\/revisions"}],"predecessor-version":[{"id":32425,"href":"https:\/\/by-tv.co.uk\/en\/wp-json\/wp\/v2\/posts\/32423\/revisions\/32425"}],"wp:featuredmedia":[{"embeddable":true,"href":"https:\/\/by-tv.co.uk\/en\/wp-json\/wp\/v2\/media\/31052"}],"wp:attachment":[{"href":"https:\/\/by-tv.co.uk\/en\/wp-json\/wp\/v2\/media?parent=32423"}],"wp:term":[{"taxonomy":"category","embeddable":true,"href":"https:\/\/by-tv.co.uk\/en\/wp-json\/wp\/v2\/categories?post=32423"},{"taxonomy":"post_tag","embeddable":true,"href":"https:\/\/by-tv.co.uk\/en\/wp-json\/wp\/v2\/tags?post=32423"}],"curies":[{"name":"wp","href":"https:\/\/api.w.org\/{rel}","templated":true}]}}