{"id":32280,"date":"2025-07-22T04:25:10","date_gmt":"2025-07-22T03:25:10","guid":{"rendered":"https:\/\/by-tv.co.uk\/?p=32280"},"modified":"2025-07-22T10:31:17","modified_gmt":"2025-07-22T09:31:17","slug":"salih-bademciden-londrada-sesler-tiyatro-gosterisi","status":"publish","type":"post","link":"https:\/\/by-tv.co.uk\/en\/salih-bademciden-londrada-sesler-tiyatro-gosterisi\/","title":{"rendered":"Salih Bademci\u2019den Londra\u2019da \u201cSesler\u201d Tiyatro G\u00f6sterisi"},"content":{"rendered":"<p><span style=\"font-size: 1.21429rem;\">Oyuncu Salih Bademci, tek ki\u015filik oyunu <\/span><strong style=\"font-size: 1.21429rem;\">\u201cSesler\u201d<\/strong><span style=\"font-size: 1.21429rem;\"> ile Londra\u2019da tiyatroseverlerle bulu\u015fmaya haz\u0131rlan\u0131yor. Kerem Kurdo\u011flu\u2019nun yazd\u0131\u011f\u0131 ve Mehmet Birkiye\u2019nin y\u00f6netti\u011fi oyun, 6 A\u011fustos 2025 \u00c7ar\u015famba g\u00fcn\u00fc saat 20.30\u2019da <\/span><strong style=\"font-size: 1.21429rem;\">Shaw Theatre<\/strong><span style=\"font-size: 1.21429rem;\">\u2019da sahnelenecek.<\/span><\/p>\n<h3>Seslerin Haf\u0131zas\u0131<\/h3>\n<p>Oyun, seslerin haf\u0131zadaki izlerini ve insan\u0131n ge\u00e7mi\u015f, \u015fimdi ve gelecekteki duygu yolculu\u011funu anlat\u0131yor. \u201cSesler\u201d, a\u011flamak, g\u00fclmek, ba\u011f\u0131rmak ya da susmak gibi insana dair t\u00fcm duygular\u0131 sahneye ta\u015f\u0131yor. Salih Bademci\u2019nin g\u00fc\u00e7l\u00fc performans\u0131yla sahnelenecek eser, tiyatro ele\u015ftirmenleri taraf\u0131ndan y\u0131l\u0131n en iddial\u0131 yap\u0131mlar\u0131 aras\u0131nda g\u00f6steriliyor.<\/p>\n<p>Bilet fiyatlar\u0131n\u0131n 45 sterlinden ba\u015flad\u0131\u011f\u0131 oyun tekerlekli sandalye kullan\u0131c\u0131lar\u0131 i\u00e7in biletlerde y\u00fczde 50 indirim uygulan\u0131yor ve refakat\u00e7i koltu\u011fu \u00fccretsiz sunuluyor. Eri\u015filebilir koltuk rezervasyonu i\u00e7in 020 666 9037 numaral\u0131 gi\u015fe hatt\u0131n\u0131n aranmas\u0131 gerekiyor. Oyun yakla\u015f\u0131k 60 dakika s\u00fcrecek ve T\u00fcrk\u00e7e olarak sahnelenecek.<\/p><div id=\"briti-666744634\" class=\"briti-icerik\" style=\"margin-top: 5px;margin-bottom: 5px;\"><a href=\"https:\/\/piaryum.com\/services\/\" aria-label=\"piaryum banner\"><img loading=\"lazy\" decoding=\"async\" src=\"https:\/\/by-tv.co.uk\/wp-content\/uploads\/2025\/12\/Gemini_Generated_Image_g5yqr1g5yqr1g5yq.jpg\" alt=\"\"  width=\"2064\" height=\"1152\"   \/><\/a><\/div>\n<p><img loading=\"lazy\" decoding=\"async\" class=\"alignnone wp-image-32282\" src=\"https:\/\/by-tv.co.uk\/wp-content\/uploads\/2025\/07\/sesler-1.jpg\" alt=\"\" width=\"770\" height=\"513\" title=\"\"><\/p>\n<h4>Salih Bademci kimdir?<\/h4>\n<p data-start=\"241\" data-end=\"1626\">Salih Bademci, tiyatro k\u00f6kenli bir oyuncu olarak kariyerinde istikrarl\u0131 bir y\u00fckseli\u015f sergiliyor. 15 A\u011fustos 1984\u2019te \u0130zmir\u2019de do\u011fan sanat\u00e7\u0131, \u0130stanbul \u00dcniversitesi Devlet Konservatuvar\u0131 Tiyatro B\u00f6l\u00fcm\u00fc mezunu. Bademci, uzun y\u0131llard\u0131r tiyatro ve ekranda farkl\u0131 karakterlere hayat vererek oyunculuk yetene\u011fini kan\u0131tlad\u0131. \u00d6zellikle <strong data-start=\"567\" data-end=\"653\">Netflix\u2019in 1955 \u0130stanbul\u2019unu fon alan \u201cKul\u00fcp\u201d dizisindeki Selim Song\u00fcr performans\u0131<\/strong>, ele\u015ftirmenlerden \u00f6vg\u00fc toplad\u0131. <em data-start=\"686\" data-end=\"695\">Variety<\/em> dergisi ve bir\u00e7ok sinema yazar\u0131, Bademci\u2019nin \u201cduygusal derinli\u011fi ve sahneye katt\u0131\u011f\u0131 enerjisiyle dizinin en \u00e7arp\u0131c\u0131 karakterlerinden biri oldu\u011funu\u201d vurgulad\u0131. Selim Song\u00fcr\u2019\u00fcn k\u0131r\u0131lgan, ne\u015feli ve zaman zaman \u00f6fkeli yap\u0131s\u0131n\u0131 b\u00fcy\u00fck bir ustal\u0131kla yans\u0131tan oyuncu, bu rolle hem T\u00fcrkiye\u2019de hem de uluslararas\u0131 izleyici taraf\u0131ndan takdir edildi. Bademci\u2019nin son d\u00f6nem projeleri aras\u0131nda Netflix yap\u0131m\u0131 <strong data-start=\"1090\" data-end=\"1101\">\u201cTerzi\u201d<\/strong> dizisindeki&nbsp; Dimitri karakteri de \u00f6ne \u00e7\u0131kt\u0131.&nbsp; <em data-start=\"1298\" data-end=\"1323\">\u00d6yle Bir Ge\u00e7er Zaman Ki<\/em>, <em data-start=\"1325\" data-end=\"1338\">Kiral\u0131k A\u015fk<\/em>, <em data-start=\"1340\" data-end=\"1358\">\u0130stanbullu Gelin<\/em> ve <em data-start=\"1362\" data-end=\"1371\">Yalanc\u0131<\/em> gibi projelerle tan\u0131nan Bademci, tiyatro sahnesindeki tecr\u00fcbesini ekrana ustal\u0131kla ta\u015f\u0131yan oyuncular aras\u0131nda g\u00f6steriliyor. 2015 y\u0131l\u0131nda oyuncu \u0130mer \u00d6zg\u00fcn ile evlenen Bademci, \u00f6zel hayat\u0131ndaki m\u00fctevaz\u0131l\u0131\u011f\u0131 ve sanata olan ba\u011fl\u0131l\u0131\u011f\u0131yla da dikkat \u00e7ekiyor.<\/p>\n<div id=\"briti-3956660401\" class=\"briti-icerikten-sonra_2\" style=\"margin-top: 25px;margin-bottom: 25px;\"><a href=\"https:\/\/wa.me\/message\/NDZLLIOQT4H3O1\" aria-label=\"bytv reklam banner\"><img loading=\"lazy\" decoding=\"async\" src=\"https:\/\/by-tv.co.uk\/wp-content\/uploads\/2025\/12\/bytv-reklam-banner.jpg\" alt=\"\"  width=\"2376\" height=\"1008\"   \/><\/a><\/div>","protected":false},"excerpt":{"rendered":"<p>Oyuncu Salih Bademci, tek ki\u015filik oyunu \u201cSesler\u201d ile Londra\u2019da tiyatroseverlerle bulu\u015fmaya haz\u0131rlan\u0131yor. Kerem Kurdo\u011flu\u2019nun yazd\u0131\u011f\u0131 ve Mehmet Birkiye\u2019nin y\u00f6netti\u011fi oyun, 6 A\u011fustos 2025 \u00c7ar\u015famba g\u00fcn\u00fc saat 20.30\u2019da Shaw Theatre\u2019da sahnelenecek. Seslerin Haf\u0131zas\u0131 Oyun, seslerin haf\u0131zadaki izlerini ve insan\u0131n ge\u00e7mi\u015f, \u015fimdi ve gelecekteki duygu yolculu\u011funu anlat\u0131yor. \u201cSesler\u201d, a\u011flamak, g\u00fclmek, ba\u011f\u0131rmak ya da susmak gibi insana dair t\u00fcm duygular\u0131 sahneye ta\u015f\u0131yor. Salih Bademci\u2019nin g\u00fc\u00e7l\u00fc performans\u0131yla sahnelenecek eser, tiyatro ele\u015ftirmenleri taraf\u0131ndan y\u0131l\u0131n en iddial\u0131 yap\u0131mlar\u0131 aras\u0131nda g\u00f6steriliyor. Bilet fiyatlar\u0131n\u0131n 45 sterlinden ba\u015flad\u0131\u011f\u0131 oyun tekerlekli sandalye kullan\u0131c\u0131lar\u0131 i\u00e7in biletlerde y\u00fczde 50 indirim uygulan\u0131yor ve refakat\u00e7i koltu\u011fu \u00fccretsiz sunuluyor. Eri\u015filebilir koltuk rezervasyonu i\u00e7in 020 666 [&hellip;]<\/p>\n","protected":false},"author":11,"featured_media":32281,"comment_status":"open","ping_status":"open","sticky":false,"template":"","format":"standard","meta":{"ngg_post_thumbnail":0,"footnotes":""},"categories":[1487],"tags":[5378],"class_list":["post-32280","post","type-post","status-publish","format-standard","has-post-thumbnail","hentry","category-sanat","tag-salih-bademci"],"_links":{"self":[{"href":"https:\/\/by-tv.co.uk\/en\/wp-json\/wp\/v2\/posts\/32280","targetHints":{"allow":["GET"]}}],"collection":[{"href":"https:\/\/by-tv.co.uk\/en\/wp-json\/wp\/v2\/posts"}],"about":[{"href":"https:\/\/by-tv.co.uk\/en\/wp-json\/wp\/v2\/types\/post"}],"author":[{"embeddable":true,"href":"https:\/\/by-tv.co.uk\/en\/wp-json\/wp\/v2\/users\/11"}],"replies":[{"embeddable":true,"href":"https:\/\/by-tv.co.uk\/en\/wp-json\/wp\/v2\/comments?post=32280"}],"version-history":[{"count":3,"href":"https:\/\/by-tv.co.uk\/en\/wp-json\/wp\/v2\/posts\/32280\/revisions"}],"predecessor-version":[{"id":32285,"href":"https:\/\/by-tv.co.uk\/en\/wp-json\/wp\/v2\/posts\/32280\/revisions\/32285"}],"wp:featuredmedia":[{"embeddable":true,"href":"https:\/\/by-tv.co.uk\/en\/wp-json\/wp\/v2\/media\/32281"}],"wp:attachment":[{"href":"https:\/\/by-tv.co.uk\/en\/wp-json\/wp\/v2\/media?parent=32280"}],"wp:term":[{"taxonomy":"category","embeddable":true,"href":"https:\/\/by-tv.co.uk\/en\/wp-json\/wp\/v2\/categories?post=32280"},{"taxonomy":"post_tag","embeddable":true,"href":"https:\/\/by-tv.co.uk\/en\/wp-json\/wp\/v2\/tags?post=32280"}],"curies":[{"name":"wp","href":"https:\/\/api.w.org\/{rel}","templated":true}]}}