{"id":3164,"date":"2020-01-27T17:33:02","date_gmt":"2020-01-27T14:33:02","guid":{"rendered":"https:\/\/by-tv.co.uk\/?p=3164"},"modified":"2020-01-27T18:48:08","modified_gmt":"2020-01-27T15:48:08","slug":"bau-globalden-denizcilik-ve-deniz-ortaminda-yapay-zeka-atagi","status":"publish","type":"post","link":"https:\/\/by-tv.co.uk\/en\/bau-globalden-denizcilik-ve-deniz-ortaminda-yapay-zeka-atagi\/","title":{"rendered":"BAU Global&#8217;den Denizcilik ve Deniz Ortam\u0131nda Yapay Zeka Ata\u011f\u0131"},"content":{"rendered":"<p><strong>MLA College ,<\/strong> 28 \u015eubat Sal\u0131 g\u00fcn\u00fc, BAU Global ve Deniz M\u00fchendisli\u011fi, Bilim ve Teknoloji Enstit\u00fcs\u00fc (IMarEST) ortakl\u0131\u011f\u0131nda yapay zekan\u0131n denizcilik ve deniz ortam\u0131nda kullan\u0131m\u0131 hakk\u0131nda bir konferans d\u00fczenleyecek .Konferans, gemicilik ve deniz ta\u015f\u0131mac\u0131l\u0131\u011f\u0131 g\u00fcvenli\u011fi ve gemilerin yol a\u00e7t\u0131\u011f\u0131 deniz ve atmosfer kirlili\u011finin \u00f6nlenmesinden sorumlu Birle\u015fmi\u015f Milletler (BM) kurulu\u015fu Uluslararas\u0131 Denizcilik \u00d6rg\u00fct\u00fc\u2019nde (IMO) d\u00fczenlenecektir. IMO; BM S\u00fcrd\u00fcr\u00fclebilir Kalk\u0131nma Ama\u00e7lar\u0131 kapsam\u0131nda \u00e7al\u0131\u015fmalar\u0131n\u0131 s\u00fcrd\u00fcrmektedir.<\/p>\n<h4>Denizcilik Sekt\u00f6r\u00fcn\u00fcn T\u00fcm Payda\u015flar\u0131 Bu Konferansta<\/h4>\n<p>Konferansta, deniz ve denizcilik sekt\u00f6r\u00fcn\u00fcn geni\u015f bir b\u00f6l\u00fcm\u00fcn\u00fc temsil eden akademi, end\u00fcstri ve \u0130ngiltere\u2019nin ulusal m\u00fchendislik akademisi olan Kraliyet M\u00fchendislik Akademisi (RAEng) den ki\u015filer de konu\u015fmac\u0131 olarak yer alacak. Konferans\u0131n kapsam\u0131, delegelerin konu uzmanlar\u0131 ile yapay zeka ve sanal g\u00fcvenli\u011fin sekt\u00f6re getirdi\u011fi, imkanlar, f\u0131rsatlar ve endi\u015feler hakk\u0131nda g\u00f6r\u00fc\u015fme f\u0131rsat\u0131 bulmalar\u0131n\u0131 sa\u011flamak ad\u0131na olabildi\u011fince geni\u015f kapsaml\u0131 tutulaca\u011f\u0131 belirtildi.<\/p>\n<h4>Yeni Nesil Denizcilik<\/h4>\n<p>Sunulan konular aras\u0131nda \u00f6ng\u00f6r\u00fc sistemleri ve ara\u00e7lar\u0131, yeni nesil denizcilik siber ara\u015ft\u0131rma yeteneklerinin geli\u015ftirilmesi, gemi kiralama s\u00f6zle\u015fmeleri ve deniz sigortas\u0131nda siber risklerin etkileri, insan geli\u015ftirme teknolojisinin etkisi, optimizasyon ve otonomi tak\u0131mla\u015fmas\u0131, otonom sistemler ve cevaplanmas\u0131 gereken sorular ve denizcilik otonom altyap\u0131s\u0131 ile ilgili sosyo-teknik konular yer almaktad\u0131r. Konferans , \u201cDenizcilik Sekt\u00f6r\u00fc F\u0131rsatlar\u0131 ve Kazan\u0131lan Deneyimler\u201d konusunu ele alan ve temsilci sorular\u0131n\u0131n cevaplanaca\u011f\u0131 panel tart\u0131\u015fmas\u0131yla sona erecektir.<\/p><div id=\"briti-3213067507\" class=\"briti-icerik\" style=\"margin-top: 5px;margin-bottom: 5px;\"><a href=\"https:\/\/piaryum.com\/services\/\" aria-label=\"piaryum banner\"><img loading=\"lazy\" decoding=\"async\" src=\"https:\/\/by-tv.co.uk\/wp-content\/uploads\/2025\/12\/Gemini_Generated_Image_g5yqr1g5yqr1g5yq.jpg\" alt=\"\"  width=\"2064\" height=\"1152\"   \/><\/a><\/div>\n<p><strong>MLA \u00dcniversitesi Rekt\u00f6r\u00fc Prof. Dr. John Chudley<\/strong> yapt\u0131\u011f\u0131 a\u00e7\u0131klamada \u201cKonferans, sekt\u00f6r liderlerinin, IMO\u2019nun ev sahipli\u011finde denizcilik sekt\u00f6r\u00fcne y\u00f6nelik ortaya \u00e7\u0131kan bu \u00f6nemli alan\u0131 tart\u0131\u015fmalar\u0131 i\u00e7in harika bir f\u0131rsat olacakt\u0131r. Umar\u0131m mevcut temsilciler ve end\u00fcstri ve ara\u015ft\u0131rma topluluklar\u0131, denizcilik sekt\u00f6r\u00fcn\u00fcn\u00fcn bir araya gelmesinden faydalan\u0131r ve \u00f6n\u00fcm\u00fczdeki g\u00fcnlerde birlikte \u00e7al\u0131\u015fma imkan\u0131 bulurlar.\u201d dedi.<\/p>\n<p>Boston\u2019da ger\u00e7ekle\u015fen Yapay Zeka D\u00fcnya Konferans\u0131 ve Sergisi\u2019nde (AI World) yapay zeka tabanl\u0131 e\u011fitim \u00e7al\u0131\u015fmalar\u0131ndan bahseden <strong>BAU Global Ba\u015fkan\u0131 ve BM E\u011fitim ve Ara\u015ft\u0131rma Enstit\u00fcs\u00fc (UNITAR) \u0130nsan B\u00f6l\u00fcm\u00fc Dan\u0131\u015fma Kurulu \u00dcyesi Enver Y\u00fccel,<\/strong> yapt\u0131\u011f\u0131 a\u00e7\u0131klamada \u201cBu konferans g\u00fcn\u00fcm\u00fczde olduk\u00e7a \u00f6nemli olan yapay zeka ve sanal g\u00fcvenlik hakk\u0131nda konu uzmanlar\u0131ndan bilgi almak i\u00e7in harika bir ortam olu\u015fturmaktad\u0131r. BAU Global olarak e\u011fitimde yapay zekay\u0131 uyarlayan ve geli\u015ftiren \u00f6nemli \u00e7al\u0131\u015fmalar yapt\u0131k. Yapay zekan\u0131n denizcilik sekt\u00f6r\u00fcne getirdi\u011fi imkanlar hakk\u0131nda bilgi edinmeyi ve orta\u011f\u0131m\u0131z MLA College taraf\u0131ndan sekt\u00f6r yarar\u0131na geli\u015ftirilen \u00f6nc\u00fc uzaktan e\u011fitim sistemini daha da geli\u015ftirmek i\u00e7in kendi yapay zeka e\u011fitim platformlar\u0131m\u0131z\u0131 geli\u015ftirmeyi umuyorum.\u201d dedi.<\/p>\n<p><a href=\"https:\/\/by-tv.co.uk\/wp-content\/uploads\/2020\/01\/MLA_conference_agenda-.pdf\">Konferans Program\u0131 i\u00e7in t\u0131klay\u0131n\u0131z !<\/a><\/p>\n<div id=\"briti-2830370096\" class=\"briti-icerikten-sonra_2\" style=\"margin-top: 25px;margin-bottom: 25px;\"><a href=\"https:\/\/wa.me\/message\/NDZLLIOQT4H3O1\" aria-label=\"bytv reklam banner\"><img loading=\"lazy\" decoding=\"async\" src=\"https:\/\/by-tv.co.uk\/wp-content\/uploads\/2025\/12\/bytv-reklam-banner.jpg\" alt=\"\"  width=\"2376\" height=\"1008\"   \/><\/a><\/div>","protected":false},"excerpt":{"rendered":"<p>MLA College , 28 \u015eubat Sal\u0131 g\u00fcn\u00fc, BAU Global ve Deniz M\u00fchendisli\u011fi, Bilim ve Teknoloji Enstit\u00fcs\u00fc (IMarEST) ortakl\u0131\u011f\u0131nda yapay zekan\u0131n denizcilik ve deniz ortam\u0131nda kullan\u0131m\u0131 hakk\u0131nda bir konferans d\u00fczenleyecek .Konferans, gemicilik ve deniz ta\u015f\u0131mac\u0131l\u0131\u011f\u0131 g\u00fcvenli\u011fi ve gemilerin yol a\u00e7t\u0131\u011f\u0131 deniz ve atmosfer kirlili\u011finin \u00f6nlenmesinden sorumlu Birle\u015fmi\u015f Milletler (BM) kurulu\u015fu Uluslararas\u0131 Denizcilik \u00d6rg\u00fct\u00fc\u2019nde (IMO) d\u00fczenlenecektir. IMO; BM S\u00fcrd\u00fcr\u00fclebilir Kalk\u0131nma Ama\u00e7lar\u0131 kapsam\u0131nda \u00e7al\u0131\u015fmalar\u0131n\u0131 s\u00fcrd\u00fcrmektedir. Denizcilik Sekt\u00f6r\u00fcn\u00fcn T\u00fcm Payda\u015flar\u0131 Bu Konferansta Konferansta, deniz ve denizcilik sekt\u00f6r\u00fcn\u00fcn geni\u015f bir b\u00f6l\u00fcm\u00fcn\u00fc temsil eden akademi, end\u00fcstri ve \u0130ngiltere\u2019nin ulusal m\u00fchendislik akademisi olan Kraliyet M\u00fchendislik Akademisi (RAEng) den ki\u015filer de konu\u015fmac\u0131 olarak yer alacak. Konferans\u0131n kapsam\u0131, delegelerin [&hellip;]<\/p>\n","protected":false},"author":1,"featured_media":0,"comment_status":"open","ping_status":"open","sticky":false,"template":"","format":"standard","meta":{"ngg_post_thumbnail":0,"footnotes":""},"categories":[8,17,11,5,15,2],"tags":[411,416,415,405,413,412,414],"class_list":["post-3164","post","type-post","status-publish","format-standard","hentry","category-teknoloji","category-bilim","category-dunya","category-haber","category-ingiltere","category-is-dunyasi","tag-bau-glo","tag-deniz","tag-denizcilik","tag-enver-yucel","tag-john-chudley","tag-mla-colllege","tag-yapay-zeka"],"_links":{"self":[{"href":"https:\/\/by-tv.co.uk\/en\/wp-json\/wp\/v2\/posts\/3164","targetHints":{"allow":["GET"]}}],"collection":[{"href":"https:\/\/by-tv.co.uk\/en\/wp-json\/wp\/v2\/posts"}],"about":[{"href":"https:\/\/by-tv.co.uk\/en\/wp-json\/wp\/v2\/types\/post"}],"author":[{"embeddable":true,"href":"https:\/\/by-tv.co.uk\/en\/wp-json\/wp\/v2\/users\/1"}],"replies":[{"embeddable":true,"href":"https:\/\/by-tv.co.uk\/en\/wp-json\/wp\/v2\/comments?post=3164"}],"version-history":[{"count":0,"href":"https:\/\/by-tv.co.uk\/en\/wp-json\/wp\/v2\/posts\/3164\/revisions"}],"wp:attachment":[{"href":"https:\/\/by-tv.co.uk\/en\/wp-json\/wp\/v2\/media?parent=3164"}],"wp:term":[{"taxonomy":"category","embeddable":true,"href":"https:\/\/by-tv.co.uk\/en\/wp-json\/wp\/v2\/categories?post=3164"},{"taxonomy":"post_tag","embeddable":true,"href":"https:\/\/by-tv.co.uk\/en\/wp-json\/wp\/v2\/tags?post=3164"}],"curies":[{"name":"wp","href":"https:\/\/api.w.org\/{rel}","templated":true}]}}