{"id":3155,"date":"2020-01-27T15:50:42","date_gmt":"2020-01-27T12:50:42","guid":{"rendered":"https:\/\/by-tv.co.uk\/?p=3155"},"modified":"2020-01-31T10:29:36","modified_gmt":"2020-01-31T07:29:36","slug":"atca-zeynep-ober","status":"publish","type":"post","link":"https:\/\/by-tv.co.uk\/en\/atca-zeynep-ober\/","title":{"rendered":"ATCA Genel Ba\u015fkan\u0131 Zeynep Ober: Amac\u0131m\u0131z K\u00fclt\u00fcr K\u00f6pr\u00fcs\u00fc Kurmak"},"content":{"rendered":"<p class=\"p1\"><b><i>Anglo-Turkish Culture Association <\/i>(ATCA)\/ \u0130<i>ngiliz-T\u00fcrk K\u00fclt\u00fcr Birli\u011fi <\/i><\/b><\/p>\n<p class=\"p1\"><span class=\"s1\">\u0130ngiltere ve T\u00fcrkiye aras\u0131nda bir k\u00fclt\u00fcr k\u00f6pr\u00fcs\u00fc kurmak amac\u0131yla ATCA, \u0130ngiliz T\u00fcrk K\u00fclt\u00fcr Derne\u011fi\u00a0 kuruldu. Derne\u011fin Kurucu Ba\u015fkan\u0131 Zeynep Ober, Euro Star&#8217;da yay\u0131nlanan Brit-\u0130\u015f Ya\u015fam program\u0131nda\u00a0 Eda Bayraktar&#8217;la bir r\u00f6portaj ger\u00e7ekle\u015ftirdi. ATCA\u2019n\u0131n ama\u00e7lar\u0131n\u0131 ve hedeflerini konu\u015ftular.<\/span><\/p>\n<p class=\"p1\"><span class=\"s1\">Ober; &#8221;<\/span><i>ATCA\u2019n\u0131n en temel amac\u0131, T\u00fcrkiye ve \u0130ngiltere aras\u0131nda bir k\u00fclt\u00fcr k\u00f6pr\u00fcs\u00fc kurmak ve bu ba\u011f\u0131 geli\u015ftirmektir. Bunu ger\u00e7ekle\u015ftirmek i\u00e7in sanat, moda, m\u00fczik, tiyatro, dans, gastronomi ve akademik alanlarda \u00e7e\u015fitli etkinlikler d\u00fczenlenecektir. Bu etkinlikler hem \u0130ngiltere\u2019de ya\u015fayan T\u00fcrk toplumu i\u00e7erisinde ger\u00e7ekle\u015ftirilen k\u00fclt\u00fcrel etkinliklerin \u00e7e\u015fitlili\u011fini artt\u0131racak, hem de e\u011fitici ve \u00f6\u011fretici yanlar\u0131 ile kendisine dokundu\u011fu herkese b\u00fcy\u00fck katk\u0131 sa\u011flayacakt\u0131r. ATCA Y\u00f6netim Kurulu, alan\u0131nda profesyonel ki\u015filerden olu\u015fmakta ve k\u00fclt\u00fcrel konularda hizmet vermeye haz\u0131rd\u0131r. K\u00fclt\u00fcr &#8211; Sanat etkinliklerinde T\u00fcrkiye ve \u0130ngiltere\u2019yi birle\u015ftirici unsurlar, e\u011fitim ve \u00f6\u011frenim ama\u00e7l\u0131 kurslar, s\u00f6yle\u015filer ve \u00e7e\u015fitli at\u00f6lyelerin d\u00fczenlenmesi ama\u00e7lanmaktad\u0131r. Bunun yan\u0131 s\u0131ra, moda, dans, tiyatro ve m\u00fczik alanlar\u0131na dair \u00e7ok \u00e7e\u015fitli etkinlikler d\u00fczenleyerek daha \u00e7ok ki\u015fiye ula\u015f\u0131p, bu alanlarda da toplumumuza yeni olanaklar, yeni bak\u0131\u015f a\u00e7\u0131lar\u0131 ve hatta yeni i\u015f imkanlar\u0131 sa\u011flanmas\u0131 ama\u00e7lanmaktad\u0131r. ATCA\u2019nin bir di\u011fer en \u00f6nemli hedeflerinden biri de gen\u00e7 yeteneklere kendilerini g\u00f6sterebilmek i\u00e7in imkan sa\u011flamak olacakt\u0131r. <\/i><\/p><div id=\"briti-2975936879\" class=\"briti-icerik\" style=\"margin-top: 5px;margin-bottom: 5px;\"><a href=\"https:\/\/piaryum.com\/services\/\" aria-label=\"piaryum banner\"><img loading=\"lazy\" decoding=\"async\" src=\"https:\/\/by-tv.co.uk\/wp-content\/uploads\/2025\/12\/Gemini_Generated_Image_g5yqr1g5yqr1g5yq.jpg\" alt=\"\"  width=\"2064\" height=\"1152\"   \/><\/a><\/div>\n<p><iframe loading=\"lazy\" src=\"https:\/\/www.youtube.com\/embed\/wMNP-ePx8fo\" width=\"751\" height=\"422\" frameborder=\"0\" allowfullscreen=\"allowfullscreen\"><\/iframe><\/p>\n<p class=\"p1\"><span class=\"s1\">Bunlar\u0131n yan\u0131 s\u0131ra, derne\u011fin di\u011fer hedefleri aras\u0131nda \u0130ngiltere veya T\u00fcrkiye\u2019 de yasayan T\u00fcrk ve \u0130ngilizlerin k\u00fclt\u00fcr, deneyim ve birli\u011fini harmanlayarak, dayan\u0131\u015fma ve yard\u0131mla\u015fma sa\u011flamak, T\u00fcrk k\u00fclt\u00fcr\u00fcn\u00fcn tan\u0131t\u0131m\u0131n\u0131 yapmak ve her alanda, gerekli lobi faliyetlerinde bulunmak amac\u0131 ile paral\u0131 ve paras\u0131z, her t\u00fcrl\u00fc sosyal, akademik, k\u00fclt\u00fcrel, e\u011fitici, \u00f6\u011fretici, e\u011flendirici, sanatsal, bilimsel, sportif ve modaya dair faliyetleri d\u00fczenlemek ve bu organizasyonlar\u0131 yaparken, k\u00fclt\u00fcrel aktar\u0131mlarda bulunmak, Din, dil, \u0131rk, ya\u015f, cinsiyet fark\u0131 g\u00f6zetmeden, gerekli durumlarda insanlara yard\u0131m ve destek sa\u011flamak, Uluslararas\u0131 derneklerle ve yard\u0131m kurulu\u015flar\u0131 ile i\u015fbirli\u011fi yapmak, Maddi yetersizliklerden dolay\u0131 kendini tan\u0131tamam\u0131\u015f, gizli kalm\u0131\u015f yeteneklere imkan sa\u011flamak. D\u00fczenlenecek etkinlikler do\u011frultusunda ilgisi ve yetene\u011fi olanlar\u0131 y\u00f6nlendirmek, bu yetenekleri yeti\u015ftirmek ve hatta i\u015f sahibi yapmak ve kendi alanlar\u0131nda usta olan ki\u015fileri, bu etkinlikler sayesinde yeni yetenekler ile kayna\u015ft\u0131rmak ATCA\u2019n\u0131n temel hedefleri aras\u0131nda yer almaktad\u0131r.&#8221; diye a\u00e7\u0131klamalarda bulundu.<\/span><\/p>\n<p class=\"p1\">\n<div id=\"briti-3500614493\" class=\"briti-icerikten-sonra_2\" style=\"margin-top: 25px;margin-bottom: 25px;\"><a href=\"https:\/\/wa.me\/message\/NDZLLIOQT4H3O1\" aria-label=\"bytv reklam banner\"><img loading=\"lazy\" decoding=\"async\" src=\"https:\/\/by-tv.co.uk\/wp-content\/uploads\/2025\/12\/bytv-reklam-banner.jpg\" alt=\"\"  width=\"2376\" height=\"1008\"   \/><\/a><\/div>","protected":false},"excerpt":{"rendered":"<p>Anglo-Turkish Culture Association (ATCA)\/ \u0130ngiliz-T\u00fcrk K\u00fclt\u00fcr Birli\u011fi \u0130ngiltere ve T\u00fcrkiye aras\u0131nda bir k\u00fclt\u00fcr k\u00f6pr\u00fcs\u00fc kurmak amac\u0131yla ATCA, \u0130ngiliz T\u00fcrk K\u00fclt\u00fcr Derne\u011fi\u00a0 kuruldu. Derne\u011fin Kurucu Ba\u015fkan\u0131 Zeynep Ober, Euro Star&#8217;da yay\u0131nlanan Brit-\u0130\u015f Ya\u015fam program\u0131nda\u00a0 Eda Bayraktar&#8217;la bir r\u00f6portaj ger\u00e7ekle\u015ftirdi. ATCA\u2019n\u0131n ama\u00e7lar\u0131n\u0131 ve hedeflerini konu\u015ftular. Ober; &#8221;ATCA\u2019n\u0131n en temel amac\u0131, T\u00fcrkiye ve \u0130ngiltere aras\u0131nda bir k\u00fclt\u00fcr k\u00f6pr\u00fcs\u00fc kurmak ve bu ba\u011f\u0131 geli\u015ftirmektir. Bunu ger\u00e7ekle\u015ftirmek i\u00e7in sanat, moda, m\u00fczik, tiyatro, dans, gastronomi ve akademik alanlarda \u00e7e\u015fitli etkinlikler d\u00fczenlenecektir. Bu etkinlikler hem \u0130ngiltere\u2019de ya\u015fayan T\u00fcrk toplumu i\u00e7erisinde ger\u00e7ekle\u015ftirilen k\u00fclt\u00fcrel etkinliklerin \u00e7e\u015fitlili\u011fini artt\u0131racak, hem de e\u011fitici ve \u00f6\u011fretici yanlar\u0131 ile kendisine dokundu\u011fu herkese b\u00fcy\u00fck katk\u0131 [&hellip;]<\/p>\n","protected":false},"author":1,"featured_media":0,"comment_status":"open","ping_status":"open","sticky":false,"template":"","format":"standard","meta":{"ngg_post_thumbnail":0,"footnotes":""},"categories":[1,7],"tags":[409,408,410,407],"class_list":["post-3155","post","type-post","status-publish","format-standard","hentry","category-genel","category-moda","tag-anglo-turkish-culture-association","tag-atca","tag-ingiliz-turk-kultur-birligi","tag-zeynep-ober"],"_links":{"self":[{"href":"https:\/\/by-tv.co.uk\/en\/wp-json\/wp\/v2\/posts\/3155","targetHints":{"allow":["GET"]}}],"collection":[{"href":"https:\/\/by-tv.co.uk\/en\/wp-json\/wp\/v2\/posts"}],"about":[{"href":"https:\/\/by-tv.co.uk\/en\/wp-json\/wp\/v2\/types\/post"}],"author":[{"embeddable":true,"href":"https:\/\/by-tv.co.uk\/en\/wp-json\/wp\/v2\/users\/1"}],"replies":[{"embeddable":true,"href":"https:\/\/by-tv.co.uk\/en\/wp-json\/wp\/v2\/comments?post=3155"}],"version-history":[{"count":0,"href":"https:\/\/by-tv.co.uk\/en\/wp-json\/wp\/v2\/posts\/3155\/revisions"}],"wp:attachment":[{"href":"https:\/\/by-tv.co.uk\/en\/wp-json\/wp\/v2\/media?parent=3155"}],"wp:term":[{"taxonomy":"category","embeddable":true,"href":"https:\/\/by-tv.co.uk\/en\/wp-json\/wp\/v2\/categories?post=3155"},{"taxonomy":"post_tag","embeddable":true,"href":"https:\/\/by-tv.co.uk\/en\/wp-json\/wp\/v2\/tags?post=3155"}],"curies":[{"name":"wp","href":"https:\/\/api.w.org\/{rel}","templated":true}]}}