{"id":30873,"date":"2025-04-20T12:18:17","date_gmt":"2025-04-20T11:18:17","guid":{"rendered":"https:\/\/by-tv.co.uk\/?p=30873"},"modified":"2025-04-20T12:20:38","modified_gmt":"2025-04-20T11:20:38","slug":"ingilteredeki-ilkokullarda-baslatilan-ucretsiz-kahvalti-kulubu-programi-22-nisanda-basliyor","status":"publish","type":"post","link":"https:\/\/by-tv.co.uk\/en\/ingilteredeki-ilkokullarda-baslatilan-ucretsiz-kahvalti-kulubu-programi-22-nisanda-basliyor\/","title":{"rendered":"\u0130ngiltere&#8217;deki \u00fccretsiz kahvalt\u0131 kul\u00fcb\u00fc program\u0131 22 Nisan&#8217;da ba\u015fl\u0131yor"},"content":{"rendered":"<p>Birle\u015fik Krall\u0131k h\u00fck\u00fcmetinin yeni kahvalt\u0131 kul\u00fcb\u00fc program\u0131, Sal\u0131 g\u00fcn\u00fc itibar\u0131yla \u0130ngiltere genelindeki 750 ilkokulda ba\u015fl\u0131yor. Temmuz ay\u0131na kadar s\u00fcrecek pilot uygulama kapsam\u0131nda, binlerce ebeveyn \u00e7ocuklar\u0131 i\u00e7in sabahlar\u0131 30 dakikal\u0131k \u00fccretsiz bak\u0131m hizmetinden yararlanabilecek. Program\u0131n \u00fclke \u00e7ap\u0131nda yayg\u0131nla\u015ft\u0131r\u0131lmas\u0131 hedefleniyor.<\/p>\n<p>Ancak e\u011fitim sendikalar\u0131, h\u00fck\u00fcmetin bayrak ta\u015f\u0131y\u0131c\u0131 projelerinden biri olarak lanse edilen bu uygulama i\u00e7in ayr\u0131lan b\u00fct\u00e7enin yetersiz oldu\u011funu belirtti.<\/p>\n<h4><strong>Pilot Uygulama ve Hedeflenen Tasarruf<\/strong><\/h4>\n<p>\u0130lk a\u015famada programa 7 milyon sterlin ayr\u0131ld\u0131. Maliye Bakan\u0131 Rachel Reeves, sonbahar b\u00fct\u00e7esinde 2025-26 d\u00f6nemi i\u00e7in toplam 30 milyon sterlinlik kaynak ayr\u0131laca\u011f\u0131n\u0131 duyurmu\u015ftu. \u0130\u015f\u00e7i Partisi ise se\u00e7im bildirgesinde 2028-29&#8217;a kadar kahvalt\u0131 kul\u00fcplerine 315 milyon sterlin harcama s\u00f6z\u00fc vermi\u015fti.<\/p><div id=\"briti-2907275612\" class=\"briti-icerik\" style=\"margin-top: 5px;margin-bottom: 5px;\"><a href=\"https:\/\/piaryum.com\/services\/\" aria-label=\"piaryum banner\"><img loading=\"lazy\" decoding=\"async\" src=\"https:\/\/by-tv.co.uk\/wp-content\/uploads\/2025\/12\/Gemini_Generated_Image_g5yqr1g5yqr1g5yq.jpg\" alt=\"\"  width=\"2064\" height=\"1152\"   \/><\/a><\/div>\n<p>Bakanlar, uygulaman\u0131n ebeveynlere y\u0131lda 95 saatlik ek bak\u0131m s\u00fcresi sa\u011flayarak 450 sterlin tasarruf kazand\u0131raca\u011f\u0131n\u0131 \u00f6ng\u00f6r\u00fcyor. Ancak okul y\u00f6neticileri, mevcut kaynaklar\u0131n bu hedefleri kar\u015f\u0131lamaya yetmeyece\u011fi g\u00f6r\u00fc\u015f\u00fcnde.<\/p>\n<h4><strong>\u201cOkullar A\u00e7\u0131\u011f\u0131 Kar\u015f\u0131layamaz\u201d Uyar\u0131s\u0131<\/strong><\/h4>\n<p>Ulusal Okul M\u00fcd\u00fcrleri Birli\u011fi (NAHT) Genel Sekreteri Paul Whiteman, programa kat\u0131lan bir\u00e7ok okuldan gelen ilk geri bildirimlerin, finansman\u0131n yetersiz oldu\u011funu g\u00f6sterdi\u011fini s\u00f6yledi. Whiteman, \u201cProgram\u0131n niyetini memnuniyetle kar\u015f\u0131l\u0131yoruz, ancak \u015fu anda zaten zorlanan okul b\u00fct\u00e7eleriyle bu a\u00e7\u0131\u011f\u0131n kapat\u0131lmas\u0131 m\u00fcmk\u00fcn de\u011fil,\u201d ifadelerini kulland\u0131.<\/p>\n<p>Whiteman ayr\u0131ca, uygulaman\u0131n \u00fclke genelinde yayg\u0131nla\u015ft\u0131r\u0131lmadan \u00f6nce bu sorunun ele al\u0131nmas\u0131n\u0131n hayati \u00f6nemde oldu\u011funu, E\u011fitim Bakanl\u0131\u011f\u0131\u2019ndan bu konuda de\u011ferlendirme yap\u0131laca\u011f\u0131 y\u00f6n\u00fcnde g\u00fcvence ald\u0131klar\u0131n\u0131 belirtti.<\/p>\n<h4><strong>\u201c\u00c7ocuk Yoksullu\u011fuyla M\u00fccadeleye Katk\u0131 Sa\u011flar, Ama\u2026\u201d<\/strong><\/h4>\n<p>\u00d6\u011fretmenler sendikas\u0131 NASUWT\u2019un Genel Sekreteri Patrick Roach ise uygulaman\u0131n \u00e7ocuk yoksullu\u011fu ve a\u00e7l\u0131\u011f\u0131yla m\u00fccadeleye \u201c\u00f6nemli bir katk\u0131\u201d sa\u011flayaca\u011f\u0131n\u0131 belirtti. Ancak h\u00fck\u00fcmete \u201cdaha fazlas\u0131n\u0131 yapmalar\u0131 gerekti\u011fini\u201d vurgulad\u0131. Roach, program\u0131n uygulanmas\u0131n\u0131n yak\u0131ndan takip edilmesi ve okullardaki di\u011fer hizmetleri olumsuz etkileyecek sorunlar\u0131n \u00f6nlenmesi gerekti\u011fini dile getirdi.<\/p>\n<h4><strong>Fonlama Modeli ve Beklentiler<\/strong><\/h4>\n<p>H\u00fck\u00fcmet ise program i\u00e7in sa\u011flanan kayna\u011f\u0131n yeterli oldu\u011funu savunuyor. Finansman modelinin, okuldaki kat\u0131l\u0131m oran\u0131 ve \u00f6\u011frencilerin demografik \u00f6zelliklerine g\u00f6re de\u011fi\u015fkenlik g\u00f6sterece\u011fi belirtiliyor. Pilot programa erken kat\u0131lan ve %50 oran\u0131nda kat\u0131l\u0131m sa\u011flayan bir okula y\u0131ll\u0131k ortalama 23 bin sterlin verilece\u011fi, t\u00fcm okullara ba\u015flang\u0131\u00e7 maliyetleri i\u00e7in 500 sterlin ve d\u00f6nem ba\u015f\u0131na en az 1.000 sterlin ek \u00f6deme yap\u0131laca\u011f\u0131 bildirildi.<\/p>\n<div id=\"briti-3411164541\" class=\"briti-icerikten-sonra_2\" style=\"margin-top: 25px;margin-bottom: 25px;\"><a href=\"https:\/\/wa.me\/message\/NDZLLIOQT4H3O1\" aria-label=\"bytv reklam banner\"><img loading=\"lazy\" decoding=\"async\" src=\"https:\/\/by-tv.co.uk\/wp-content\/uploads\/2025\/12\/bytv-reklam-banner.jpg\" alt=\"\"  width=\"2376\" height=\"1008\"   \/><\/a><\/div>","protected":false},"excerpt":{"rendered":"<p>Birle\u015fik Krall\u0131k h\u00fck\u00fcmetinin yeni kahvalt\u0131 kul\u00fcb\u00fc program\u0131, Sal\u0131 g\u00fcn\u00fc itibar\u0131yla \u0130ngiltere genelindeki 750 ilkokulda ba\u015fl\u0131yor. Temmuz ay\u0131na kadar s\u00fcrecek pilot uygulama kapsam\u0131nda, binlerce ebeveyn \u00e7ocuklar\u0131 i\u00e7in sabahlar\u0131 30 dakikal\u0131k \u00fccretsiz bak\u0131m hizmetinden yararlanabilecek. Program\u0131n \u00fclke \u00e7ap\u0131nda yayg\u0131nla\u015ft\u0131r\u0131lmas\u0131 hedefleniyor. Ancak e\u011fitim sendikalar\u0131, h\u00fck\u00fcmetin bayrak ta\u015f\u0131y\u0131c\u0131 projelerinden biri olarak lanse edilen bu uygulama i\u00e7in ayr\u0131lan b\u00fct\u00e7enin yetersiz oldu\u011funu belirtti. Pilot Uygulama ve Hedeflenen Tasarruf \u0130lk a\u015famada programa 7 milyon sterlin ayr\u0131ld\u0131. Maliye Bakan\u0131 Rachel Reeves, sonbahar b\u00fct\u00e7esinde 2025-26 d\u00f6nemi i\u00e7in toplam 30 milyon sterlinlik kaynak ayr\u0131laca\u011f\u0131n\u0131 duyurmu\u015ftu. \u0130\u015f\u00e7i Partisi ise se\u00e7im bildirgesinde 2028-29&#8217;a kadar kahvalt\u0131 kul\u00fcplerine 315 milyon sterlin harcama s\u00f6z\u00fc vermi\u015fti. [&hellip;]<\/p>\n","protected":false},"author":1,"featured_media":30874,"comment_status":"open","ping_status":"open","sticky":false,"template":"","format":"standard","meta":{"ngg_post_thumbnail":0,"footnotes":""},"categories":[5269],"tags":[149],"class_list":["post-30873","post","type-post","status-publish","format-standard","has-post-thumbnail","hentry","category-birlesik-krallik","tag-ingiltere"],"_links":{"self":[{"href":"https:\/\/by-tv.co.uk\/en\/wp-json\/wp\/v2\/posts\/30873","targetHints":{"allow":["GET"]}}],"collection":[{"href":"https:\/\/by-tv.co.uk\/en\/wp-json\/wp\/v2\/posts"}],"about":[{"href":"https:\/\/by-tv.co.uk\/en\/wp-json\/wp\/v2\/types\/post"}],"author":[{"embeddable":true,"href":"https:\/\/by-tv.co.uk\/en\/wp-json\/wp\/v2\/users\/1"}],"replies":[{"embeddable":true,"href":"https:\/\/by-tv.co.uk\/en\/wp-json\/wp\/v2\/comments?post=30873"}],"version-history":[{"count":0,"href":"https:\/\/by-tv.co.uk\/en\/wp-json\/wp\/v2\/posts\/30873\/revisions"}],"wp:featuredmedia":[{"embeddable":true,"href":"https:\/\/by-tv.co.uk\/en\/wp-json\/wp\/v2\/media\/30874"}],"wp:attachment":[{"href":"https:\/\/by-tv.co.uk\/en\/wp-json\/wp\/v2\/media?parent=30873"}],"wp:term":[{"taxonomy":"category","embeddable":true,"href":"https:\/\/by-tv.co.uk\/en\/wp-json\/wp\/v2\/categories?post=30873"},{"taxonomy":"post_tag","embeddable":true,"href":"https:\/\/by-tv.co.uk\/en\/wp-json\/wp\/v2\/tags?post=30873"}],"curies":[{"name":"wp","href":"https:\/\/api.w.org\/{rel}","templated":true}]}}