{"id":30856,"date":"2025-04-19T13:51:36","date_gmt":"2025-04-19T12:51:36","guid":{"rendered":"https:\/\/by-tv.co.uk\/?p=30856"},"modified":"2025-04-19T13:51:36","modified_gmt":"2025-04-19T12:51:36","slug":"kings-college-londondaki-bilim-insanlari-laboratuvar-ortaminda-insan-disi-uretmeyi-basardi","status":"publish","type":"post","link":"https:\/\/by-tv.co.uk\/en\/kings-college-londondaki-bilim-insanlari-laboratuvar-ortaminda-insan-disi-uretmeyi-basardi\/","title":{"rendered":"King\u2019s College London\u2019daki bilim insanlar\u0131, laboratuvar ortam\u0131nda insan di\u015fi \u00fcretmeyi ba\u015fard\u0131"},"content":{"rendered":"<p>King\u2019s College London\u2019daki bilim insanlar\u0131, laboratuvar ortam\u0131nda insan di\u015fi \u00fcretmeyi ba\u015fard\u0131. Ara\u015ft\u0131rmac\u0131lara g\u00f6re bu geli\u015fme, do\u011frudan klinik uygulamaya d\u00f6n\u00fc\u015fmeden \u00f6nce y\u0131llar s\u00fcrecek olsa da, rejeneratif di\u015f hekimli\u011fi ara\u015ft\u0131rmalar\u0131nda \u00f6nemli bir bo\u015flu\u011fu dolduruyor.<\/p>\n<p>BBC\u2019nin haberine g\u00f6re, King\u2019s College Di\u015f Hekimli\u011fi, A\u011f\u0131z ve Kraniofasiyal Bilimler Fak\u00fcltesi\u2019nde y\u00fcr\u00fct\u00fclen \u00e7al\u0131\u015fmalarda, h\u00fccrelerin birbiriyle ileti\u015fim kurarak di\u015f h\u00fccresine d\u00f6n\u00fc\u015fmesini sa\u011flayan \u00f6zel bir materyal kullan\u0131ld\u0131. B\u00f6ylece, di\u015f geli\u015fimini taklit eden bir ortam olu\u015fturularak laboratuvar \u015fartlar\u0131nda di\u015f b\u00fcy\u00fct\u00fcld\u00fc.<\/p>\n<p>Fak\u00fcltenin rejeneratif di\u015f hekimli\u011fi direkt\u00f6r\u00fc Dr. Ana Angelova-Volponi, \u201cBir di\u015fi biyolojik olarak yeniden olu\u015fturma fikri beni Londra\u2019ya ve King\u2019s College\u2019a \u00e7eken \u015feydi. Laboratuvar ortam\u0131nda bir di\u015f \u00fcretmek, bilgi eksikliklerini tamamlamak a\u00e7\u0131s\u0131ndan b\u00fcy\u00fck bir ad\u0131m,\u201d dedi.<\/p><div id=\"briti-2084145111\" class=\"briti-icerik\" style=\"margin-top: 5px;margin-bottom: 5px;\"><a href=\"https:\/\/piaryum.com\/services\/\" aria-label=\"piaryum banner\"><img loading=\"lazy\" decoding=\"async\" src=\"https:\/\/by-tv.co.uk\/wp-content\/uploads\/2025\/12\/Gemini_Generated_Image_g5yqr1g5yqr1g5yq.jpg\" alt=\"\"  width=\"2064\" height=\"1152\"   \/><\/a><\/div>\n<h4><strong>Do\u011fal ve Uyumlu Alternatif<\/strong><\/h4>\n<p>G\u00fcn\u00fcm\u00fczde estetik kayg\u0131larla bir\u00e7ok ki\u015fi implant veya ortodontik tedavileri tercih ediyor. Ancak bu y\u00f6ntemler hem cerrahi m\u00fcdahale gerektiriyor hem de do\u011fal di\u015f yap\u0131s\u0131yla tam uyum sa\u011flamayabiliyor. Ara\u015ft\u0131rmaya katk\u0131 sunan doktora \u00f6\u011frencisi Xuechen Zhang, \u201cLaboratuvarda geli\u015ftirilen di\u015fler do\u011fal olarak \u00e7ene kemi\u011fine entegre olur. Daha g\u00fc\u00e7l\u00fc, uzun \u00f6m\u00fcrl\u00fc ve v\u00fccut taraf\u0131ndan reddedilme riski ta\u015f\u0131mayan bir \u00e7\u00f6z\u00fcm sunar,\u201d diye belirtti.<\/p>\n<p>Zhang, gelecekte iki y\u00f6ntemle tedavi uygulanabilece\u011fini ifade etti: \u201cYa gen\u00e7 di\u015f h\u00fccrelerini eksik di\u015f b\u00f6lgesine yerle\u015ftirip a\u011f\u0131z i\u00e7inde b\u00fcy\u00fcmelerini sa\u011flayaca\u011f\u0131z ya da t\u00fcm di\u015fi laboratuvarda olu\u015fturup do\u011frudan a\u011f\u0131za yerle\u015ftirece\u011fiz.\u201d<\/p>\n<h4><strong>Klinik Kullan\u0131ma Hen\u00fcz Uzak<\/strong><\/h4>\n<p>King\u2019s College ile Imperial College London aras\u0131nda y\u00fcr\u00fct\u00fclen ortak \u00e7al\u0131\u015fmalarda, h\u00fccrelerin di\u015f h\u00fccresine d\u00f6n\u00fc\u015fmesini tetikleyen ortam ba\u015far\u0131yla olu\u015fturuldu. Ancak, laboratuvarda b\u00fcy\u00fct\u00fclen bu di\u015flerin hastalar\u0131n a\u011fz\u0131na ba\u015far\u0131yla nakledilmesi i\u00e7in daha \u00e7ok zaman ve ara\u015ft\u0131rmaya ihtiya\u00e7 oldu\u011fu belirtiliyor.<\/p>\n<p>Protez di\u015f tedavileri konusunda klinik e\u011fitmen olarak g\u00f6rev yapan Dr. Saoirse O&#8217;Toole, \u201cBu teknoloji di\u015f hekimli\u011fi i\u00e7in b\u00fcy\u00fck bir d\u00f6n\u00fcm noktas\u0131 olabilir. Benim meslek hayat\u0131mda yayg\u0131nla\u015f\u0131r m\u0131 bilmiyorum ama \u00e7ocuklar\u0131m\u0131n veya torunlar\u0131m\u0131n meslek hayat\u0131nda bu y\u00f6ntem rutin hale gelebilir,\u201d dedi.<\/p>\n<h4><strong>Ya\u015fl\u0131lar \u0130\u00e7in Umut I\u015f\u0131\u011f\u0131<\/strong><\/h4>\n<p>Di\u015f kayb\u0131, \u00f6zellikle ya\u015fl\u0131 bireylerin beslenme, konu\u015fma ve sosyal ya\u015fam kalitesini do\u011frudan etkileyebiliyor. National Institute for Clinical Excellence (NICE) ve Social Care Institute for Excellence (SCIE) verilerine g\u00f6re, bak\u0131m evlerinde ya\u015fayan ya\u015fl\u0131lar\u0131n yar\u0131s\u0131ndan fazlas\u0131nda \u00e7\u00fcr\u00fck di\u015f problemi g\u00f6r\u00fcl\u00fcyor. Bu oran, kendi evinde ya\u015fayan 75 ya\u015f \u00fczeri bireylerde y\u00fczde 40 civar\u0131nda.<\/p>\n<p>Laboratuvarda geli\u015ftirilen di\u015flerin, gelecekte di\u015f kayb\u0131 ya\u015fayan \u00f6zellikle ya\u015fl\u0131 bireyler i\u00e7in daha do\u011fal ve uzun \u00f6m\u00fcrl\u00fc bir \u00e7\u00f6z\u00fcm sunmas\u0131 hedefleniyor.<\/p>\n<div id=\"briti-3788862282\" class=\"briti-icerikten-sonra_2\" style=\"margin-top: 25px;margin-bottom: 25px;\"><a href=\"https:\/\/wa.me\/message\/NDZLLIOQT4H3O1\" aria-label=\"bytv reklam banner\"><img loading=\"lazy\" decoding=\"async\" src=\"https:\/\/by-tv.co.uk\/wp-content\/uploads\/2025\/12\/bytv-reklam-banner.jpg\" alt=\"\"  width=\"2376\" height=\"1008\"   \/><\/a><\/div>","protected":false},"excerpt":{"rendered":"<p>King\u2019s College London\u2019daki bilim insanlar\u0131, laboratuvar ortam\u0131nda insan di\u015fi \u00fcretmeyi ba\u015fard\u0131. Ara\u015ft\u0131rmac\u0131lara g\u00f6re bu geli\u015fme, do\u011frudan klinik uygulamaya d\u00f6n\u00fc\u015fmeden \u00f6nce y\u0131llar s\u00fcrecek olsa da, rejeneratif di\u015f hekimli\u011fi ara\u015ft\u0131rmalar\u0131nda \u00f6nemli bir bo\u015flu\u011fu dolduruyor. BBC\u2019nin haberine g\u00f6re, King\u2019s College Di\u015f Hekimli\u011fi, A\u011f\u0131z ve Kraniofasiyal Bilimler Fak\u00fcltesi\u2019nde y\u00fcr\u00fct\u00fclen \u00e7al\u0131\u015fmalarda, h\u00fccrelerin birbiriyle ileti\u015fim kurarak di\u015f h\u00fccresine d\u00f6n\u00fc\u015fmesini sa\u011flayan \u00f6zel bir materyal kullan\u0131ld\u0131. B\u00f6ylece, di\u015f geli\u015fimini taklit eden bir ortam olu\u015fturularak laboratuvar \u015fartlar\u0131nda di\u015f b\u00fcy\u00fct\u00fcld\u00fc. Fak\u00fcltenin rejeneratif di\u015f hekimli\u011fi direkt\u00f6r\u00fc Dr. Ana Angelova-Volponi, \u201cBir di\u015fi biyolojik olarak yeniden olu\u015fturma fikri beni Londra\u2019ya ve King\u2019s College\u2019a \u00e7eken \u015feydi. Laboratuvar ortam\u0131nda bir di\u015f \u00fcretmek, bilgi eksikliklerini tamamlamak [&hellip;]<\/p>\n","protected":false},"author":1,"featured_media":30857,"comment_status":"open","ping_status":"open","sticky":false,"template":"","format":"standard","meta":{"ngg_post_thumbnail":0,"footnotes":""},"categories":[17,5269],"tags":[],"class_list":["post-30856","post","type-post","status-publish","format-standard","has-post-thumbnail","hentry","category-bilim","category-birlesik-krallik"],"_links":{"self":[{"href":"https:\/\/by-tv.co.uk\/en\/wp-json\/wp\/v2\/posts\/30856","targetHints":{"allow":["GET"]}}],"collection":[{"href":"https:\/\/by-tv.co.uk\/en\/wp-json\/wp\/v2\/posts"}],"about":[{"href":"https:\/\/by-tv.co.uk\/en\/wp-json\/wp\/v2\/types\/post"}],"author":[{"embeddable":true,"href":"https:\/\/by-tv.co.uk\/en\/wp-json\/wp\/v2\/users\/1"}],"replies":[{"embeddable":true,"href":"https:\/\/by-tv.co.uk\/en\/wp-json\/wp\/v2\/comments?post=30856"}],"version-history":[{"count":0,"href":"https:\/\/by-tv.co.uk\/en\/wp-json\/wp\/v2\/posts\/30856\/revisions"}],"wp:featuredmedia":[{"embeddable":true,"href":"https:\/\/by-tv.co.uk\/en\/wp-json\/wp\/v2\/media\/30857"}],"wp:attachment":[{"href":"https:\/\/by-tv.co.uk\/en\/wp-json\/wp\/v2\/media?parent=30856"}],"wp:term":[{"taxonomy":"category","embeddable":true,"href":"https:\/\/by-tv.co.uk\/en\/wp-json\/wp\/v2\/categories?post=30856"},{"taxonomy":"post_tag","embeddable":true,"href":"https:\/\/by-tv.co.uk\/en\/wp-json\/wp\/v2\/tags?post=30856"}],"curies":[{"name":"wp","href":"https:\/\/api.w.org\/{rel}","templated":true}]}}