{"id":3072,"date":"2020-01-25T21:08:57","date_gmt":"2020-01-25T18:08:57","guid":{"rendered":"https:\/\/by-tv.co.uk\/?p=3072"},"modified":"2020-01-27T01:49:47","modified_gmt":"2020-01-26T22:49:47","slug":"bau-gelecegin-egitim-teknolojileri-fuarinda","status":"publish","type":"post","link":"https:\/\/by-tv.co.uk\/en\/bau-gelecegin-egitim-teknolojileri-fuarinda\/","title":{"rendered":"Bah\u00e7e\u015fehir \u00dcniversitesi, Gelece\u011fin E\u011fitim Teknolojileri Fuar\u0131&#8217;nda"},"content":{"rendered":"<p>Bu y\u0131l 146 \u00fclkeden 800\u2019den fazla \u015firketin kat\u0131ld\u0131\u011f\u0131 ve 1985 y\u0131l\u0131ndan bu yana d\u00fczenlenen e\u011fitim teknolojileri fuar\u0131na T\u00fcrkiye\u2019den \u00fcniversite olarak sadece <a href=\"https:\/\/bau.edu.tr\" target=\"_blank\" rel=\"noopener\">Bah\u00e7e\u015fehir \u00dcniversitesi<\/a> kat\u0131ld\u0131.<\/p>\n<p>BETT Show&#8217;da, Bah\u00e7e\u015fehir \u00dcniversitesi bilim insanlar\u0131 liderli\u011finde Bah\u00e7e\u015fehir Kolejleri teknoloji birimi taraf\u0131ndan \u00fcretilen hidrolik kol, geri d\u00f6n\u00fc\u015f\u00fcm filamenti, solar panel gibi teknolojik \u00fcr\u00fcnler ile yapay zeka temelli dijital \u00f6\u011frenme platformu <strong>Metodbox<\/strong> sergilendi. Fuara <strong>Bah\u00e7e\u015fehir Koleji \u0130cra Kurulu Ba\u015fkan\u0131 H\u00fcseyin Y\u00fccel<\/strong> ile <strong>Bah\u00e7e\u015fehir \u00dcniversitesi Rekt\u00f6r\u00fc Prof. Dr. \u015eirin Karadeniz<\/strong> de kat\u0131ld\u0131. Y\u00fccel ve Karadeniz, fuar kapsam\u0131nda d\u00fczenlenen S\u00fcrd\u00fcr\u00fclebilir Bir Gelecek \u0130\u00e7in K\u00fcresel E\u011fitim oturumunda konu\u015fmac\u0131 olarak yer ald\u0131.<\/p>\n<p>Bah\u00e7e\u015fehir Koleji \u0130cra Kurulu Ba\u015fkan\u0131 H\u00fcseyin Y\u00fccel Euro Star\u2019da yay\u0131nlanan <strong>Brit-\u0130\u015f Ya\u015fam<\/strong> program\u0131 sunucusu <strong>Eda Bayraktar\u2019<\/strong>\u0131n sorular\u0131n\u0131 yan\u0131tlad\u0131.<\/p><div id=\"briti-876356677\" class=\"briti-icerik\" style=\"margin-top: 5px;margin-bottom: 5px;\"><a href=\"https:\/\/piaryum.com\/services\/\" aria-label=\"piaryum banner\"><img loading=\"lazy\" decoding=\"async\" src=\"https:\/\/by-tv.co.uk\/wp-content\/uploads\/2025\/12\/Gemini_Generated_Image_g5yqr1g5yqr1g5yq.jpg\" alt=\"\"  width=\"2064\" height=\"1152\"   \/><\/a><\/div>\n<p><iframe loading=\"lazy\" src=\"https:\/\/www.youtube.com\/embed\/5NuIVdfUNBE\" width=\"751\" height=\"422\" frameborder=\"0\" allowfullscreen=\"allowfullscreen\"><\/iframe><\/p>\n<p>H\u00fcseyin Y\u00fccel fuar ile ilgili g\u00f6zlemlerini aktard\u0131. Y\u00fccel, \u2018\u2019Yakla\u015f\u0131k 6-7 y\u0131ld\u0131r bu fuara kat\u0131l\u0131yoruz. Ancak son 2 y\u0131ld\u0131r kendi \u00fcr\u00fcnlerimizle kat\u0131l\u0131yoruz. Kendi stand\u0131m\u0131z\u0131 a\u00e7t\u0131k. \u00d6\u011fretmenlerimizin, AR-GE departman\u0131m\u0131z\u0131n \u00fcretmi\u015f oldu\u011fu \u00fcr\u00fcnlerimizi burada sergilemeye geldik. Ayn\u0131 zamanda kendi Fen ve Teknoloji liselerimizdeki \u00f6\u011frencilerin STEM e\u011fitimi kapsam\u0131nda \u00fcretti\u011fi \u00fcr\u00fcnler var. Onlar\u0131 gelip burada sergileme f\u0131rsat\u0131 bulduk ve bunlar\u0131 ihra\u00e7 etme gibi bir amac\u0131m\u0131z var. BETT d\u00fcnyan\u0131n en b\u00fcy\u00fck e\u011fitim teknolojileri fuar\u0131 ve her ge\u00e7en g\u00fcn de kat\u0131l\u0131mc\u0131 say\u0131s\u0131 art\u0131yor. Bu fuar \u00f6zellikle e\u011fitim ve yaz\u0131l\u0131m camias\u0131 taraf\u0131nda \u00e7ok \u00f6nemli. Hemen arkam\u0131zda Microsoft var di\u011fer tarafta Google var. Sadece b\u00fcy\u00fck firmalar yok bu firmalara yaz\u0131l\u0131m ve e\u011fitim i\u00e7eri\u011fi veren di\u011fer irili ufakl\u0131 firmalar da var. Bu a\u00e7\u0131dan bir T\u00fcrk firmas\u0131 olarak bizim burada olmam\u0131z hakikaten hem gurur verici hem de sadece art\u0131k takip etmeye gelmiyoruz ve ayn\u0131 zamanda kendi \u00fcretti\u011fimiz \u00fcr\u00fcnleri de t\u00fcm d\u00fcnyaya Ortado\u011fu\u2019ya Uzakdo\u011fu\u2019ya anlatma f\u0131rsat\u0131 buluyoruz. Bu da bizim i\u00e7in bir T\u00fcrk vatanda\u015f\u0131 olarak ger\u00e7ekten gurur verici bir olay,\u2019\u2019 dedi.<\/p>\n<h4><strong>&#8220;Lise \u00f6\u011frencileri yapay zeka temelli \u00fcr\u00fcnler \u00fcretti&#8221;<\/strong><\/h4>\n<p>Bah\u00e7e\u015fehir E\u011fitim Kurumlar\u0131 fuarda bu sene 2 de ana \u00fcr\u00fcn tan\u0131tt\u0131. Fuarda tan\u0131t\u0131lan \u00fcr\u00fcnlerden biri Bah\u00e7e\u015fehir Fen ve Teknoloji liselerinde y\u00fczde y\u00fcz burslu okuyan \u00f6\u011frencilerin \u00fcretti\u011fi \u201cOtomatik Paket Raporlama Sistemi&#8221;. Fuarda sergiledikleri bir di\u011fer \u00fcr\u00fcn\u00fcn de \u201cMetodbox\u201d adl\u0131 yapay zeka temelli \u00f6\u011frenme platformu oldu\u011funu belirten Y\u00fccel, platformun Bah\u00e7e\u015fehir E\u011fitim Kurumlar\u0131&#8217;nda g\u00f6rev yapan \u00f6\u011fretmenlerin katk\u0131s\u0131 ve Ankara Teknopark\u2019ta 3 y\u0131ll\u0131k bir \u00e7al\u0131\u015fma y\u00fcr\u00fcten 40\u2019a yak\u0131n yaz\u0131l\u0131mc\u0131n\u0131n imzas\u0131n\u0131 ta\u015f\u0131d\u0131\u011f\u0131n\u0131 kaydetti.<\/p>\n<p>Mezun dayan\u0131\u015fmas\u0131na da de\u011finen H\u00fcseyin Y\u00fccel; \u2018\u2019Bizim Bah\u00e7e\u015fehir E\u011fitim Kurumlar\u0131 olarak amac\u0131m\u0131z bir aile olmak. O y\u00fczden mezunlar\u0131m\u0131zla ba\u011flant\u0131m\u0131z\u0131 koparm\u0131yoruz. \u0130ngiltere\u2019de de yat\u0131r\u0131m yapmaya devam edece\u011fiz. Londra&#8217;da <a href=\"https:\/\/www.mla-uk.com\" target=\"_blank\" rel=\"noopener\">MLA College<\/a>\u2018i sat\u0131n alma yoluyla b\u00fcnyemize katt\u0131k. Gelecek sene tam anlam\u0131yla faaliyete ge\u00e7ecek.\u2019\u2019 dedi.<\/p>\n<h4><strong>&#8220;E\u011fitim, T\u00fcrkiye\u2019de bir sekt\u00f6r olarak alg\u0131lanm\u0131yor&#8221;<\/strong><\/h4>\n<p>T\u00fcrkiye\u2019de e\u011fitimin bir sekt\u00f6r olarak alg\u0131lanmad\u0131\u011f\u0131n\u0131 belirten Bah\u00e7e\u015fehir Koleji \u0130cra Kurulu Ba\u015fkan\u0131 H\u00fcseyin Y\u00fccel; e\u011fitimin bir end\u00fcstri oldu\u011funu ve e\u011fitimin i\u00e7eri\u011finin \u00fcretilip t\u00fcketilebilen ve sat\u0131lan bir \u00fcr\u00fcn oldu\u011funu s\u00f6yledi. Bunu s\u00f6ylediklerinde \u00e7ok tepki \u00e7ektiklerini de belirten Y\u00fccel, T\u00fcrkiye\u2019nin f\u0131nd\u0131k f\u0131st\u0131k satarak zengin olamayaca\u011f\u0131n\u0131, katma de\u011feri y\u00fcksek \u00fcr\u00fcn satmak zorunda oldu\u011funu belirtti. Katma de\u011feri y\u00fcksek \u00fcr\u00fcn satmak i\u00e7in de \u00e7ocuklar\u0131 iyi e\u011fitmenin gereklili\u011fine dikkat \u00e7ekti.<\/p>\n<h4>BAU Global Yurtd\u0131\u015f\u0131 Yat\u0131r\u0131mlar\u0131na Devam Edecek<\/h4>\n<p><span style=\"font-weight: 400;\">BETT 2020 E\u011fitim Teknolojileri fuar\u0131nda; <strong>Bah\u00e7e\u015fehir \u00dcniversitesi Rekt\u00f6r\u00fc Prof.Dr. \u015eirin Karadeniz<\/strong> ile Brit-\u0130\u015f Ya\u015fam program\u0131 sunucusu Eda Bayraktar bir r\u00f6portaj ger\u00e7ekle\u015ftirdi.<\/span><\/p>\n<p><span style=\"font-weight: 400;\">BAU Global olarak fuarda g\u00f6rd\u00fc\u011f\u00fc ilgiden memnuniyetini dile getiren Prof. Dr. Karadeniz, BAU Global a\u011f\u0131nda 6 tane \u00fcniversitenin oldu\u011funu ve en son yat\u0131r\u0131mlar\u0131n\u0131 \u0130ngiltere\u2019ye yapt\u0131\u011f\u0131n\u0131 a\u00e7\u0131klad\u0131.\u00a0\u00a0<\/span><\/p>\n<p><iframe loading=\"lazy\" src=\"https:\/\/www.youtube.com\/embed\/CCgbPinZvHY\" width=\"751\" height=\"422\" frameborder=\"0\" allowfullscreen=\"allowfullscreen\"><\/iframe><span style=\"font-weight: 400;\">Plymouth\u2019da bulunan <strong>MLA College<\/strong>\u2019i b\u00fcnyelerine katt\u0131klar\u0131n\u0131 ve\u00a0 <strong>IMarEST<\/strong> ile i\u015fbirli\u011fi yaparak denizcilik \u00fczerine faaliyet g\u00f6steren bir \u00fcniversite olaca\u011f\u0131n\u0131 belirtti.<\/span><\/p>\n<p><span style=\"font-weight: 400;\">Prof. Dr. Karadeniz: \u2018\u2019\u00dcniversitelere yat\u0131r\u0131mlar\u0131n yan\u0131 s\u0131ra BAU Global a\u011f\u0131n\u0131 geni\u015fletmemiz sadece \u00fcniversite \u00f6\u011frencilerimiz i\u00e7in de\u011fil hocalar\u0131m\u0131z i\u00e7in de bir art\u0131. BAU Global yak\u0131n zamanda MIT\u2019nin kurdu\u011fu bir konsorsiyuma \u00fcye oldu. Bu \u015fu demek ayn\u0131 zamanda o konsorsiyumdaki \u00fcniversitelerin laboratuvarlar\u0131n\u0131 hocalar\u0131m\u0131z ve\u00a0 \u00f6\u011frencilerimiz de kullanabilecek. En son Birle\u015fmi\u015f Milletler\u2019in kurdu\u011fu bir \u00fcniversiteler a\u011f\u0131 var. O a\u011f\u0131n i\u00e7inde de T\u00fcrkiye&#8217;den tek \u00fcniversite olarak BAU var. BAU Global b\u00fcy\u00fcyecek. \u00d6rne\u011fin Boston \u0130nnovation Center\u2019da bir giri\u015fimcilik merkezi kurduk. \u0130ngiltere ve Berlin i\u00e7in de b\u00f6yle bir plan\u0131m\u0131z var. Start uplar i\u00e7in \u00e7e\u015fitli kulu\u00e7ka merkezlerini buralarda faaliyet ge\u00e7irece\u011fiz. Bunlar\u0131 daha \u00e7ok birbirine entegre ederek hem \u00f6\u011frenci hareketlili\u011fi sa\u011flayaca\u011f\u0131z. Hem de giri\u015fim hareketlili\u011fi sa\u011flayaca\u011f\u0131z. BAU\u2019nun 5 \u00f6\u011frencisinden biri uluslararas\u0131. 123 \u00fclkeden \u00f6\u011frencilerimiz var.\u2019\u2019 diye a\u00e7\u0131klamada bulundu.<\/span><\/p>\n<div id=\"briti-3001357257\" class=\"briti-icerikten-sonra_2\" style=\"margin-top: 25px;margin-bottom: 25px;\"><a href=\"https:\/\/wa.me\/message\/NDZLLIOQT4H3O1\" aria-label=\"bytv reklam banner\"><img loading=\"lazy\" decoding=\"async\" src=\"https:\/\/by-tv.co.uk\/wp-content\/uploads\/2025\/12\/bytv-reklam-banner.jpg\" alt=\"\"  width=\"2376\" height=\"1008\"   \/><\/a><\/div>","protected":false},"excerpt":{"rendered":"<p>Bu y\u0131l 146 \u00fclkeden 800\u2019den fazla \u015firketin kat\u0131ld\u0131\u011f\u0131 ve 1985 y\u0131l\u0131ndan bu yana d\u00fczenlenen e\u011fitim teknolojileri fuar\u0131na T\u00fcrkiye\u2019den \u00fcniversite olarak sadece Bah\u00e7e\u015fehir \u00dcniversitesi kat\u0131ld\u0131. BETT Show&#8217;da, Bah\u00e7e\u015fehir \u00dcniversitesi bilim insanlar\u0131 liderli\u011finde Bah\u00e7e\u015fehir Kolejleri teknoloji birimi taraf\u0131ndan \u00fcretilen hidrolik kol, geri d\u00f6n\u00fc\u015f\u00fcm filamenti, solar panel gibi teknolojik \u00fcr\u00fcnler ile yapay zeka temelli dijital \u00f6\u011frenme platformu Metodbox sergilendi. Fuara Bah\u00e7e\u015fehir Koleji \u0130cra Kurulu Ba\u015fkan\u0131 H\u00fcseyin Y\u00fccel ile Bah\u00e7e\u015fehir \u00dcniversitesi Rekt\u00f6r\u00fc Prof. Dr. \u015eirin Karadeniz de kat\u0131ld\u0131. Y\u00fccel ve Karadeniz, fuar kapsam\u0131nda d\u00fczenlenen S\u00fcrd\u00fcr\u00fclebilir Bir Gelecek \u0130\u00e7in K\u00fcresel E\u011fitim oturumunda konu\u015fmac\u0131 olarak yer ald\u0131. Bah\u00e7e\u015fehir Koleji \u0130cra Kurulu Ba\u015fkan\u0131 H\u00fcseyin Y\u00fccel Euro Star\u2019da [&hellip;]<\/p>\n","protected":false},"author":1,"featured_media":3073,"comment_status":"open","ping_status":"open","sticky":true,"template":"","format":"video","meta":{"ngg_post_thumbnail":0,"footnotes":""},"categories":[2,8],"tags":[378,375,376,377,382,380,381,379,402],"class_list":["post-3072","post","type-post","status-publish","format-video","has-post-thumbnail","hentry","category-is-dunyasi","category-teknoloji","tag-bahcesehir-universitesi","tag-bau","tag-bau-global","tag-bett","tag-egitim-teknolojileri","tag-huseyin-yucel","tag-metodbox","tag-mla-college","tag-prof-dr-sirin-karadeniz","post_format-post-format-video"],"_links":{"self":[{"href":"https:\/\/by-tv.co.uk\/en\/wp-json\/wp\/v2\/posts\/3072","targetHints":{"allow":["GET"]}}],"collection":[{"href":"https:\/\/by-tv.co.uk\/en\/wp-json\/wp\/v2\/posts"}],"about":[{"href":"https:\/\/by-tv.co.uk\/en\/wp-json\/wp\/v2\/types\/post"}],"author":[{"embeddable":true,"href":"https:\/\/by-tv.co.uk\/en\/wp-json\/wp\/v2\/users\/1"}],"replies":[{"embeddable":true,"href":"https:\/\/by-tv.co.uk\/en\/wp-json\/wp\/v2\/comments?post=3072"}],"version-history":[{"count":0,"href":"https:\/\/by-tv.co.uk\/en\/wp-json\/wp\/v2\/posts\/3072\/revisions"}],"wp:featuredmedia":[{"embeddable":true,"href":"https:\/\/by-tv.co.uk\/en\/wp-json\/wp\/v2\/media\/3073"}],"wp:attachment":[{"href":"https:\/\/by-tv.co.uk\/en\/wp-json\/wp\/v2\/media?parent=3072"}],"wp:term":[{"taxonomy":"category","embeddable":true,"href":"https:\/\/by-tv.co.uk\/en\/wp-json\/wp\/v2\/categories?post=3072"},{"taxonomy":"post_tag","embeddable":true,"href":"https:\/\/by-tv.co.uk\/en\/wp-json\/wp\/v2\/tags?post=3072"}],"curies":[{"name":"wp","href":"https:\/\/api.w.org\/{rel}","templated":true}]}}