{"id":29641,"date":"2025-02-01T00:56:55","date_gmt":"2025-02-01T00:56:55","guid":{"rendered":"https:\/\/by-tv.co.uk\/?p=29641"},"modified":"2025-02-01T00:56:55","modified_gmt":"2025-02-01T00:56:55","slug":"brexitin-bes-yil-sonraki-etkileri-birlesik-krallikta-degisen-ekonomik-ve-sosyal-dinamikler","status":"publish","type":"post","link":"https:\/\/by-tv.co.uk\/en\/brexitin-bes-yil-sonraki-etkileri-birlesik-krallikta-degisen-ekonomik-ve-sosyal-dinamikler\/","title":{"rendered":"Brexit\u2019in Be\u015f Y\u0131l Sonraki Etkileri: Birle\u015fik Krall\u0131k\u2019ta De\u011fi\u015fen Ekonomik ve Sosyal Dinamikler"},"content":{"rendered":"<p>Birle\u015fik Krall\u0131k, 31 Ocak 2020\u2019de Avrupa Birli\u011fi\u2019nden ayr\u0131ld\u0131. Ancak, ticaretin devaml\u0131l\u0131\u011f\u0131n\u0131 sa\u011flamak amac\u0131yla <strong>AB\u2019nin tek pazar\u0131 ve g\u00fcmr\u00fck birli\u011finde 11 ay daha kalmaya devam etti<\/strong>. 1 Ocak 2021 itibar\u0131yla tam anlam\u0131yla AB\u2019den ayr\u0131lan \u00fclke, ticaret, g\u00f6\u00e7 ve ekonomi politikalar\u0131nda \u00f6nemli de\u011fi\u015fimler ya\u015fad\u0131.<\/p>\n<p>Bu s\u00fcre\u00e7te, <strong>\u00f6zellikle ticaret alan\u0131nda yeni zorluklarla kar\u015f\u0131la\u015f\u0131ld\u0131<\/strong>. AB ile yap\u0131lan serbest ticaret anla\u015fmas\u0131 sayesinde ithalat ve ihracatta tarifeler uygulanmasa da, <strong>artan b\u00fcrokratik engeller ve yeni evrak i\u015flemleri \u015firketler i\u00e7in b\u00fcy\u00fck bir y\u00fck olu\u015fturdu<\/strong>. K\u00fc\u00e7\u00fck ve orta \u00f6l\u00e7ekli i\u015fletmeler, <strong>AB ile ticaret yaparken daha fazla maliyet ve zaman kayb\u0131 ya\u015fad\u0131klar\u0131n\u0131<\/strong> belirtirken, \u0130ngiltere B\u00fct\u00e7e Sorumluluk Ofisi (OBR), Brexit\u2019in uzun vadede <strong>Birle\u015fik Krall\u0131k ekonomisinin %4 k\u00fc\u00e7\u00fclmesine neden olaca\u011f\u0131n\u0131<\/strong> ve ticaret hacmini %15 oran\u0131nda azaltaca\u011f\u0131n\u0131 \u00f6ng\u00f6r\u00fcyor.<\/p>\n<p>Brexit sonras\u0131, Birle\u015fik Krall\u0131k h\u00fck\u00fcmeti <strong>yeni ticaret anla\u015fmalar\u0131 yapma yetkisini kazand\u0131<\/strong>. Avustralya, Yeni Zelanda ve <strong>Kapsaml\u0131 ve \u0130lerici Trans-Pasifik Ortakl\u0131\u011f\u0131 (CPTPP)<\/strong> gibi \u00fclkelerle anla\u015fmalar imzalan\u0131rken, ABD ve Hindistan ile m\u00fczakereler devam ediyor. Ancak yap\u0131lan analizlere g\u00f6re, <strong>bu anla\u015fmalar\u0131n ekonomik getirisi, AB ile kaybedilen ticari avantajlar\u0131 tam anlam\u0131yla telafi edemiyor<\/strong>.<\/p><div id=\"briti-2460572890\" class=\"briti-icerik\" style=\"margin-top: 5px;margin-bottom: 5px;\"><a href=\"https:\/\/piaryum.com\/services\/\" aria-label=\"piaryum banner\"><img loading=\"lazy\" decoding=\"async\" src=\"https:\/\/by-tv.co.uk\/wp-content\/uploads\/2025\/12\/Gemini_Generated_Image_g5yqr1g5yqr1g5yq.jpg\" alt=\"\"  width=\"2064\" height=\"1152\"   \/><\/a><\/div>\n<h3><strong>G\u00f6\u00e7 Politikalar\u0131nda Radikal De\u011fi\u015fiklikler<\/strong><\/h3>\n<p>Brexit\u2019in en b\u00fcy\u00fck etkilerinden biri de g\u00f6\u00e7 politikalar\u0131nda g\u00f6r\u00fcld\u00fc. 2016\u2019daki referandum kampanyalar\u0131nda en \u00e7ok tart\u0131\u015f\u0131lan konulardan biri olan <strong>AB vatanda\u015flar\u0131n\u0131n serbest dola\u015f\u0131m hakk\u0131<\/strong>, Brexit sonras\u0131 sona erdi. Yeni g\u00f6\u00e7 politikalar\u0131na g\u00f6re, <strong>hem AB hem de AB d\u0131\u015f\u0131 \u00fclkelerden gelenler i\u00e7in vize zorunlulu\u011fu getirildi<\/strong>.<\/p>\n<p>Ancak bu durum, g\u00f6\u00e7 seviyelerinin azalmas\u0131 anlam\u0131na gelmedi. <strong>\u00d6zellikle sa\u011fl\u0131k ve bak\u0131m sekt\u00f6r\u00fcnde i\u015f g\u00fcc\u00fc a\u00e7\u0131\u011f\u0131n\u0131 kapatmak i\u00e7in verilen \u00e7al\u0131\u015fma vizeleri<\/strong> ve uluslararas\u0131 \u00f6\u011frencilerin artan ilgisi, <strong>AB d\u0131\u015f\u0131ndan gelen g\u00f6\u00e7menlerin say\u0131s\u0131nda ciddi bir y\u00fckseli\u015fe neden oldu<\/strong>.<\/p>\n<p>\u0130ngiltere\u2019ye gelen uluslararas\u0131 \u00f6\u011frencilerin say\u0131s\u0131ndaki art\u0131\u015fta, <strong>Boris Johnson h\u00fck\u00fcmetinin 2021 y\u0131l\u0131nda mezun olan \u00f6\u011frencilere \u00e7al\u0131\u015fma izni tan\u0131mas\u0131 \u00f6nemli bir rol oynad\u0131<\/strong>. \u00dcniversitelerin mali a\u00e7\u0131dan zorland\u0131\u011f\u0131 bir d\u00f6nemde, <strong>uluslararas\u0131 \u00f6\u011frenciler Birle\u015fik Krall\u0131k\u2019taki e\u011fitim sekt\u00f6r\u00fcn\u00fcn \u00f6nemli bir finansal kayna\u011f\u0131 haline geldi<\/strong>.<\/p>\n<h3><strong>Bilim ve Ara\u015ft\u0131rma Alan\u0131nda AB ile Yeniden \u0130\u015fbirli\u011fi<\/strong><\/h3>\n<p>Brexit\u2019in ard\u0131ndan bilim ve ara\u015ft\u0131rma alan\u0131nda <strong>AB ile olan ortakl\u0131klar da yeniden d\u00fczenlendi<\/strong>. Birle\u015fik Krall\u0131k, uzun s\u00fcren m\u00fczakerelerin ard\u0131ndan AB\u2019nin bilimsel ara\u015ft\u0131rma program\u0131 olan <strong>Horizon Europe\u2019a yeniden kat\u0131lma karar\u0131 ald\u0131<\/strong>. Ancak bu kat\u0131l\u0131m\u0131n bir bedeli var. \u00dclke, bu program i\u00e7in <strong>AB b\u00fct\u00e7esine y\u0131ll\u0131k ortalama 2 milyar sterlin \u00f6deme yapmak zorunda<\/strong>.<\/p>\n<p>Uzmanlara g\u00f6re, Birle\u015fik Krall\u0131k ge\u00e7mi\u015fte Horizon Europe\u2019dan <strong>en fazla fon alan \u00fclkelerden biri oldu\u011fu i\u00e7in<\/strong> bu ortakl\u0131k uzun vadede faydal\u0131 olabilir. Ancak gelecekte bilimsel ara\u015ft\u0131rmalarda AB ile daha fazla i\u015fbirli\u011fi yap\u0131lmas\u0131 gerekecek.<\/p>\n<h3><strong>Brexit Sonras\u0131 AB ile \u0130li\u015fkiler: \u0130\u015f\u00e7i Partisi Yeni Bir Sayfa A\u00e7mak \u0130stiyor<\/strong><\/h3>\n<p>Brexit\u2019in Birle\u015fik Krall\u0131k \u00fczerindeki etkileri hala hissedilirken, <strong>4 Temmuz 2024\u2019te iktidara gelen \u0130\u015f\u00e7i Partisi, AB ile ili\u015fkileri yeniden \u015fekillendirmeyi hedefliyor<\/strong>. \u0130\u015f\u00e7i Partisi lideri ve Ba\u015fbakan Keir Starmer, AB ile <strong>yeniden yak\u0131n i\u015fbirli\u011fi kurmay\u0131 desteklerken, tam \u00fcyelik i\u00e7in bir giri\u015fimde bulunulmayaca\u011f\u0131n\u0131<\/strong> belirtti.<\/p>\n<p>\u00d6zellikle <strong>ticaret, bilimsel ara\u015ft\u0131rmalar ve s\u0131n\u0131r g\u00fcvenli\u011fi konular\u0131nda daha g\u00fc\u00e7l\u00fc ortakl\u0131klar kurulmas\u0131<\/strong> bekleniyor. \u0130\u015f\u00e7i Partisi h\u00fck\u00fcmeti, <strong>\u0130ngiltere\u2019nin ekonomik b\u00fcy\u00fcmesini h\u0131zland\u0131rmak ve ticaretin \u00f6n\u00fcndeki engelleri azaltmak i\u00e7in AB ile daha fazla diyalog kurmay\u0131 ama\u00e7l\u0131yor<\/strong>.<\/p>\n<h3><strong>Brexit\u2019in Be\u015finci Y\u0131l\u0131nda Genel De\u011ferlendirme<\/strong><\/h3>\n<p>Brexit\u2019in \u00fczerinden be\u015f y\u0131l ge\u00e7mesine ra\u011fmen, <strong>ticaret, g\u00f6\u00e7, ekonomi ve AB ile i\u015fbirli\u011fi konular\u0131nda tart\u0131\u015fmalar devam ediyor<\/strong>.<\/p>\n<ul>\n<li><strong>Ekonomik b\u00fcy\u00fcme beklentileri d\u00fc\u015ferken, ticarette ya\u015fanan b\u00fcrokratik engeller \u00f6zellikle k\u00fc\u00e7\u00fck i\u015fletmeleri zorlamaya devam ediyor<\/strong>.<\/li>\n<li><strong>G\u00f6\u00e7 politikalar\u0131nda AB vatanda\u015flar\u0131na y\u00f6nelik k\u0131s\u0131tlamalar uygulan\u0131rken, AB d\u0131\u015f\u0131ndan gelen g\u00f6\u00e7men say\u0131s\u0131nda belirgin bir art\u0131\u015f ya\u015fand\u0131<\/strong>.<\/li>\n<li><strong>Bilim ve ara\u015ft\u0131rma alan\u0131nda AB ile yeniden i\u015fbirli\u011fi kurulsa da, uzun vadeli etkileri hen\u00fcz net de\u011fil<\/strong>.<\/li>\n<li><strong>Yeni h\u00fck\u00fcmet, AB ile ili\u015fkileri yeniden d\u00fczenlemek isterken, Brexit\u2019in getirdi\u011fi ticari ve ekonomik sonu\u00e7lar hala b\u00fcy\u00fck bir tart\u0131\u015fma konusu olmaya devam ediyor<\/strong>.<\/li>\n<\/ul>\n<p>\u00d6n\u00fcm\u00fczdeki y\u0131llarda, Brexit\u2019in etkileri daha da belirgin hale gelecek. <strong>Birle\u015fik Krall\u0131k\u2019\u0131n k\u00fcresel ticaret, ekonomi ve g\u00f6\u00e7 politikalar\u0131ndaki y\u00f6nelimi, \u00fclkenin uzun vadeli b\u00fcy\u00fcmesini belirleyecek en \u00f6nemli fakt\u00f6rlerden biri olacak<\/strong>.<\/p>\n<div id=\"briti-4133518447\" class=\"briti-icerikten-sonra_2\" style=\"margin-top: 25px;margin-bottom: 25px;\"><a href=\"https:\/\/wa.me\/message\/NDZLLIOQT4H3O1\" aria-label=\"bytv reklam banner\"><img loading=\"lazy\" decoding=\"async\" src=\"https:\/\/by-tv.co.uk\/wp-content\/uploads\/2025\/12\/bytv-reklam-banner.jpg\" alt=\"\"  width=\"2376\" height=\"1008\"   \/><\/a><\/div>","protected":false},"excerpt":{"rendered":"<p>Birle\u015fik Krall\u0131k, 31 Ocak 2020\u2019de Avrupa Birli\u011fi\u2019nden ayr\u0131ld\u0131. Ancak, ticaretin devaml\u0131l\u0131\u011f\u0131n\u0131 sa\u011flamak amac\u0131yla AB\u2019nin tek pazar\u0131 ve g\u00fcmr\u00fck birli\u011finde 11 ay daha kalmaya devam etti. 1 Ocak 2021 itibar\u0131yla tam anlam\u0131yla AB\u2019den ayr\u0131lan \u00fclke, ticaret, g\u00f6\u00e7 ve ekonomi politikalar\u0131nda \u00f6nemli de\u011fi\u015fimler ya\u015fad\u0131. Bu s\u00fcre\u00e7te, \u00f6zellikle ticaret alan\u0131nda yeni zorluklarla kar\u015f\u0131la\u015f\u0131ld\u0131. AB ile yap\u0131lan serbest ticaret anla\u015fmas\u0131 sayesinde ithalat ve ihracatta tarifeler uygulanmasa da, artan b\u00fcrokratik engeller ve yeni evrak i\u015flemleri \u015firketler i\u00e7in b\u00fcy\u00fck bir y\u00fck olu\u015fturdu. K\u00fc\u00e7\u00fck ve orta \u00f6l\u00e7ekli i\u015fletmeler, AB ile ticaret yaparken daha fazla maliyet ve zaman kayb\u0131 ya\u015fad\u0131klar\u0131n\u0131 belirtirken, \u0130ngiltere B\u00fct\u00e7e Sorumluluk Ofisi (OBR), Brexit\u2019in uzun [&hellip;]<\/p>\n","protected":false},"author":1,"featured_media":23242,"comment_status":"open","ping_status":"open","sticky":false,"template":"","format":"standard","meta":{"ngg_post_thumbnail":0,"footnotes":""},"categories":[5269,4386],"tags":[],"class_list":["post-29641","post","type-post","status-publish","format-standard","has-post-thumbnail","hentry","category-birlesik-krallik","category-birlesik-kralllik-avrupa-birligi"],"_links":{"self":[{"href":"https:\/\/by-tv.co.uk\/en\/wp-json\/wp\/v2\/posts\/29641","targetHints":{"allow":["GET"]}}],"collection":[{"href":"https:\/\/by-tv.co.uk\/en\/wp-json\/wp\/v2\/posts"}],"about":[{"href":"https:\/\/by-tv.co.uk\/en\/wp-json\/wp\/v2\/types\/post"}],"author":[{"embeddable":true,"href":"https:\/\/by-tv.co.uk\/en\/wp-json\/wp\/v2\/users\/1"}],"replies":[{"embeddable":true,"href":"https:\/\/by-tv.co.uk\/en\/wp-json\/wp\/v2\/comments?post=29641"}],"version-history":[{"count":0,"href":"https:\/\/by-tv.co.uk\/en\/wp-json\/wp\/v2\/posts\/29641\/revisions"}],"wp:featuredmedia":[{"embeddable":true,"href":"https:\/\/by-tv.co.uk\/en\/wp-json\/wp\/v2\/media\/23242"}],"wp:attachment":[{"href":"https:\/\/by-tv.co.uk\/en\/wp-json\/wp\/v2\/media?parent=29641"}],"wp:term":[{"taxonomy":"category","embeddable":true,"href":"https:\/\/by-tv.co.uk\/en\/wp-json\/wp\/v2\/categories?post=29641"},{"taxonomy":"post_tag","embeddable":true,"href":"https:\/\/by-tv.co.uk\/en\/wp-json\/wp\/v2\/tags?post=29641"}],"curies":[{"name":"wp","href":"https:\/\/api.w.org\/{rel}","templated":true}]}}