{"id":29636,"date":"2025-02-01T00:19:08","date_gmt":"2025-02-01T00:19:08","guid":{"rendered":"https:\/\/by-tv.co.uk\/?p=29636"},"modified":"2025-02-01T00:19:42","modified_gmt":"2025-02-01T00:19:42","slug":"ingilterenin-diplomatik-vize-duzenlemesi-sadece-turkiyeye-yonelik-bir-duzenleme-degil","status":"publish","type":"post","link":"https:\/\/by-tv.co.uk\/en\/ingilterenin-diplomatik-vize-duzenlemesi-sadece-turkiyeye-yonelik-bir-duzenleme-degil\/","title":{"rendered":"\u0130ngiltere&#8217;nin Diplomatik Vize D\u00fczenlemesi Sadece T\u00fcrkiye&#8217;ye Y\u00f6nelik Bir D\u00fczenleme De\u011fil"},"content":{"rendered":"<p>Birle\u015fik Krall\u0131k h\u00fck\u00fcmeti, 11 Mart 2025\u2019te y\u00fcr\u00fcrl\u00fc\u011fe girecek Diplomatik Vize D\u00fczenlemesi (DVA) kapsam\u0131nda, diplomatik pasaport sahiplerine y\u00f6nelik yeni vize uygulamas\u0131na ge\u00e7ilece\u011fini duyurdu. Resmi kaynaklar, bu de\u011fi\u015fikli\u011fin k\u00fcresel \u00e7apta yeni s\u0131n\u0131r politikalar\u0131n\u0131n bir par\u00e7as\u0131 oldu\u011funu ve yaln\u0131zca T\u00fcrkiye\u2019ye y\u00f6nelik \u00f6zel bir karar olmad\u0131\u011f\u0131n\u0131 vurgulad\u0131.<\/p>\n<h4>Diplomatik Pasaport Sahiplerine Kolayla\u015ft\u0131r\u0131lm\u0131\u015f Vize<\/h4>\n<p>Birle\u015fik Krall\u0131k yetkilileri taraf\u0131ndan yap\u0131lan a\u00e7\u0131klamada, diplomatik pasaport sahipleri i\u00e7in kolayla\u015ft\u0131r\u0131lm\u0131\u015f bir vize uygulamas\u0131 getirildi\u011fi belirtildi. Yeni d\u00fczenleme kapsam\u0131nda, bu pasaporta sahip ki\u015filerin bizzat ba\u015fvuru yapmas\u0131na gerek kalmadan ve \u00fccretsiz \u015fekilde vize alabilece\u011fi ifade edildi.<\/p>\n<p>A\u00e7\u0131klamada, bu de\u011fi\u015fikli\u011fin &#8220;S\u0131n\u0131rlar\u0131n D\u00f6n\u00fc\u015f\u00fcm\u00fc ve Modernizasyonu&#8221; program\u0131 \u00e7er\u00e7evesinde ve Evrensel Seyahat \u0130zni (Universal Permission to Travel) uygulamas\u0131 kapsam\u0131nda yap\u0131ld\u0131\u011f\u0131 aktar\u0131ld\u0131. Yeni d\u00fczenlemeyle, Birle\u015fik Krall\u0131k\u2019a seyahat edecek t\u00fcm yabanc\u0131lar\u0131n \u00f6nceden seyahat izni alma zorunlulu\u011fu getirildi.<\/p><div id=\"briti-2096729241\" class=\"briti-icerik\" style=\"margin-top: 5px;margin-bottom: 5px;\"><a href=\"https:\/\/piaryum.com\/services\/\" aria-label=\"piaryum banner\"><img loading=\"lazy\" decoding=\"async\" src=\"https:\/\/by-tv.co.uk\/wp-content\/uploads\/2025\/12\/Gemini_Generated_Image_g5yqr1g5yqr1g5yq.jpg\" alt=\"\"  width=\"2064\" height=\"1152\"   \/><\/a><\/div>\n<h4>Diplomatik Vize Muafiyeti Sonland\u0131r\u0131ld\u0131<\/h4>\n<p>Birle\u015fik Krall\u0131k G\u00f6\u00e7 Bakan\u0131 Seema Malhotra, 10 Eyl\u00fcl 2024\u2019te yapt\u0131\u011f\u0131 a\u00e7\u0131klamada, Diplomatik Vize Muafiyeti (DVWs) program\u0131n\u0131n kald\u0131r\u0131laca\u011f\u0131n\u0131 ve yerine Diplomatik Vize D\u00fczenlemesi (DVA) kapsam\u0131nda bir ziyaret\u00e7i vizesi getirilece\u011fini duyurmu\u015ftu.<\/p>\n<p>Yeni sistemin, diplomatik seyahatleri desteklemeyi ve kolayla\u015ft\u0131rmay\u0131 ama\u00e7lad\u0131\u011f\u0131, ancak ayn\u0131 zamanda ziyaret\u00e7ilerin belirli standart faaliyetlerde bulunmalar\u0131na da olanak tan\u0131yaca\u011f\u0131 belirtildi.<\/p>\n<h4>VIP Delege Vizesi Uygulamas\u0131 Ba\u015flat\u0131l\u0131yor<\/h4>\n<p>Yeni d\u00fczenleme kapsam\u0131nda ayr\u0131ca, &#8216;VIP Delege Vizesi&#8217; (VIP Delegate Visa) ad\u0131 alt\u0131nda \u00f6zel bir vize t\u00fcr\u00fc olu\u015fturuldu. Bu vize, yabanc\u0131 Devlet Ba\u015fkanlar\u0131na e\u015flik eden ve Birle\u015fik Krall\u0131k\u2019a resmi ziyaret ger\u00e7ekle\u015ftiren delegasyonlar\u0131 kapsayacak.<\/p>\n<p>VIP vizesinin, Devlet Ba\u015fkanlar\u0131na e\u015flik eden h\u00fck\u00fcmet yetkilileri i\u00e7in 20 ki\u015fiyle, Bakanlara e\u015flik eden h\u00fck\u00fcmet yetkilileri i\u00e7in ise 10 ki\u015fiyle s\u0131n\u0131rland\u0131r\u0131laca\u011f\u0131 ifade edildi.<\/p>\n<p>D\u0131\u015fi\u015fleri Bakanl\u0131\u011f\u0131\u2019n\u0131n T\u00fcrkiye B\u00fcy\u00fck Millet Meclisi\u2019ne sundu\u011fu 24 Ocak 2025 tarihli bir belgeye g\u00f6re, Birle\u015fik Krall\u0131k\u2019\u0131n T\u00fcrk diplomatik pasaport sahiplerine y\u00f6nelik vize uygulayaca\u011f\u0131 iddia edilmi\u015fti. Ancak \u0130ngiliz yetkililer, bu karar\u0131n yaln\u0131zca T\u00fcrkiye\u2019ye \u00f6zel olmad\u0131\u011f\u0131n\u0131 ve k\u00fcresel \u00e7apta ge\u00e7erli bir uygulama oldu\u011funu belirtti.<\/p>\n<div id=\"briti-3835217719\" class=\"briti-icerikten-sonra_2\" style=\"margin-top: 25px;margin-bottom: 25px;\"><a href=\"https:\/\/wa.me\/message\/NDZLLIOQT4H3O1\" aria-label=\"bytv reklam banner\"><img loading=\"lazy\" decoding=\"async\" src=\"https:\/\/by-tv.co.uk\/wp-content\/uploads\/2025\/12\/bytv-reklam-banner.jpg\" alt=\"\"  width=\"2376\" height=\"1008\"   \/><\/a><\/div>","protected":false},"excerpt":{"rendered":"<p>Birle\u015fik Krall\u0131k h\u00fck\u00fcmeti, 11 Mart 2025\u2019te y\u00fcr\u00fcrl\u00fc\u011fe girecek Diplomatik Vize D\u00fczenlemesi (DVA) kapsam\u0131nda, diplomatik pasaport sahiplerine y\u00f6nelik yeni vize uygulamas\u0131na ge\u00e7ilece\u011fini duyurdu. Resmi kaynaklar, bu de\u011fi\u015fikli\u011fin k\u00fcresel \u00e7apta yeni s\u0131n\u0131r politikalar\u0131n\u0131n bir par\u00e7as\u0131 oldu\u011funu ve yaln\u0131zca T\u00fcrkiye\u2019ye y\u00f6nelik \u00f6zel bir karar olmad\u0131\u011f\u0131n\u0131 vurgulad\u0131. Diplomatik Pasaport Sahiplerine Kolayla\u015ft\u0131r\u0131lm\u0131\u015f Vize Birle\u015fik Krall\u0131k yetkilileri taraf\u0131ndan yap\u0131lan a\u00e7\u0131klamada, diplomatik pasaport sahipleri i\u00e7in kolayla\u015ft\u0131r\u0131lm\u0131\u015f bir vize uygulamas\u0131 getirildi\u011fi belirtildi. Yeni d\u00fczenleme kapsam\u0131nda, bu pasaporta sahip ki\u015filerin bizzat ba\u015fvuru yapmas\u0131na gerek kalmadan ve \u00fccretsiz \u015fekilde vize alabilece\u011fi ifade edildi. A\u00e7\u0131klamada, bu de\u011fi\u015fikli\u011fin &#8220;S\u0131n\u0131rlar\u0131n D\u00f6n\u00fc\u015f\u00fcm\u00fc ve Modernizasyonu&#8221; program\u0131 \u00e7er\u00e7evesinde ve Evrensel Seyahat \u0130zni (Universal Permission to Travel) [&hellip;]<\/p>\n","protected":false},"author":1,"featured_media":27151,"comment_status":"open","ping_status":"open","sticky":false,"template":"","format":"standard","meta":{"ngg_post_thumbnail":0,"footnotes":""},"categories":[5269],"tags":[],"class_list":["post-29636","post","type-post","status-publish","format-standard","has-post-thumbnail","hentry","category-birlesik-krallik"],"_links":{"self":[{"href":"https:\/\/by-tv.co.uk\/en\/wp-json\/wp\/v2\/posts\/29636","targetHints":{"allow":["GET"]}}],"collection":[{"href":"https:\/\/by-tv.co.uk\/en\/wp-json\/wp\/v2\/posts"}],"about":[{"href":"https:\/\/by-tv.co.uk\/en\/wp-json\/wp\/v2\/types\/post"}],"author":[{"embeddable":true,"href":"https:\/\/by-tv.co.uk\/en\/wp-json\/wp\/v2\/users\/1"}],"replies":[{"embeddable":true,"href":"https:\/\/by-tv.co.uk\/en\/wp-json\/wp\/v2\/comments?post=29636"}],"version-history":[{"count":0,"href":"https:\/\/by-tv.co.uk\/en\/wp-json\/wp\/v2\/posts\/29636\/revisions"}],"wp:featuredmedia":[{"embeddable":true,"href":"https:\/\/by-tv.co.uk\/en\/wp-json\/wp\/v2\/media\/27151"}],"wp:attachment":[{"href":"https:\/\/by-tv.co.uk\/en\/wp-json\/wp\/v2\/media?parent=29636"}],"wp:term":[{"taxonomy":"category","embeddable":true,"href":"https:\/\/by-tv.co.uk\/en\/wp-json\/wp\/v2\/categories?post=29636"},{"taxonomy":"post_tag","embeddable":true,"href":"https:\/\/by-tv.co.uk\/en\/wp-json\/wp\/v2\/tags?post=29636"}],"curies":[{"name":"wp","href":"https:\/\/api.w.org\/{rel}","templated":true}]}}