{"id":29628,"date":"2025-01-30T19:42:32","date_gmt":"2025-01-30T19:42:32","guid":{"rendered":"https:\/\/by-tv.co.uk\/?p=29628"},"modified":"2025-01-30T19:42:32","modified_gmt":"2025-01-30T19:42:32","slug":"ingilterede-hirsizlik-artiyor-perakendeciler-sucun-kontrolden-ciktigini-soyluyor","status":"publish","type":"post","link":"https:\/\/by-tv.co.uk\/en\/ingilterede-hirsizlik-artiyor-perakendeciler-sucun-kontrolden-ciktigini-soyluyor\/","title":{"rendered":"\u0130ngiltere&#8217;de H\u0131rs\u0131zl\u0131k Art\u0131yor: Perakendeciler Su\u00e7un Kontrolden \u00c7\u0131kt\u0131\u011f\u0131n\u0131 S\u00f6yl\u00fcyor"},"content":{"rendered":"<p>\u0130ngiltere&#8217;de perakende sekt\u00f6r\u00fcndeki h\u0131rs\u0131zl\u0131k vakalar\u0131n\u0131n h\u0131zla artt\u0131\u011f\u0131 ve su\u00e7lular\u0131n cezai yapt\u0131r\u0131m korkusu olmadan ma\u011fazalar\u0131 a\u00e7\u0131k\u00e7a ya\u011fmalad\u0131\u011f\u0131 belirtiliyor. \u0130ngiliz Perakende Konsorsiyumu\u2019nun (BRC) y\u0131ll\u0131k su\u00e7 raporuna g\u00f6re, Eyl\u00fcl 2023\u2019e kadar olan 12 ayl\u0131k d\u00f6nemde m\u00fc\u015fteri h\u0131rs\u0131zl\u0131\u011f\u0131 vakalar\u0131 3,7 milyon artarak 20,4 milyona ula\u015ft\u0131. Bu durumun perakendecilere maliyetinin 2 milyar sterline \u00e7\u0131kt\u0131\u011f\u0131 bildirildi.<\/p>\n<h4>H\u0131rs\u0131zl\u0131k Vakalar\u0131 ve \u015eiddet Olaylar\u0131 Art\u0131yor<\/h4>\n<p>BRC\u2019nin raporuna g\u00f6re, ma\u011faza \u00e7al\u0131\u015fanlar\u0131na y\u00f6nelik \u015fiddet ve taciz vakalar\u0131 da %50 oran\u0131nda artt\u0131. G\u00fcnl\u00fck ortalama 2.000\u2019den fazla \u015fiddet ve taciz vakas\u0131 kaydedildi. BRC, ara\u015ft\u0131rmas\u0131n\u0131 1,1 milyondan fazla \u00e7al\u0131\u015fan\u0131 temsil eden ve 194 milyar sterlinin \u00fczerinde piyasa cirosuna sahip bir perakendeci \u00f6rneklemi \u00fczerinden ger\u00e7ekle\u015ftirdi\u011fini belirtti.<\/p>\n<p>Ulusal \u0130statistik Ofisi\u2019nin (ONS) ayn\u0131 d\u00f6nemde yay\u0131mlad\u0131\u011f\u0131 ayr\u0131 bir rapora g\u00f6re, \u0130ngiltere ve Galler&#8217;de polise bildirilen h\u0131rs\u0131zl\u0131k vakalar\u0131 %23 artarak 492.000\u2019e y\u00fckseldi. Bu, 2003\u2019te mevcut kay\u0131t sistemine ge\u00e7ildi\u011finden bu yana en y\u00fcksek seviyeye ula\u015f\u0131ld\u0131\u011f\u0131n\u0131 g\u00f6steriyor. Ancak BRC s\u00f6zc\u00fcs\u00fc Tom Holder, ONS verilerinin ger\u00e7e\u011fi tam olarak yans\u0131tmad\u0131\u011f\u0131n\u0131 belirterek, polis raporlar\u0131na dayal\u0131 istatistiklerin eksik oldu\u011funu savundu.<\/p><div id=\"briti-310761293\" class=\"briti-icerik\" style=\"margin-top: 5px;margin-bottom: 5px;\"><a href=\"https:\/\/piaryum.com\/services\/\" aria-label=\"piaryum banner\"><img loading=\"lazy\" decoding=\"async\" src=\"https:\/\/by-tv.co.uk\/wp-content\/uploads\/2025\/12\/Gemini_Generated_Image_g5yqr1g5yqr1g5yq.jpg\" alt=\"\"  width=\"2064\" height=\"1152\"   \/><\/a><\/div>\n<p>Son d\u00f6nemde h\u0131rs\u0131zlar\u0131n, ma\u011faza \u00e7al\u0131\u015fanlar\u0131n\u0131n ve m\u00fc\u015fterilerin g\u00f6zleri \u00f6n\u00fcnde raflar\u0131 bo\u015faltarak ka\u00e7mas\u0131 anlam\u0131na gelen &#8220;kamikaze&#8221; h\u0131rs\u0131zl\u0131k takti\u011fini giderek daha fazla kulland\u0131klar\u0131 belirtiliyor. Ge\u00e7ti\u011fimiz ay Londra\u2019n\u0131n Oxford Caddesi&#8217;ndeki bir telefon ma\u011fazas\u0131nda, iki ki\u015finin m\u00fc\u015fteri ve \u00e7al\u0131\u015fanlar\u0131n \u00f6n\u00fcnde bir telefon stand\u0131n\u0131 tekmeleyerek y\u0131kmaya \u00e7al\u0131\u015ft\u0131\u011f\u0131 bir olay ya\u015fand\u0131. Polisin olay yerine m\u00fcdahale etti\u011fi ancak \u015f\u00fcphelileri yakalayamad\u0131\u011f\u0131 a\u00e7\u0131kland\u0131.<\/p>\n<p>BRC CEO\u2019su Helen Dickinson, h\u0131rs\u0131zl\u0131klar\u0131n genellikle organize \u00e7eteler ve belirli \u00fcr\u00fcnleri \u00e7almak i\u00e7in hareket eden su\u00e7lular taraf\u0131ndan ger\u00e7ekle\u015ftirildi\u011fini s\u00f6yledi. Dickinson, &#8220;Bu su\u00e7lular ceza almayacaklar\u0131na inand\u0131klar\u0131 i\u00e7in daha cesur davran\u0131yorlar. Su\u00e7 oran\u0131 bir\u00e7ok b\u00f6lgede kontrolden \u00e7\u0131km\u0131\u015f durumda&#8221; dedi.<\/p>\n<p>Sosyal medyada, g\u00fcvenlik g\u00f6revlilerinin ve ma\u011faza \u00e7al\u0131\u015fanlar\u0131n\u0131n m\u00fcdahale etmedi\u011fi h\u0131rs\u0131zl\u0131k videolar\u0131n\u0131n say\u0131s\u0131n\u0131n artt\u0131\u011f\u0131 g\u00f6r\u00fcl\u00fcyor. Dickinson, ma\u011faza \u00e7al\u0131\u015fanlar\u0131n\u0131n sald\u0131r\u0131ya u\u011frama riski nedeniyle genellikle m\u00fcdahale etmemeleri y\u00f6n\u00fcnde talimat ald\u0131klar\u0131n\u0131 belirtti.<\/p>\n<h4>&#8220;Perakendecilerin \u00e7o\u011fu h\u0131rs\u0131zl\u0131k olaylar\u0131n\u0131 bildirmiyor&#8221;<\/h4>\n<p>Ba\u011f\u0131ms\u0131z Perakendeciler Birli\u011fi CEO\u2019su Andrew Goodacre, perakendecilerin \u00e7o\u011funun h\u0131rs\u0131zl\u0131k olaylar\u0131n\u0131 bildirmedi\u011fini \u00e7\u00fcnk\u00fc polisin genellikle yan\u0131t vermedi\u011fini belirtti. Cambridgeshire&#8217;da bir ma\u011faza sahibi olan Amit Puntambekar, bu y\u0131l ma\u011fazas\u0131ndan 75 sterlinlik elektronik sigara \u00e7almakla su\u00e7lanan bir kad\u0131n taraf\u0131ndan y\u00fcz\u00fcne yumruk at\u0131ld\u0131\u011f\u0131n\u0131 s\u00f6yledi. Puntambekar, son \u00fc\u00e7 y\u0131lda \u015fiddet olaylar\u0131n\u0131n artt\u0131\u011f\u0131n\u0131 ve bu durumun kendisini ma\u011fazas\u0131n\u0131 kapatmay\u0131 d\u00fc\u015f\u00fcnmeye itti\u011fini dile getirdi.<\/p>\n<p>Cambridgeshire Polisi, 17 ya\u015f\u0131ndaki bir k\u0131z\u0131n bu olayla ilgili olarak sald\u0131r\u0131 ve h\u0131rs\u0131zl\u0131k su\u00e7lamas\u0131yla mahkemeye \u00e7\u0131kar\u0131laca\u011f\u0131n\u0131 a\u00e7\u0131klad\u0131.<\/p>\n<p>G\u00fcvenlik \u015firketi Mitie\u2019nin raporuna g\u00f6re, perakende sekt\u00f6r\u00fcnde g\u00f6rev yapan 10.000 g\u00fcvenlik g\u00f6revlisinin %10\u2019u 2024 y\u0131l\u0131nda g\u00f6rev s\u0131ras\u0131nda yaraland\u0131. \u015eirketin g\u00fcvenlik direkt\u00f6r\u00fc Jason Towse, h\u0131rs\u0131zlar\u0131n polis m\u00fcdahalesinin yetersiz oldu\u011funu bildiklerinden giderek daha pervas\u0131z hale geldiklerini belirtti.<\/p>\n<h4>H\u00fck\u00fcmetten Yeni \u00d6nlemler<\/h4>\n<p>2023 y\u0131l\u0131nda h\u00fck\u00fcmet, polislerin ma\u011faza h\u0131rs\u0131zl\u0131\u011f\u0131yla m\u00fccadele stratejisini belirleyen yeni bir plan ba\u015flatt\u0131. Buna g\u00f6re, \u015fiddet i\u00e7eren olaylara veya su\u00e7\u00fcst\u00fc yakalanan \u015f\u00fcphelilere \u00f6ncelik verilmesi \u00f6ng\u00f6r\u00fcl\u00fcyor. Ayr\u0131ca, organize su\u00e7 \u00e7eteleri ve seri su\u00e7lulara odaklanan \u201cPegasus Projesi\u201d adl\u0131 bir istihbarat payla\u015f\u0131m a\u011f\u0131 kuruldu.<\/p>\n<p>Devlet Bakan\u0131 (Polislik, \u0130tfaiye ve Su\u00e7 \u00d6nleme Bakan\u0131)Dame Diana Johnson, perakende su\u00e7lar\u0131ndaki art\u0131\u015f\u0131n &#8220;kesinlikle kabul edilemez&#8221; oldu\u011funu belirterek, ma\u011faza \u00e7al\u0131\u015fanlar\u0131na y\u00f6nelik sald\u0131r\u0131lar\u0131 i\u00e7eren \u00f6zel bir su\u00e7 kategorisi olu\u015fturulaca\u011f\u0131n\u0131 a\u00e7\u0131klad\u0131. Bu yasal d\u00fczenlemenin, perakende su\u00e7lar\u0131n\u0131n boyutunu netle\u015ftirmek ve daha etkin bir m\u00fccadele sa\u011flamak i\u00e7in \u00f6nemli bir ad\u0131m olaca\u011f\u0131 ifade edildi.<\/p>\n<p>BRC CEO\u2019su Helen Dickinson, artan h\u0131rs\u0131zl\u0131k vakalar\u0131n\u0131n h\u00fck\u00fcmet ve polis i\u00e7in bir &#8220;uyar\u0131 sinyali&#8221; olmas\u0131 gerekti\u011fini s\u00f6yledi. G\u00fcvenlik uzmanlar\u0131, ancak su\u00e7lular\u0131n ciddi yapt\u0131r\u0131mlarla kar\u015f\u0131 kar\u015f\u0131ya kald\u0131klar\u0131nda bu e\u011filimin de\u011fi\u015febilece\u011fini vurguluyor.<\/p>\n<div id=\"briti-1357593039\" class=\"briti-icerikten-sonra_2\" style=\"margin-top: 25px;margin-bottom: 25px;\"><a href=\"https:\/\/wa.me\/message\/NDZLLIOQT4H3O1\" aria-label=\"bytv reklam banner\"><img loading=\"lazy\" decoding=\"async\" src=\"https:\/\/by-tv.co.uk\/wp-content\/uploads\/2025\/12\/bytv-reklam-banner.jpg\" alt=\"\"  width=\"2376\" height=\"1008\"   \/><\/a><\/div>","protected":false},"excerpt":{"rendered":"<p>\u0130ngiltere&#8217;de perakende sekt\u00f6r\u00fcndeki h\u0131rs\u0131zl\u0131k vakalar\u0131n\u0131n h\u0131zla artt\u0131\u011f\u0131 ve su\u00e7lular\u0131n cezai yapt\u0131r\u0131m korkusu olmadan ma\u011fazalar\u0131 a\u00e7\u0131k\u00e7a ya\u011fmalad\u0131\u011f\u0131 belirtiliyor. \u0130ngiliz Perakende Konsorsiyumu\u2019nun (BRC) y\u0131ll\u0131k su\u00e7 raporuna g\u00f6re, Eyl\u00fcl 2023\u2019e kadar olan 12 ayl\u0131k d\u00f6nemde m\u00fc\u015fteri h\u0131rs\u0131zl\u0131\u011f\u0131 vakalar\u0131 3,7 milyon artarak 20,4 milyona ula\u015ft\u0131. Bu durumun perakendecilere maliyetinin 2 milyar sterline \u00e7\u0131kt\u0131\u011f\u0131 bildirildi. H\u0131rs\u0131zl\u0131k Vakalar\u0131 ve \u015eiddet Olaylar\u0131 Art\u0131yor BRC\u2019nin raporuna g\u00f6re, ma\u011faza \u00e7al\u0131\u015fanlar\u0131na y\u00f6nelik \u015fiddet ve taciz vakalar\u0131 da %50 oran\u0131nda artt\u0131. G\u00fcnl\u00fck ortalama 2.000\u2019den fazla \u015fiddet ve taciz vakas\u0131 kaydedildi. BRC, ara\u015ft\u0131rmas\u0131n\u0131 1,1 milyondan fazla \u00e7al\u0131\u015fan\u0131 temsil eden ve 194 milyar sterlinin \u00fczerinde piyasa cirosuna sahip bir perakendeci \u00f6rneklemi \u00fczerinden ger\u00e7ekle\u015ftirdi\u011fini [&hellip;]<\/p>\n","protected":false},"author":1,"featured_media":29629,"comment_status":"open","ping_status":"open","sticky":false,"template":"","format":"standard","meta":{"ngg_post_thumbnail":0,"footnotes":""},"categories":[5269],"tags":[],"class_list":["post-29628","post","type-post","status-publish","format-standard","has-post-thumbnail","hentry","category-birlesik-krallik"],"_links":{"self":[{"href":"https:\/\/by-tv.co.uk\/en\/wp-json\/wp\/v2\/posts\/29628","targetHints":{"allow":["GET"]}}],"collection":[{"href":"https:\/\/by-tv.co.uk\/en\/wp-json\/wp\/v2\/posts"}],"about":[{"href":"https:\/\/by-tv.co.uk\/en\/wp-json\/wp\/v2\/types\/post"}],"author":[{"embeddable":true,"href":"https:\/\/by-tv.co.uk\/en\/wp-json\/wp\/v2\/users\/1"}],"replies":[{"embeddable":true,"href":"https:\/\/by-tv.co.uk\/en\/wp-json\/wp\/v2\/comments?post=29628"}],"version-history":[{"count":0,"href":"https:\/\/by-tv.co.uk\/en\/wp-json\/wp\/v2\/posts\/29628\/revisions"}],"wp:featuredmedia":[{"embeddable":true,"href":"https:\/\/by-tv.co.uk\/en\/wp-json\/wp\/v2\/media\/29629"}],"wp:attachment":[{"href":"https:\/\/by-tv.co.uk\/en\/wp-json\/wp\/v2\/media?parent=29628"}],"wp:term":[{"taxonomy":"category","embeddable":true,"href":"https:\/\/by-tv.co.uk\/en\/wp-json\/wp\/v2\/categories?post=29628"},{"taxonomy":"post_tag","embeddable":true,"href":"https:\/\/by-tv.co.uk\/en\/wp-json\/wp\/v2\/tags?post=29628"}],"curies":[{"name":"wp","href":"https:\/\/api.w.org\/{rel}","templated":true}]}}