{"id":28734,"date":"2024-11-25T18:29:35","date_gmt":"2024-11-25T18:29:35","guid":{"rendered":"https:\/\/by-tv.co.uk\/?p=28734"},"modified":"2024-11-25T18:33:22","modified_gmt":"2024-11-25T18:33:22","slug":"turkiyenin-yenilenebilir-enerji-planlari-londrada-tanitildi","status":"publish","type":"post","link":"https:\/\/by-tv.co.uk\/en\/turkiyenin-yenilenebilir-enerji-planlari-londrada-tanitildi\/","title":{"rendered":"T\u00fcrkiye&#8217;nin Yenilenebilir Enerji Planlar\u0131 Londra&#8217;da Tan\u0131t\u0131ld\u0131"},"content":{"rendered":"<p>Cumhurba\u015fkanl\u0131\u011f\u0131 Yat\u0131r\u0131m Ofisi taraf\u0131ndan d\u00fczenlenen ve \u0130ngiltere, Fransa, Hollanda ve Almanya&#8217;y\u0131 kapsayan yat\u0131r\u0131mc\u0131 toplant\u0131lar\u0131n\u0131n ilki Londra&#8217;da ger\u00e7ekle\u015ftirildi. Toplant\u0131da, T\u00fcrkiye&#8217;nin 2035 y\u0131l\u0131na y\u00f6nelik yenilenebilir enerji kapasite art\u0131\u015f hedefleri, temiz enerji d\u00f6n\u00fc\u015f\u00fcm planlar\u0131 ve yat\u0131r\u0131mc\u0131lara sunulan f\u0131rsatlar &#8220;Invest in T\u00fcrkiye: Renewable Growth for European Partners&#8221; da detayl\u0131 \u015fekilde ele al\u0131nd\u0131.<\/p>\n<h4>T\u00fcrkiye&#8217;nin Enerji D\u00f6n\u00fc\u015f\u00fcm\u00fcnde Be\u015f Ana Odak<\/h4>\n<p>Londra&#8217;daki toplant\u0131da konu\u015fan T\u00fcrkiye&#8217;nin Londra B\u00fcy\u00fckel\u00e7isi Osman Koray Erta\u015f, k\u00fcresel iklim de\u011fi\u015fikli\u011fiyle m\u00fccadelenin \u00f6nemine de\u011finerek T\u00fcrkiye&#8217;nin bu konuda kararl\u0131 bir d\u00f6n\u00fc\u015f\u00fcm s\u00fcreci y\u00fcr\u00fctt\u00fc\u011f\u00fcn\u00fc belirtti. Erta\u015f, T\u00fcrkiye&#8217;nin 2053 net s\u0131f\u0131r emisyon hedefi do\u011frultusunda yenilenebilir enerji kapasitesini art\u0131rma, enerji verimlili\u011fi, n\u00fckleer enerji, yeni teknolojilerin geli\u015ftirilmesi ve kritik minerallere yat\u0131r\u0131m gibi be\u015f ana alana odakland\u0131\u011f\u0131n\u0131 ifade etti.<\/p>\n<p>Cumhurba\u015fkanl\u0131\u011f\u0131 Yat\u0131r\u0131m Ofisi Ba\u015fkan Yard\u0131mc\u0131s\u0131 Zeynel K\u0131l\u0131n\u00e7 ise \u0130ngiltere&#8217;nin yenilenebilir enerji sekt\u00f6r\u00fcndeki lider konumuna dikkat \u00e7ekerek, T\u00fcrkiye&#8217;nin sundu\u011fu yat\u0131r\u0131m f\u0131rsatlar\u0131n\u0131n yan\u0131 s\u0131ra 2053 hedefleriyle uyumlu yenilik\u00e7i projeleri ve yakla\u015fan YEKA (Yenilenebilir Enerji Kaynak Alanlar\u0131) yar\u0131\u015fmalar\u0131 hakk\u0131nda bilgi verdi.<\/p><div id=\"briti-3075769109\" class=\"briti-icerik\" style=\"margin-top: 5px;margin-bottom: 5px;\"><a href=\"https:\/\/piaryum.com\/services\/\" aria-label=\"piaryum banner\"><img loading=\"lazy\" decoding=\"async\" src=\"https:\/\/by-tv.co.uk\/wp-content\/uploads\/2025\/12\/Gemini_Generated_Image_g5yqr1g5yqr1g5yq.jpg\" alt=\"\"  width=\"2064\" height=\"1152\"   \/><\/a><\/div>\n<div class=\"flex-shrink-0 flex flex-col relative items-end\">\n<div>\n<div class=\"pt-0\">\n<div class=\"gizmo-shadow-stroke flex h-8 w-8 items-center justify-center overflow-hidden rounded-full\">\n<div class=\"h-full w-full\">\n<h4 class=\"gizmo-shadow-stroke overflow-hidden rounded-full\">T\u00fcrkiye&#8217;nin Elektrik T\u00fcketimi ve \u00dcretimi Art\u0131\u015f G\u00f6sterdi<\/h4>\n<\/div>\n<\/div>\n<\/div>\n<\/div>\n<\/div>\n<p>Enerji ve Tabii Kaynaklar Bakanl\u0131\u011f\u0131&#8217;n\u0131n verilerine g\u00f6re T\u00fcrkiye elektrik enerjisi t\u00fcketimi 2023 y\u0131l\u0131nda bir \u00f6nceki y\u0131la g\u00f6re %1,2 oran\u0131nda artarak 335,2 TWh, elektrik \u00fcretimi ise bir \u00f6nceki y\u0131la g\u00f6re %0,8 artarak 331,1 TWh olarak ger\u00e7ekle\u015fti.<\/p>\n<p>T\u00fcrkiye Ulusal Enerji Plan\u0131 \u00e7al\u0131\u015fmas\u0131n\u0131n sonu\u00e7lar\u0131na g\u00f6re elektrik t\u00fcketiminin 2025 y\u0131l\u0131nda 380,2 TWh, 2030 y\u0131l\u0131nda 455,3 TWh, 2035 y\u0131l\u0131nda ise 510,5 TWh seviyesine ula\u015fmas\u0131 beklenmektedir.<\/p>\n<p>T\u00fcrkiye&#8217;nin 2023 y\u0131l\u0131nda elektrik \u00fcretiminin, %36,2&#8217;si k\u00f6m\u00fcrden, %21&#8217;i do\u011fal gazdan, %19,3&#8217;\u00fc hidrolik enerjiden, %10,3\u2019\u00fc r\u00fczgardan, %6,7\u2019si g\u00fcne\u015ften, %3,4&#8217;\u00fc jeotermal enerjiden ve %3,2\u2019si di\u011fer kaynaklardan elde edildi.<br \/>\n2024 y\u0131l\u0131 Ekim ay\u0131 sonu itibar\u0131yla T\u00fcrkiye&#8217;nin kurulu g\u00fcc\u00fc 114.599 MW\u2019a ula\u015fm\u0131\u015ft\u0131r.<\/p>\n<p>2024 y\u0131l\u0131 Ekim ay\u0131 sonu itibar\u0131yla T\u00fcrkiye&#8217;nin kurulu g\u00fcc\u00fcn\u00fcn kaynaklara g\u00f6re da\u011f\u0131l\u0131m\u0131; %28,1\u2019i hidrolik enerji, %21,5\u2019i do\u011fal gaz, %19,1\u2019i k\u00f6m\u00fcr, %10,9\u2019u r\u00fczg\u00e2r, %16,6\u2019s\u0131 g\u00fcne\u015f, %1,5\u2019i jeotermal ve %2,4\u2019\u00fc ise di\u011fer kaynaklar \u015feklindedir.<\/p>\n<p>T\u00fcrkiye&#8217;de elektrik enerjisi \u00fcretim santrali say\u0131s\u0131 ise 2024 y\u0131l\u0131 Ekim ay\u0131 sonu itibar\u0131yla 32.003\u2019e (Lisanss\u0131z santraller d\u00e2hil) y\u00fckseldi. Mevcut santrallerin 765 adedi hidroelektrik, 69 adedi k\u00f6m\u00fcr, 365 adedi r\u00fczg\u00e2r, 63 adedi jeotermal, 339 adedi do\u011fal gaz, 29.929 adedi g\u00fcne\u015f, 473 adedi ise di\u011fer kaynakl\u0131 santrallerdir.<\/p>\n<p>&nbsp;<\/p>\n<h4>&nbsp;<\/h4>\n<div id=\"briti-4098590040\" class=\"briti-icerikten-sonra_2\" style=\"margin-top: 25px;margin-bottom: 25px;\"><a href=\"https:\/\/wa.me\/message\/NDZLLIOQT4H3O1\" aria-label=\"bytv reklam banner\"><img loading=\"lazy\" decoding=\"async\" src=\"https:\/\/by-tv.co.uk\/wp-content\/uploads\/2025\/12\/bytv-reklam-banner.jpg\" alt=\"\"  width=\"2376\" height=\"1008\"   \/><\/a><\/div>","protected":false},"excerpt":{"rendered":"<p>Cumhurba\u015fkanl\u0131\u011f\u0131 Yat\u0131r\u0131m Ofisi taraf\u0131ndan d\u00fczenlenen ve \u0130ngiltere, Fransa, Hollanda ve Almanya&#8217;y\u0131 kapsayan yat\u0131r\u0131mc\u0131 toplant\u0131lar\u0131n\u0131n ilki Londra&#8217;da ger\u00e7ekle\u015ftirildi. Toplant\u0131da, T\u00fcrkiye&#8217;nin 2035 y\u0131l\u0131na y\u00f6nelik yenilenebilir enerji kapasite art\u0131\u015f hedefleri, temiz enerji d\u00f6n\u00fc\u015f\u00fcm planlar\u0131 ve yat\u0131r\u0131mc\u0131lara sunulan f\u0131rsatlar &#8220;Invest in T\u00fcrkiye: Renewable Growth for European Partners&#8221; da detayl\u0131 \u015fekilde ele al\u0131nd\u0131. T\u00fcrkiye&#8217;nin Enerji D\u00f6n\u00fc\u015f\u00fcm\u00fcnde Be\u015f Ana Odak Londra&#8217;daki toplant\u0131da konu\u015fan T\u00fcrkiye&#8217;nin Londra B\u00fcy\u00fckel\u00e7isi Osman Koray Erta\u015f, k\u00fcresel iklim de\u011fi\u015fikli\u011fiyle m\u00fccadelenin \u00f6nemine de\u011finerek T\u00fcrkiye&#8217;nin bu konuda kararl\u0131 bir d\u00f6n\u00fc\u015f\u00fcm s\u00fcreci y\u00fcr\u00fctt\u00fc\u011f\u00fcn\u00fc belirtti. Erta\u015f, T\u00fcrkiye&#8217;nin 2053 net s\u0131f\u0131r emisyon hedefi do\u011frultusunda yenilenebilir enerji kapasitesini art\u0131rma, enerji verimlili\u011fi, n\u00fckleer enerji, yeni teknolojilerin geli\u015ftirilmesi ve kritik minerallere [&hellip;]<\/p>\n","protected":false},"author":1,"featured_media":28736,"comment_status":"open","ping_status":"open","sticky":false,"template":"","format":"standard","meta":{"ngg_post_thumbnail":0,"footnotes":""},"categories":[5269],"tags":[5330],"class_list":["post-28734","post","type-post","status-publish","format-standard","has-post-thumbnail","hentry","category-birlesik-krallik","tag-yenilenebilir-enerji-planlari"],"_links":{"self":[{"href":"https:\/\/by-tv.co.uk\/en\/wp-json\/wp\/v2\/posts\/28734","targetHints":{"allow":["GET"]}}],"collection":[{"href":"https:\/\/by-tv.co.uk\/en\/wp-json\/wp\/v2\/posts"}],"about":[{"href":"https:\/\/by-tv.co.uk\/en\/wp-json\/wp\/v2\/types\/post"}],"author":[{"embeddable":true,"href":"https:\/\/by-tv.co.uk\/en\/wp-json\/wp\/v2\/users\/1"}],"replies":[{"embeddable":true,"href":"https:\/\/by-tv.co.uk\/en\/wp-json\/wp\/v2\/comments?post=28734"}],"version-history":[{"count":0,"href":"https:\/\/by-tv.co.uk\/en\/wp-json\/wp\/v2\/posts\/28734\/revisions"}],"wp:featuredmedia":[{"embeddable":true,"href":"https:\/\/by-tv.co.uk\/en\/wp-json\/wp\/v2\/media\/28736"}],"wp:attachment":[{"href":"https:\/\/by-tv.co.uk\/en\/wp-json\/wp\/v2\/media?parent=28734"}],"wp:term":[{"taxonomy":"category","embeddable":true,"href":"https:\/\/by-tv.co.uk\/en\/wp-json\/wp\/v2\/categories?post=28734"},{"taxonomy":"post_tag","embeddable":true,"href":"https:\/\/by-tv.co.uk\/en\/wp-json\/wp\/v2\/tags?post=28734"}],"curies":[{"name":"wp","href":"https:\/\/api.w.org\/{rel}","templated":true}]}}