{"id":28006,"date":"2024-09-27T22:35:07","date_gmt":"2024-09-27T21:35:07","guid":{"rendered":"https:\/\/by-tv.co.uk\/?p=28006"},"modified":"2024-09-27T22:35:55","modified_gmt":"2024-09-27T21:35:55","slug":"turkiye-turk-siginmacilarin-almanya-tarafindan-sinir-disi-edilecegi-iddialarini-yalanladi","status":"publish","type":"post","link":"https:\/\/by-tv.co.uk\/en\/turkiye-turk-siginmacilarin-almanya-tarafindan-sinir-disi-edilecegi-iddialarini-yalanladi\/","title":{"rendered":"T\u00fcrkiye, T\u00fcrk S\u0131\u011f\u0131nmac\u0131lar\u0131n Almanya Taraf\u0131ndan S\u0131n\u0131r D\u0131\u015f\u0131 Edilece\u011fi \u0130ddialar\u0131n\u0131 Yalanlad\u0131"},"content":{"rendered":"<p>Almanya&#8217;da yay\u0131mlanan haberlerde, T\u00fcrkiye&#8217;nin ba\u015fvurusu reddedilen 500 T\u00fcrk s\u0131\u011f\u0131nmac\u0131y\u0131 her hafta geri almay\u0131 kabul etti\u011fi iddia edilmi\u015fti. Ancak, Ankara&#8217;dan bu iddialara y\u00f6nelik bir yalanlama geldi. Dezenformasyonla M\u00fccadele Merkezi taraf\u0131ndan yap\u0131lan a\u00e7\u0131klamada, T\u00fcrkiye&#8217;nin b\u00f6yle bir anla\u015fmaya onay vermedi\u011fi belirtildi. A\u00e7\u0131klamada, &#8220;Vatanda\u015flar\u0131m\u0131z\u0131n toplu olarak s\u0131n\u0131r d\u0131\u015f\u0131 edilmesine ili\u015fkin hi\u00e7bir uygulamaya onay verilmemi\u015ftir&#8221; ifadesi kullan\u0131ld\u0131.<\/p>\n<blockquote class=\"twitter-tweet\" data-media-max-width=\"560\">\n<p dir=\"ltr\" lang=\"tr\">Alman bas\u0131n\u0131nda yer alan, &#8220;Almanya ile T\u00fcrkiye anla\u015fmaya vard\u0131. Her hafta Almanya\u2019da yasal ikamet hakk\u0131 bulunmayan 500 T\u00fcrk \u00f6zel u\u00e7ak seferleriyle T\u00fcrkiye\u2019ye g\u00f6nderilecek&#8221; iddias\u0131 do\u011fru de\u011fildir.<\/p>\n<p>Say\u0131n Cumhurba\u015fkan\u0131m\u0131z ile Almanya \u015eans\u00f6lyesi Scholz aras\u0131nda 23 Eyl\u00fcl g\u00fcn\u00fc New\u2026 <a href=\"https:\/\/t.co\/bx7nlKg7PY\">pic.twitter.com\/bx7nlKg7PY<\/a><\/p>\n<p>\u2014 Dezenformasyonla M\u00fccadele Merkezi (@dmmiletisim) <a href=\"https:\/\/twitter.com\/dmmiletisim\/status\/1839750989361852729?ref_src=twsrc%5Etfw\" target=\"_blank\" rel=\"noopener\">September 27, 2024<\/a><\/p><\/blockquote>\n<p><script async=\"\" src=\"https:\/\/platform.twitter.com\/widgets.js\" charset=\"utf-8\"><\/script><\/p>\n<h4><strong>Almanya Anla\u015fmay\u0131 Do\u011frulad\u0131<\/strong><\/h4>\n<p>Almanya \u0130\u00e7i\u015fleri Bakan\u0131 Nancy Faeser ise yapt\u0131\u011f\u0131 a\u00e7\u0131klamada, Berlin ve Ankara aras\u0131nda bir anla\u015fmaya var\u0131ld\u0131\u011f\u0131n\u0131 duyurdu. Faeser, sosyal medya hesab\u0131ndan yapt\u0131\u011f\u0131 payla\u015f\u0131mda, anla\u015fman\u0131n d\u00fczensiz g\u00f6\u00e7le m\u00fccadelede \u00f6nemli bir ad\u0131m oldu\u011funu belirterek, T\u00fcrkiye&#8217;ye s\u0131n\u0131r d\u0131\u015f\u0131 i\u015flemlerinin daha h\u0131zl\u0131 ger\u00e7ekle\u015ftirilebilece\u011fini s\u00f6yledi. Ayr\u0131ca, T\u00fcrkiye&#8217;nin Almanya&#8217;da kalmas\u0131na izin verilmeyen vatanda\u015flar\u0131n\u0131 daha h\u0131zl\u0131 bir \u015fekilde geri alabilece\u011fini ifade etti.&nbsp;<\/p>\n<blockquote class=\"twitter-tweet\">\n<p dir=\"ltr\" lang=\"de\">Wir haben erreicht, dass R\u00fcckf\u00fchrungen in die T\u00fcrkei schneller &amp; effektiver erfolgen k\u00f6nnen &amp; die T\u00fcrkei Staatsb\u00fcrger, die nicht in Deutschland bleiben d\u00fcrfen, schneller zur\u00fccknimmt. Das ist ein weiterer Baustein zur Begrenzung der irregul\u00e4ren Migration. <a href=\"https:\/\/t.co\/B8ImPUUrel\">https:\/\/t.co\/B8ImPUUrel<\/a><\/p>\n<p>\u2014 Nancy Faeser (@NancyFaeser) <a href=\"https:\/\/twitter.com\/NancyFaeser\/status\/1839691379686936583?ref_src=twsrc%5Etfw\" target=\"_blank\" rel=\"noopener\">September 27, 2024<\/a><\/p><\/blockquote>\n<p><script async=\"\" src=\"https:\/\/platform.twitter.com\/widgets.js\" charset=\"utf-8\"><\/script><\/p>\n<h4><strong>Alman Bas\u0131n\u0131ndaki \u0130ddialar<\/strong><\/h4>\n<p>Berliner Morgenpost&#8217;un haberine g\u00f6re, Cumhurba\u015fkan\u0131 Recep Tayyip Erdo\u011fan haftada 500&#8217;e kadar vatanda\u015f\u0131n\u0131 geri almay\u0131 teklif etti. Buna kar\u015f\u0131l\u0131k, Almanya mevcut vize i\u015flemlerini h\u0131zland\u0131rma s\u00f6z\u00fc verdi. Ayn\u0131 haberde, ilk etapta 200 T\u00fcrk vatanda\u015f\u0131n\u0131n tarifeli seferlerle T\u00fcrkiye&#8217;ye geri g\u00f6nderilece\u011fi bilgisi yer ald\u0131.<\/p><div id=\"briti-2086157892\" class=\"briti-icerik\" style=\"margin-top: 5px;margin-bottom: 5px;\"><a href=\"https:\/\/piaryum.com\/services\/\" aria-label=\"piaryum banner\"><img loading=\"lazy\" decoding=\"async\" src=\"https:\/\/by-tv.co.uk\/wp-content\/uploads\/2025\/12\/Gemini_Generated_Image_g5yqr1g5yqr1g5yq.jpg\" alt=\"\"  width=\"2064\" height=\"1152\"   \/><\/a><\/div>\n<p>Almanya, \u00f6zellikle d\u00fczensiz g\u00f6\u00e7\u00fc kontrol alt\u0131na almak i\u00e7in 16 Eyl\u00fcl&#8217;den itibaren yeni kara s\u0131n\u0131r kontrolleri uygulamaya koymu\u015ftu. Frankfurter Allgemeine Zeitung (FAZ) gazetesi ise 2023&#8217;te 900&#8217;den az T\u00fcrk vatanda\u015f\u0131n\u0131n s\u0131n\u0131r d\u0131\u015f\u0131 edildi\u011fini, \u00e7o\u011fu ki\u015finin ge\u00e7erli seyahat belgelerinin bulunmamas\u0131 nedeniyle s\u0131n\u0131r d\u0131\u015f\u0131 i\u015flemlerinin ertelendi\u011fini belirtti.<\/p>\n<p>Ankara h\u00fck\u00fcmeti, s\u0131n\u0131r d\u0131\u015f\u0131 u\u00e7u\u015flar\u0131n\u0131n &#8220;charter&#8221; yerine &#8220;\u00f6zel u\u00e7u\u015f&#8221; olarak adland\u0131r\u0131lmas\u0131 halinde b\u00f6yle bir uygulamay\u0131 kabul etmeye haz\u0131r oldu\u011fu iddialar\u0131n\u0131 da reddetti.<\/p>\n<div id=\"briti-2378239811\" class=\"briti-icerikten-sonra_2\" style=\"margin-top: 25px;margin-bottom: 25px;\"><a href=\"https:\/\/wa.me\/message\/NDZLLIOQT4H3O1\" aria-label=\"bytv reklam banner\"><img loading=\"lazy\" decoding=\"async\" src=\"https:\/\/by-tv.co.uk\/wp-content\/uploads\/2025\/12\/bytv-reklam-banner.jpg\" alt=\"\"  width=\"2376\" height=\"1008\"   \/><\/a><\/div>","protected":false},"excerpt":{"rendered":"<p>Almanya&#8217;da yay\u0131mlanan haberlerde, T\u00fcrkiye&#8217;nin ba\u015fvurusu reddedilen 500 T\u00fcrk s\u0131\u011f\u0131nmac\u0131y\u0131 her hafta geri almay\u0131 kabul etti\u011fi iddia edilmi\u015fti. Ancak, Ankara&#8217;dan bu iddialara y\u00f6nelik bir yalanlama geldi. Dezenformasyonla M\u00fccadele Merkezi taraf\u0131ndan yap\u0131lan a\u00e7\u0131klamada, T\u00fcrkiye&#8217;nin b\u00f6yle bir anla\u015fmaya onay vermedi\u011fi belirtildi. A\u00e7\u0131klamada, &#8220;Vatanda\u015flar\u0131m\u0131z\u0131n toplu olarak s\u0131n\u0131r d\u0131\u015f\u0131 edilmesine ili\u015fkin hi\u00e7bir uygulamaya onay verilmemi\u015ftir&#8221; ifadesi kullan\u0131ld\u0131. Alman bas\u0131n\u0131nda yer alan, &#8220;Almanya ile T\u00fcrkiye anla\u015fmaya vard\u0131. Her hafta Almanya\u2019da yasal ikamet hakk\u0131 bulunmayan 500 T\u00fcrk \u00f6zel u\u00e7ak seferleriyle T\u00fcrkiye\u2019ye g\u00f6nderilecek&#8221; iddias\u0131 do\u011fru de\u011fildir. Say\u0131n Cumhurba\u015fkan\u0131m\u0131z ile Almanya \u015eans\u00f6lyesi Scholz aras\u0131nda 23 Eyl\u00fcl g\u00fcn\u00fc New\u2026 pic.twitter.com\/bx7nlKg7PY \u2014 Dezenformasyonla M\u00fccadele Merkezi (@dmmiletisim) September 27, 2024 Almanya Anla\u015fmay\u0131 [&hellip;]<\/p>\n","protected":false},"author":1,"featured_media":28008,"comment_status":"open","ping_status":"open","sticky":false,"template":"","format":"standard","meta":{"ngg_post_thumbnail":0,"footnotes":""},"categories":[969],"tags":[],"class_list":["post-28006","post","type-post","status-publish","format-standard","has-post-thumbnail","hentry","category-gocmenlik"],"_links":{"self":[{"href":"https:\/\/by-tv.co.uk\/en\/wp-json\/wp\/v2\/posts\/28006","targetHints":{"allow":["GET"]}}],"collection":[{"href":"https:\/\/by-tv.co.uk\/en\/wp-json\/wp\/v2\/posts"}],"about":[{"href":"https:\/\/by-tv.co.uk\/en\/wp-json\/wp\/v2\/types\/post"}],"author":[{"embeddable":true,"href":"https:\/\/by-tv.co.uk\/en\/wp-json\/wp\/v2\/users\/1"}],"replies":[{"embeddable":true,"href":"https:\/\/by-tv.co.uk\/en\/wp-json\/wp\/v2\/comments?post=28006"}],"version-history":[{"count":0,"href":"https:\/\/by-tv.co.uk\/en\/wp-json\/wp\/v2\/posts\/28006\/revisions"}],"wp:featuredmedia":[{"embeddable":true,"href":"https:\/\/by-tv.co.uk\/en\/wp-json\/wp\/v2\/media\/28008"}],"wp:attachment":[{"href":"https:\/\/by-tv.co.uk\/en\/wp-json\/wp\/v2\/media?parent=28006"}],"wp:term":[{"taxonomy":"category","embeddable":true,"href":"https:\/\/by-tv.co.uk\/en\/wp-json\/wp\/v2\/categories?post=28006"},{"taxonomy":"post_tag","embeddable":true,"href":"https:\/\/by-tv.co.uk\/en\/wp-json\/wp\/v2\/tags?post=28006"}],"curies":[{"name":"wp","href":"https:\/\/api.w.org\/{rel}","templated":true}]}}