{"id":27996,"date":"2024-09-25T11:56:10","date_gmt":"2024-09-25T10:56:10","guid":{"rendered":"https:\/\/by-tv.co.uk\/?p=27996"},"modified":"2024-09-25T11:56:10","modified_gmt":"2024-09-25T10:56:10","slug":"basbakan-starmer-issizlik-yardimi-alanlar-is-aramak-zorunda-olmali","status":"publish","type":"post","link":"https:\/\/by-tv.co.uk\/en\/basbakan-starmer-issizlik-yardimi-alanlar-is-aramak-zorunda-olmali\/","title":{"rendered":"Ba\u015fbakan Starmer: \u0130\u015fsizlik Yard\u0131m\u0131 Alanlar \u0130\u015f Aramak Zorunda Olmal\u0131"},"content":{"rendered":"<p>Ba\u015fbakan Keir Starmer BBC&#8217;nin Today program\u0131na verdi\u011fi r\u00f6portajda&nbsp; &nbsp;yard\u0131mlardan yararlanan ki\u015filerin i\u015f bulmak i\u00e7in \u00e7aba g\u00f6stermeleri gerekti\u011fini belirtti.<strong> \u201cTemel olarak i\u015f araman\u0131n do\u011fru bir yakla\u015f\u0131m oldu\u011funu d\u00fc\u015f\u00fcn\u00fcyorum. \u0130nsanlar i\u015f aramal\u0131, ancak ayn\u0131 zamanda deste\u011fe de ihtiya\u00e7lar\u0131 var,\u201d<\/strong> dedi.<\/p>\n<p>Starmer, \u00f6zellikle uzun s\u00fcreli hastal\u0131k nedeniyle i\u015f g\u00fcc\u00fcnden uzak kalan ki\u015filerin i\u015f hayat\u0131na d\u00f6nmelerine y\u00f6nelik i\u015f yerlerinden gelen destek programlar\u0131n\u0131 inceledi\u011fini vurgulad\u0131. Bu durumun arkas\u0131nda, uzun s\u00fcre i\u015f g\u00f6remeyen ki\u015filerin i\u015fe geri d\u00f6nme korkusu ve i\u015f yerinde ba\u015fa \u00e7\u0131kamama endi\u015fesinin yatt\u0131\u011f\u0131n\u0131 belirtti.<\/p>\n<h4>\u0130\u015fsizlik Oran\u0131 Pandemiden Sonra Art\u0131\u015f G\u00f6sterdi<\/h4>\n<p>COVID-19 pandemisi s\u0131ras\u0131nda i\u015fsiz ve i\u015f aramayanlar\u0131n oran\u0131 artm\u0131\u015f, bu seviyeler pandemi sonras\u0131 da y\u00fcksek kalm\u0131\u015ft\u0131r. 3 milyona yak\u0131n ki\u015fi, 2019&#8217;a g\u00f6re 500 bin art\u0131\u015fla, sa\u011fl\u0131k sorunlar\u0131 nedeniyle \u00e7al\u0131\u015fmamaktad\u0131r. B\u00fct\u00e7e Sorumlulu\u011fu Ofisi&#8217;ne g\u00f6re, hastal\u0131k ve engellilik yard\u0131mlar\u0131n\u0131n maliyeti \u00f6n\u00fcm\u00fczdeki be\u015f y\u0131l i\u00e7inde 30 milyar sterlin artacak.<\/p><div id=\"briti-352892047\" class=\"briti-icerik\" style=\"margin-top: 5px;margin-bottom: 5px;\"><a href=\"https:\/\/piaryum.com\/services\/\" aria-label=\"piaryum banner\"><img loading=\"lazy\" decoding=\"async\" src=\"https:\/\/by-tv.co.uk\/wp-content\/uploads\/2025\/12\/Gemini_Generated_Image_g5yqr1g5yqr1g5yq.jpg\" alt=\"\"  width=\"2064\" height=\"1152\"   \/><\/a><\/div>\n<p>Keir Starmer\u2019\u0131n yapt\u0131\u011f\u0131 konferans konu\u015fmas\u0131n\u0131n ard\u0131ndan, \u0130\u015f\u00e7i Partisi, i\u015f g\u00f6remeyenlerin yo\u011fun oldu\u011fu b\u00f6lgelere, operasyonlar\u0131 h\u0131zland\u0131rma konusunda uzman doktorlar g\u00f6nderece\u011fini a\u00e7\u0131klad\u0131. Sa\u011fl\u0131k Bakan\u0131 Wes Streeting, Liverpool\u2019da d\u00fczenlenen konferansta yapt\u0131\u011f\u0131 a\u00e7\u0131klamada, &#8220;NHS\u2019nin en iyi hizmetleri, hastal\u0131kla m\u00fccadele eden Britanyal\u0131lar\u0131n sa\u011fl\u0131\u011f\u0131na kavu\u015fmas\u0131na ve yeniden i\u015f g\u00fcc\u00fcne kat\u0131lmas\u0131na yard\u0131mc\u0131 olacak&#8221; dedi.<\/p>\n<h4>G\u00f6\u00e7menlik ve Elektrik Maliyetleri Konusunda A\u00e7\u0131klamalar<\/h4>\n<p>Ba\u015fbakan Starmer, BBC\u2019ye verdi\u011fi ba\u015fka bir r\u00f6portajda, elektrik maliyetlerini d\u00fc\u015f\u00fcrmek i\u00e7in elektrik direklerine ihtiya\u00e7 duyulaca\u011f\u0131n\u0131 ve halk\u0131n bu konuda ger\u00e7ek\u00e7i olmas\u0131 gerekti\u011fini s\u00f6yledi. Starmer, &#8220;E\u011fer daha ucuz elektrik istiyorsak, bunun i\u00e7in baz\u0131 fedak\u00e2rl\u0131klar yapmam\u0131z gerekti\u011fini kabul etmeliyiz,&#8221; diye konu\u015ftu.<\/p>\n<p>Ayr\u0131ca, yasa d\u0131\u015f\u0131 g\u00f6\u00e7le ilgili olarak, on binlerce s\u0131\u011f\u0131nmac\u0131n\u0131n ba\u015fvurular\u0131n\u0131n i\u015fleme al\u0131nmay\u0131 bekledi\u011fini belirten Starmer, bu ki\u015filerin konaklamalar\u0131n\u0131n h\u00fck\u00fcmet taraf\u0131ndan kar\u015f\u0131land\u0131\u011f\u0131n\u0131 s\u00f6yledi. Muhafazak\u00e2r h\u00fck\u00fcmetin bu sorunu \u00e7\u00f6zmeye y\u00f6nelik bir \u00e7\u00f6z\u00fcm\u00fc olmad\u0131\u011f\u0131n\u0131 belirten Starmer, kendi h\u00fck\u00fcmetinin bu s\u00fcreci h\u0131zland\u0131rarak geri g\u00f6nderilmesi gerekenleri \u00fclkelerine geri g\u00f6nderece\u011fini ifade etti.<\/p>\n<p>2024 y\u0131l\u0131na kadar, 97.000 ki\u015fi s\u0131\u011f\u0131nma talebinde bulunmu\u015f ve bu ba\u015fvurular\u0131n en b\u00fcy\u00fck k\u0131sm\u0131 Afganistan&#8217;dan gelmi\u015ftir. Ayn\u0131 d\u00f6nemde, s\u0131\u011f\u0131nma hakk\u0131 verilmeyen 7.190 ki\u015fi \u00fclkelerine geri g\u00f6nderilmi\u015ftir.<\/p>\n<p>Starmer, ba\u015fbakan olduktan sonra \u00f6nceki h\u00fck\u00fcmetin, Man\u015f Denizi\u2019ni k\u00fc\u00e7\u00fck teknelerle ge\u00e7en yasa d\u0131\u015f\u0131 g\u00f6\u00e7menleri Ruanda\u2019ya g\u00f6nderme politikas\u0131n\u0131 iptal etmi\u015fti. Bu politikay\u0131 pahal\u0131 bir reklam hilesi olarak nitelendiren Starmer, bunun yerine ka\u00e7ak\u00e7\u0131l\u0131k \u00e7etelerini hedef almay\u0131 ama\u00e7lad\u0131\u011f\u0131n\u0131 belirtti.<\/p>\n<div id=\"briti-3060127563\" class=\"briti-icerikten-sonra_2\" style=\"margin-top: 25px;margin-bottom: 25px;\"><a href=\"https:\/\/wa.me\/message\/NDZLLIOQT4H3O1\" aria-label=\"bytv reklam banner\"><img loading=\"lazy\" decoding=\"async\" src=\"https:\/\/by-tv.co.uk\/wp-content\/uploads\/2025\/12\/bytv-reklam-banner.jpg\" alt=\"\"  width=\"2376\" height=\"1008\"   \/><\/a><\/div>","protected":false},"excerpt":{"rendered":"<p>Ba\u015fbakan Keir Starmer BBC&#8217;nin Today program\u0131na verdi\u011fi r\u00f6portajda&nbsp; &nbsp;yard\u0131mlardan yararlanan ki\u015filerin i\u015f bulmak i\u00e7in \u00e7aba g\u00f6stermeleri gerekti\u011fini belirtti. \u201cTemel olarak i\u015f araman\u0131n do\u011fru bir yakla\u015f\u0131m oldu\u011funu d\u00fc\u015f\u00fcn\u00fcyorum. \u0130nsanlar i\u015f aramal\u0131, ancak ayn\u0131 zamanda deste\u011fe de ihtiya\u00e7lar\u0131 var,\u201d dedi. Starmer, \u00f6zellikle uzun s\u00fcreli hastal\u0131k nedeniyle i\u015f g\u00fcc\u00fcnden uzak kalan ki\u015filerin i\u015f hayat\u0131na d\u00f6nmelerine y\u00f6nelik i\u015f yerlerinden gelen destek programlar\u0131n\u0131 inceledi\u011fini vurgulad\u0131. Bu durumun arkas\u0131nda, uzun s\u00fcre i\u015f g\u00f6remeyen ki\u015filerin i\u015fe geri d\u00f6nme korkusu ve i\u015f yerinde ba\u015fa \u00e7\u0131kamama endi\u015fesinin yatt\u0131\u011f\u0131n\u0131 belirtti. \u0130\u015fsizlik Oran\u0131 Pandemiden Sonra Art\u0131\u015f G\u00f6sterdi COVID-19 pandemisi s\u0131ras\u0131nda i\u015fsiz ve i\u015f aramayanlar\u0131n oran\u0131 artm\u0131\u015f, bu seviyeler pandemi sonras\u0131 da [&hellip;]<\/p>\n","protected":false},"author":1,"featured_media":27997,"comment_status":"open","ping_status":"open","sticky":false,"template":"","format":"standard","meta":{"ngg_post_thumbnail":0,"footnotes":""},"categories":[5269],"tags":[],"class_list":["post-27996","post","type-post","status-publish","format-standard","has-post-thumbnail","hentry","category-birlesik-krallik"],"_links":{"self":[{"href":"https:\/\/by-tv.co.uk\/en\/wp-json\/wp\/v2\/posts\/27996","targetHints":{"allow":["GET"]}}],"collection":[{"href":"https:\/\/by-tv.co.uk\/en\/wp-json\/wp\/v2\/posts"}],"about":[{"href":"https:\/\/by-tv.co.uk\/en\/wp-json\/wp\/v2\/types\/post"}],"author":[{"embeddable":true,"href":"https:\/\/by-tv.co.uk\/en\/wp-json\/wp\/v2\/users\/1"}],"replies":[{"embeddable":true,"href":"https:\/\/by-tv.co.uk\/en\/wp-json\/wp\/v2\/comments?post=27996"}],"version-history":[{"count":0,"href":"https:\/\/by-tv.co.uk\/en\/wp-json\/wp\/v2\/posts\/27996\/revisions"}],"wp:featuredmedia":[{"embeddable":true,"href":"https:\/\/by-tv.co.uk\/en\/wp-json\/wp\/v2\/media\/27997"}],"wp:attachment":[{"href":"https:\/\/by-tv.co.uk\/en\/wp-json\/wp\/v2\/media?parent=27996"}],"wp:term":[{"taxonomy":"category","embeddable":true,"href":"https:\/\/by-tv.co.uk\/en\/wp-json\/wp\/v2\/categories?post=27996"},{"taxonomy":"post_tag","embeddable":true,"href":"https:\/\/by-tv.co.uk\/en\/wp-json\/wp\/v2\/tags?post=27996"}],"curies":[{"name":"wp","href":"https:\/\/api.w.org\/{rel}","templated":true}]}}