{"id":2790,"date":"2020-01-10T14:19:27","date_gmt":"2020-01-10T11:19:27","guid":{"rendered":"https:\/\/by-tv.co.uk\/?p=2790"},"modified":"2020-01-10T16:43:03","modified_gmt":"2020-01-10T13:43:03","slug":"anadolunun-tadi-turkiyeden-filmler-londra-gosterimine-basliyor","status":"publish","type":"post","link":"https:\/\/by-tv.co.uk\/en\/anadolunun-tadi-turkiyeden-filmler-londra-gosterimine-basliyor\/","title":{"rendered":"Anadolu\u2019nun Tad\u0131 \u2013 T\u00fcrkiye\u2019den Filmler Londra G\u00f6sterimine Ba\u015fl\u0131yor."},"content":{"rendered":"<p><strong>LONDRA G\u00d6STER\u0130MLER\u0130 BA\u015eLIYOR!<\/strong><\/p>\n<p>Bal\u0131k Arts taraf\u0131ndan Cambridge\u2019de bu y\u0131l ikincisi d\u00fczenlenen \u201cTaste of Anatolia -Films From Turkey\u00a0 \/Anadolu\u2019nun Tad\u0131 \u2013 T\u00fcrkiye\u2019den Filmler\u201d film festivalinin Londra g\u00f6sterimi 2 \u015eubat\u2019ta\u00a0 Rio Cinema&#8217;da ger\u00e7ekle\u015fecek. Saat 15.15\u2019te \u201c\u0130\u00e7erdekiler\u201d filmi ile ger\u00e7ekle\u015fecek g\u00f6sterimde ayn\u0131 zamanda y\u00f6netmen H\u00fcseyin Karabey seyirciyle bulu\u015facak.<\/p>\n<p><img loading=\"lazy\" decoding=\"async\" class=\"alignleft size-full wp-image-2792\" src=\"https:\/\/by-tv.co.uk\/wp-content\/uploads\/2020\/01\/Foto_3-1-scaled.jpg\" alt=\"\" width=\"2560\" height=\"1707\" title=\"\"><\/p>\n<p><strong>\u0130\u00e7erdekiler<\/strong><\/p><div id=\"briti-1645914216\" class=\"briti-icerik\" style=\"margin-top: 5px;margin-bottom: 5px;\"><a href=\"https:\/\/piaryum.com\/services\/\" aria-label=\"piaryum banner\"><img loading=\"lazy\" decoding=\"async\" src=\"https:\/\/by-tv.co.uk\/wp-content\/uploads\/2025\/12\/Gemini_Generated_Image_g5yqr1g5yqr1g5yq.jpg\" alt=\"\"  width=\"2064\" height=\"1152\"   \/><\/a><\/div>\n<p>Fimde yer alan komiser yakla\u015f\u0131k 6 ayd\u0131r sebepsiz yere g\u00f6z alt\u0131nda tuttuklar\u0131 \u00f6\u011fretmeni, a\u00e7\u0131k g\u00f6r\u00fc\u015f yasak olmas\u0131na ra\u011fmen kar\u0131s\u0131yla bulu\u015fturaca\u011f\u0131n\u0131 s\u00f6yler. Ba\u015fta buna inanmayan tutuklu, komiserin bu iyili\u011fi neden yapt\u0131\u011f\u0131n\u0131 sorgular devaml\u0131. Tutuklu, komiserin odas\u0131na kar\u0131s\u0131yla yaln\u0131z kalaca\u011f\u0131 an\u0131 beklerken, i\u00e7eri gelen konu\u011fu onu bamba\u015fka bir sorunla y\u00fczle\u015fmek zorunda b\u0131rak\u0131r.<\/p>\n<p>\u0130\u00e7erdekiler filmi Uluslararas\u0131 \u0130stanbul Film Festivali, Uluslararas\u0131 Malatya Film Festivali, Uluslararas\u0131 Sofya Film Festivali, Anadolu\u2019nun Tad\u0131 Cambridge Film Festivali ve Uluslararas\u0131 Dakka Uluslararas\u0131 Film Festivali\u2019ne se\u00e7ilmi\u015f olup yan\u0131 s\u0131ra kat\u0131ld\u0131klar\u0131 25. Uluslararas\u0131 Adana Film Festivali\u2019nde, Gizem Erman Soysald\u0131 Yard\u0131mc\u0131 Rolde En \u0130yi Kad\u0131n Oyuncu \u00f6d\u00fcl\u00fc ve N\u00fcrnberg T\u00fcrk-Alman Film Festivali&#8217;nde En \u0130yi Kad\u0131n Oyuncu \u00f6d\u00fcl\u00fcn\u00fc alm\u0131\u015ft\u0131r.<\/p>\n<p><strong>H\u00fcseyin Karabey Kimdir?<\/strong><\/p>\n<p>H\u00fcseyin Karabey, 2001 y\u0131l\u0131nda Marmara \u00dcniversitesi, Sinema ve Televizyon B\u00f6l\u00fcm\u00fc\u2019n\u00fc bitirdikten sonra sinemaya belgesel yaparak ad\u0131m atm\u0131\u015ft\u0131r. Belgesellerinde ya\u015fad\u0131\u011f\u0131 d\u00f6nemin insan haklar\u0131 ihlallerini belgelemeye \u00e7al\u0131\u015fan Karabey, kariyerine belgeselin yan\u0131 s\u0131ra uzun metraj kurmaca filmlerle devam etmi\u015ftir. \u0130lk uzun metraj filmi \u201cGitmek: Benim Marlon ve Brandom\u201d (2008, Rotterdam UFF, New York Tribecca UFF-Kuzey Amerika\u2019daki ilk g\u00f6sterimi ve En \u0130yi Y\u00f6netmen \u00d6d\u00fcl\u00fc) ve ilk g\u00f6sterimi Berlin Uluslararas\u0131 Film Festivali\u2019nde yap\u0131lan uzun metraj kurmaca filmi \u201cWere Denge Min-Sesime Gel\u201d (Mardel Plata UFF\/En \u0130yi Film, Sofia UFF\/En \u0130yi Balkan Filmi) pek \u00e7ok uluslararas\u0131 festivalde g\u00f6sterilerek \u00e7ok say\u0131da \u00f6d\u00fcl alm\u0131\u015ft\u0131r.<\/p>\n<p><a href=\"https:\/\/riocinema.org.uk\/RioCinema.dll\/WhatsOn?Film=12846201\" target=\"_blank\" rel=\"noopener\">Detaylar\u00a0<\/a><\/p>\n<div id=\"briti-1092236696\" class=\"briti-icerikten-sonra_2\" style=\"margin-top: 25px;margin-bottom: 25px;\"><a href=\"https:\/\/wa.me\/message\/NDZLLIOQT4H3O1\" aria-label=\"bytv reklam banner\"><img loading=\"lazy\" decoding=\"async\" src=\"https:\/\/by-tv.co.uk\/wp-content\/uploads\/2025\/12\/bytv-reklam-banner.jpg\" alt=\"\"  width=\"2376\" height=\"1008\"   \/><\/a><\/div>","protected":false},"excerpt":{"rendered":"<p>LONDRA G\u00d6STER\u0130MLER\u0130 BA\u015eLIYOR! Bal\u0131k Arts taraf\u0131ndan Cambridge\u2019de bu y\u0131l ikincisi d\u00fczenlenen \u201cTaste of Anatolia -Films From Turkey\u00a0 \/Anadolu\u2019nun Tad\u0131 \u2013 T\u00fcrkiye\u2019den Filmler\u201d film festivalinin Londra g\u00f6sterimi 2 \u015eubat\u2019ta\u00a0 Rio Cinema&#8217;da ger\u00e7ekle\u015fecek. Saat 15.15\u2019te \u201c\u0130\u00e7erdekiler\u201d filmi ile ger\u00e7ekle\u015fecek g\u00f6sterimde ayn\u0131 zamanda y\u00f6netmen H\u00fcseyin Karabey seyirciyle bulu\u015facak. \u0130\u00e7erdekiler Fimde yer alan komiser yakla\u015f\u0131k 6 ayd\u0131r sebepsiz yere g\u00f6z alt\u0131nda tuttuklar\u0131 \u00f6\u011fretmeni, a\u00e7\u0131k g\u00f6r\u00fc\u015f yasak olmas\u0131na ra\u011fmen kar\u0131s\u0131yla bulu\u015fturaca\u011f\u0131n\u0131 s\u00f6yler. Ba\u015fta buna inanmayan tutuklu, komiserin bu iyili\u011fi neden yapt\u0131\u011f\u0131n\u0131 sorgular devaml\u0131. Tutuklu, komiserin odas\u0131na kar\u0131s\u0131yla yaln\u0131z kalaca\u011f\u0131 an\u0131 beklerken, i\u00e7eri gelen konu\u011fu onu bamba\u015fka bir sorunla y\u00fczle\u015fmek zorunda b\u0131rak\u0131r. \u0130\u00e7erdekiler filmi Uluslararas\u0131 \u0130stanbul [&hellip;]<\/p>\n","protected":false},"author":1,"featured_media":2791,"comment_status":"open","ping_status":"open","sticky":false,"template":"","format":"standard","meta":{"ngg_post_thumbnail":0,"footnotes":""},"categories":[3,1],"tags":[],"class_list":["post-2790","post","type-post","status-publish","format-standard","has-post-thumbnail","hentry","category-yasam","category-genel"],"_links":{"self":[{"href":"https:\/\/by-tv.co.uk\/en\/wp-json\/wp\/v2\/posts\/2790","targetHints":{"allow":["GET"]}}],"collection":[{"href":"https:\/\/by-tv.co.uk\/en\/wp-json\/wp\/v2\/posts"}],"about":[{"href":"https:\/\/by-tv.co.uk\/en\/wp-json\/wp\/v2\/types\/post"}],"author":[{"embeddable":true,"href":"https:\/\/by-tv.co.uk\/en\/wp-json\/wp\/v2\/users\/1"}],"replies":[{"embeddable":true,"href":"https:\/\/by-tv.co.uk\/en\/wp-json\/wp\/v2\/comments?post=2790"}],"version-history":[{"count":0,"href":"https:\/\/by-tv.co.uk\/en\/wp-json\/wp\/v2\/posts\/2790\/revisions"}],"wp:featuredmedia":[{"embeddable":true,"href":"https:\/\/by-tv.co.uk\/en\/wp-json\/wp\/v2\/media\/2791"}],"wp:attachment":[{"href":"https:\/\/by-tv.co.uk\/en\/wp-json\/wp\/v2\/media?parent=2790"}],"wp:term":[{"taxonomy":"category","embeddable":true,"href":"https:\/\/by-tv.co.uk\/en\/wp-json\/wp\/v2\/categories?post=2790"},{"taxonomy":"post_tag","embeddable":true,"href":"https:\/\/by-tv.co.uk\/en\/wp-json\/wp\/v2\/tags?post=2790"}],"curies":[{"name":"wp","href":"https:\/\/api.w.org\/{rel}","templated":true}]}}