{"id":27652,"date":"2022-09-16T16:07:14","date_gmt":"2022-09-16T15:07:14","guid":{"rendered":"https:\/\/by-tv.co.uk\/?p=27652"},"modified":"2024-09-16T16:11:28","modified_gmt":"2024-09-16T15:11:28","slug":"gizlilik-politikasi-bytv","status":"publish","type":"post","link":"https:\/\/by-tv.co.uk\/en\/gizlilik-politikasi-bytv\/","title":{"rendered":"Gizlilik Politikas\u0131 | BYTV"},"content":{"rendered":"<p>BYTV&nbsp; olarak, ki\u015fisel verilerinize \u00f6zen g\u00f6stermek bizim i\u00e7in son derece \u00f6nemlidir. Bu politikan\u0131n sizi en \u00e7ok heyecanland\u0131racak okuma olmayaca\u011f\u0131n\u0131 biliyoruz, ancak m\u00fcmk\u00fcn oldu\u011funca k\u0131sa ve anla\u015f\u0131l\u0131r tutmaya \u00e7al\u0131\u015ft\u0131k. Verilerinizin bizimle g\u00fcvende oldu\u011fundan emin olman\u0131z\u0131 ve bu verileri nas\u0131l kulland\u0131\u011f\u0131m\u0131z\u0131 bilmenizi istiyoruz. Size en iyi, d\u00fcr\u00fcst ve \u015feffaf bir haber servisi sunmay\u0131 ama\u00e7l\u0131yoruz, gizlili\u011finizi tehlikeye atmadan.<\/p>\n<h4>Bu politika neyi kaps\u0131yor?<\/h4>\n<p>Veri sorumlusu BYTV&#8217;dir (bu politikada &#8220;biz&#8221; veya &#8220;bize&#8221; olarak an\u0131lacakt\u0131r). Ki\u015fisel verilerinizi nas\u0131l toplad\u0131\u011f\u0131m\u0131z, kulland\u0131\u011f\u0131m\u0131z ve korudu\u011fumuz konusunda do\u011fru ad\u0131mlar\u0131 atmakta kararl\u0131y\u0131z. Bu y\u00fczden bu gizlilik ve \u00e7erez politikas\u0131n\u0131 (\u201cPolitika\u201d) geli\u015ftirdik. Bu politikada:<br \/>\n&#8211; Hakk\u0131n\u0131zda hangi bilgileri toplayabilece\u011fimizi,<br \/>\n&#8211; Bu bilgileri nas\u0131l kullanabilece\u011fimizi,<br \/>\n&#8211; Sizi hangi durumlarda ileti\u015fim i\u00e7in kullanabilece\u011fimizi,<br \/>\n&#8211; Hangi bilgilerinizi ba\u015fkalar\u0131yla payla\u015fabilece\u011fimizi,<br \/>\n&#8211; Verdi\u011finiz ki\u015fisel bilgilerle ilgili se\u00e7eneklerinizi bulacaks\u0131n\u0131z.<\/p>\n<h4>Toplayabilece\u011fimiz Ki\u015fisel Bilgiler<\/h4>\n<p>BYTV, hizmetlerimizle olan etkile\u015fimlerinizden veriler toplar. Bu veriler, size en iyi deneyimi sunmam\u0131z\u0131 sa\u011flamak i\u00e7in kullan\u0131l\u0131r. Baz\u0131 bilgileri siz sa\u011flars\u0131n\u0131z (\u00f6rne\u011fin, e-posta adresiniz), di\u011fer bilgileri ise hizmetlerimizi kullan\u0131rken ger\u00e7ekle\u015ftirdi\u011finiz i\u015flemlerden toplar\u0131z (hangi sayfalar\u0131 g\u00f6r\u00fcnt\u00fcledi\u011finiz, ne kadar s\u00fcreyle kald\u0131\u011f\u0131n\u0131z gibi). Bu bilgileri, size ki\u015fiselle\u015ftirilmi\u015f i\u00e7erik sunmak ve pazarlama ileti\u015fimlerini size g\u00f6re uyarlamak i\u00e7in kullanabiliriz.<\/p><div id=\"briti-1382747071\" class=\"briti-icerik\" style=\"margin-top: 5px;margin-bottom: 5px;\"><a href=\"https:\/\/piaryum.com\/services\/\" aria-label=\"piaryum banner\"><img loading=\"lazy\" decoding=\"async\" src=\"https:\/\/by-tv.co.uk\/wp-content\/uploads\/2025\/12\/Gemini_Generated_Image_g5yqr1g5yqr1g5yq.jpg\" alt=\"\"  width=\"2064\" height=\"1152\"   \/><\/a><\/div>\n<h4>Bilgileri Nas\u0131l Kullan\u0131yoruz?<\/h4>\n<p>BYTV olarak hizmetlerimizi s\u00fcrekli olarak geli\u015ftirmeye \u00e7al\u0131\u015f\u0131yoruz. Toplad\u0131\u011f\u0131m\u0131z bilgiler, hizmetlerimizi test etmemizi, tan\u0131tmam\u0131z\u0131 ve ki\u015fiselle\u015ftirmemizi sa\u011flar. Bu veriler, spam ve di\u011fer k\u00f6t\u00fcye kullan\u0131m bi\u00e7imlerine kar\u015f\u0131 m\u00fccadele etmemize de yard\u0131mc\u0131 olur ve hizmetlerin nas\u0131l kullan\u0131ld\u0131\u011f\u0131na dair genel, tan\u0131mlay\u0131c\u0131 olmayan bilgiler olu\u015fturmam\u0131za olanak tan\u0131r.<\/p>\n<h4>Bilgilerin \u00dc\u00e7\u00fcnc\u00fc Ki\u015filerle Payla\u015f\u0131lmas\u0131<\/h4>\n<p>BYTV, \u015feffafl\u0131k ve d\u00fcr\u00fcstl\u00fck ilkeleriyle \u00e7al\u0131\u015fmaktad\u0131r ve bilgilerinizi \u00fc\u00e7\u00fcnc\u00fc taraflara asla satmayacakt\u0131r. Bununla birlikte, a\u015fa\u011f\u0131daki durumlarda bilgilerinizi \u00fc\u00e7\u00fcnc\u00fc taraflarla payla\u015fabiliriz:<br \/>\n&#8211; Yasal zorunluluklar veya kamu otoritesinin talepleri gere\u011fi,<br \/>\n&#8211; Yasal haklar\u0131m\u0131z\u0131 korumak i\u00e7in gerekli oldu\u011funda,<br \/>\n&#8211; \u0130\u015fletmemizi satmam\u0131z veya devretmemiz durumunda (bu durumda, yeni sahipler ayn\u0131 \u015fekilde bilgilerinizi kullanabilir),<br \/>\n&#8211; \u0130\u015fletmemize devralan di\u011fer varisler ile.<\/p>\n<h4>Verilerinizi Nas\u0131l Koruyoruz?<\/h4>\n<p>Bilgilerinizin g\u00fcvenli\u011fini sa\u011flamak bizim i\u00e7in b\u00fcy\u00fck bir \u00f6nceliktir ve her zaman en g\u00fcncel teknoloji ve y\u00f6ntemlerle korunmaktad\u0131r. \u00c7al\u0131\u015fanlar\u0131m\u0131z\u0131n sadece g\u00f6revlerini yerine getirmek i\u00e7in gerekli olan bilgilere eri\u015fimi bulunmaktad\u0131r. Bilgilerinizin iletilmesi s\u0131ras\u0131nda Secure Sockets Layer (SSL) kullanarak \u015fifreleme yap\u0131yoruz. Fiziksel, elektronik ve prosed\u00fcrel koruma \u00f6nlemleri uygulayarak, toplad\u0131\u011f\u0131m\u0131z, saklad\u0131\u011f\u0131m\u0131z ve a\u00e7\u0131klad\u0131\u011f\u0131m\u0131z ki\u015fisel verilerinizi g\u00fcvence alt\u0131na al\u0131yoruz.<\/p>\n<h4>Haklar\u0131n\u0131z<\/h4>\n<p>Veri Koruma Yasas\u0131 1998\u2019e g\u00f6re, hakk\u0131n\u0131zda tuttu\u011fumuz ki\u015fisel verilere eri\u015fme hakk\u0131n\u0131z vard\u0131r. Ki\u015fisel verilerinize eri\u015fim talebinde bulunmak isterseniz, bize info@bytv.co.uk adresinden e-posta yoluyla ula\u015fabilirsiniz.<\/p>\n<h4>\u00c7erezler ve Takip<\/h4>\n<p>BYTV olarak, gizlili\u011finize \u00f6nem veriyoruz ve \u00e7erezler ve benzeri takip teknolojilerini nas\u0131l kapatabilece\u011finizi bilmenizi istiyoruz. 13 ya\u015f\u0131n alt\u0131ndaysan\u0131z, bu i\u015flemi ebeveyniniz ya da veliniz yapabilir. Ayr\u0131nt\u0131l\u0131 \u00c7erez Politikam\u0131za g\u00f6z atabilirsiniz.<\/p>\n<h4>Ki\u015fisel Bilgilerin G\u00fcncellenmesi veya Silinmesi<\/h4>\n<p>Bir BYTV hesab\u0131n\u0131z varsa, ki\u015fisel bilgilerinize eri\u015febilir, bunlar\u0131 de\u011fi\u015ftirebilir veya hesab\u0131n\u0131z\u0131 istedi\u011finiz zaman silebilirsiniz.<\/p>\n<h4>BYTV\u2019den \u0130leti\u015fim<\/h4>\n<p>Bazen hesab\u0131n\u0131zla ilgili de\u011fi\u015fiklikler, \u015fartlardaki g\u00fcncellemeler veya yeni politikalar hakk\u0131nda size ileti\u015fim g\u00f6nderebiliriz. Bu t\u00fcr \u201ci\u015flemsel\u201d e-postalardan \u00e7\u0131k\u0131\u015f yapamazs\u0131n\u0131z (hesab\u0131n\u0131z\u0131 silmedik\u00e7e). Ancak, \u00f6zetler, b\u00fcltenler ve etkinlik bildirimleri gibi idari olmayan e-postalardan hesab\u0131n\u0131z\u0131n Ayarlar sayfas\u0131ndan \u00e7\u0131k\u0131\u015f yapabilirsiniz.<\/p>\n<h4>Bildirimler<\/h4>\n<p>Uygulamam\u0131z, size zaman\u0131nda g\u00fcncellemeler, uyar\u0131lar ve uygulamayla ilgili bilgiler sa\u011flamak i\u00e7in Google Cloud Messaging (GCM) \/ Firebase Cloud Messaging (FCM) kullanmaktad\u0131r.<\/p>\n<h4>Veri G\u00fcvenli\u011fi<\/h4>\n<p>Push bildirimleri i\u00e7in kullan\u0131lan verilerinizi korumak i\u00e7in uygun \u00f6nlemler al\u0131yoruz. Ancak, internet \u00fczerinden veri iletiminin veya elektronik depolaman\u0131n tamamen g\u00fcvenli olmad\u0131\u011f\u0131n\u0131 unutmay\u0131n.<\/p>\n<h4>Politika De\u011fi\u015fiklikleri<\/h4>\n<p>BYTV, bu Politikay\u0131 zaman zaman g\u00fcncelleyebilir. Bu Politikan\u0131n en g\u00fcncel versiyonu her zaman burada bulunacak ve \u00f6nceki s\u00fcr\u00fcmlerini ar\u015fivleyece\u011fiz.<\/p>\n<h4>Bizimle \u0130leti\u015fime Ge\u00e7in<\/h4>\n<p>Bu politika ile ilgili geri bildirimlerinizi info@bytv.co.uk adresinden memnuniyetle al\u0131yoruz.<\/p>\n<div id=\"briti-1976641267\" class=\"briti-icerikten-sonra_2\" style=\"margin-top: 25px;margin-bottom: 25px;\"><a href=\"https:\/\/wa.me\/message\/NDZLLIOQT4H3O1\" aria-label=\"bytv reklam banner\"><img loading=\"lazy\" decoding=\"async\" src=\"https:\/\/by-tv.co.uk\/wp-content\/uploads\/2025\/12\/bytv-reklam-banner.jpg\" alt=\"\"  width=\"2376\" height=\"1008\"   \/><\/a><\/div>","protected":false},"excerpt":{"rendered":"<p>BYTV&nbsp; olarak, ki\u015fisel verilerinize \u00f6zen g\u00f6stermek bizim i\u00e7in son derece \u00f6nemlidir. Bu politikan\u0131n sizi en \u00e7ok heyecanland\u0131racak okuma olmayaca\u011f\u0131n\u0131 biliyoruz, ancak m\u00fcmk\u00fcn oldu\u011funca k\u0131sa ve anla\u015f\u0131l\u0131r tutmaya \u00e7al\u0131\u015ft\u0131k. Verilerinizin bizimle g\u00fcvende oldu\u011fundan emin olman\u0131z\u0131 ve bu verileri nas\u0131l kulland\u0131\u011f\u0131m\u0131z\u0131 bilmenizi istiyoruz. Size en iyi, d\u00fcr\u00fcst ve \u015feffaf bir haber servisi sunmay\u0131 ama\u00e7l\u0131yoruz, gizlili\u011finizi tehlikeye atmadan. Bu politika neyi kaps\u0131yor? Veri sorumlusu BYTV&#8217;dir (bu politikada &#8220;biz&#8221; veya &#8220;bize&#8221; olarak an\u0131lacakt\u0131r). Ki\u015fisel verilerinizi nas\u0131l toplad\u0131\u011f\u0131m\u0131z, kulland\u0131\u011f\u0131m\u0131z ve korudu\u011fumuz konusunda do\u011fru ad\u0131mlar\u0131 atmakta kararl\u0131y\u0131z. Bu y\u00fczden bu gizlilik ve \u00e7erez politikas\u0131n\u0131 (\u201cPolitika\u201d) geli\u015ftirdik. Bu politikada: &#8211; Hakk\u0131n\u0131zda hangi bilgileri toplayabilece\u011fimizi, &#8211; Bu bilgileri [&hellip;]<\/p>\n","protected":false},"author":1,"featured_media":0,"comment_status":"open","ping_status":"open","sticky":false,"template":"","format":"standard","meta":{"ngg_post_thumbnail":0,"footnotes":""},"categories":[1],"tags":[],"class_list":["post-27652","post","type-post","status-publish","format-standard","hentry","category-genel"],"_links":{"self":[{"href":"https:\/\/by-tv.co.uk\/en\/wp-json\/wp\/v2\/posts\/27652","targetHints":{"allow":["GET"]}}],"collection":[{"href":"https:\/\/by-tv.co.uk\/en\/wp-json\/wp\/v2\/posts"}],"about":[{"href":"https:\/\/by-tv.co.uk\/en\/wp-json\/wp\/v2\/types\/post"}],"author":[{"embeddable":true,"href":"https:\/\/by-tv.co.uk\/en\/wp-json\/wp\/v2\/users\/1"}],"replies":[{"embeddable":true,"href":"https:\/\/by-tv.co.uk\/en\/wp-json\/wp\/v2\/comments?post=27652"}],"version-history":[{"count":0,"href":"https:\/\/by-tv.co.uk\/en\/wp-json\/wp\/v2\/posts\/27652\/revisions"}],"wp:attachment":[{"href":"https:\/\/by-tv.co.uk\/en\/wp-json\/wp\/v2\/media?parent=27652"}],"wp:term":[{"taxonomy":"category","embeddable":true,"href":"https:\/\/by-tv.co.uk\/en\/wp-json\/wp\/v2\/categories?post=27652"},{"taxonomy":"post_tag","embeddable":true,"href":"https:\/\/by-tv.co.uk\/en\/wp-json\/wp\/v2\/tags?post=27652"}],"curies":[{"name":"wp","href":"https:\/\/api.w.org\/{rel}","templated":true}]}}