{"id":27412,"date":"2024-08-27T21:53:39","date_gmt":"2024-08-27T20:53:39","guid":{"rendered":"https:\/\/by-tv.co.uk\/?p=27412"},"modified":"2024-08-27T21:53:39","modified_gmt":"2024-08-27T20:53:39","slug":"ingiltere-ve-gallerdeki-erkek-hapishanelerinde-sadece-100-bos-yer-kaldi","status":"publish","type":"post","link":"https:\/\/by-tv.co.uk\/en\/ingiltere-ve-gallerdeki-erkek-hapishanelerinde-sadece-100-bos-yer-kaldi\/","title":{"rendered":"\u0130ngiltere ve Galler&#8217;deki erkek hapishanelerinde sadece 100 bo\u015f yer kald\u0131"},"content":{"rendered":"<p>\u0130ngiltere ve Galler&#8217;de zaten a\u015f\u0131r\u0131 kalabal\u0131k olan hapishane sistemi, \u00f6zellikle resmi tatil hafta sonlar\u0131ndan sonra daha fazla bask\u0131 alt\u0131na giriyor. Normalde bu durum, mahkemelerin yeniden a\u00e7\u0131lmas\u0131yla hafifliyor. Ancak, mahkemeler tatil g\u00fcnlerinde oturum yapabilse bile, mahkumlar Sal\u0131 g\u00fcn\u00fcne kadar serbest b\u0131rak\u0131lam\u0131yor.<\/p>\n<p>The Guardian&#8217;in haberine g\u00f6re ge\u00e7en Cuma g\u00fcn\u00fc, su\u00e7lu say\u0131s\u0131n\u0131n haftal\u0131k olarak yeni bir zirveye ula\u015fmas\u0131 nedeniyle, yarg\u0131\u00e7lardan su\u00e7lular\u0131 hapse atmay\u0131 geciktirmeleri istendi. Hapishane n\u00fcfusu 88.234&#8217;e ula\u015farak, bu say\u0131 2011&#8217;den bu yana kaydedilen en y\u00fcksek haftal\u0131k rakam oldu. Yetkililer, mahkumlar\u0131n erken serbest b\u0131rak\u0131lmas\u0131ndan \u00f6nceki haftalarda neler olabilece\u011fi konusunda b\u00fcy\u00fck endi\u015fe duyuyor.<\/p>\n<p>Ba\u015fbakan Keir Starmer, bug\u00fcn yapt\u0131\u011f\u0131 a\u00e7\u0131klamada<strong>, &#8220;Muhafazakarlar\u0131n hapishanelerimizde ne yapt\u0131\u011f\u0131n\u0131 \u00f6\u011frendi\u011fimde \u00e7ok \u015fa\u015f\u0131rd\u0131m ve bunu d\u00fczeltmek zaman alacak. Cumartesiye kadar bir hapishane in\u015fa edemem. Ancak d\u00fczensizlikten kurtulmam\u0131z\u0131 sa\u011flamak i\u00e7in gerekli \u00f6nlemleri ald\u0131k.&#8221;<\/strong> dedi.<\/p><div id=\"briti-626133054\" class=\"briti-icerik\" style=\"margin-top: 5px;margin-bottom: 5px;\"><a href=\"https:\/\/piaryum.com\/services\/\" aria-label=\"piaryum banner\"><img loading=\"lazy\" decoding=\"async\" src=\"https:\/\/by-tv.co.uk\/wp-content\/uploads\/2025\/12\/Gemini_Generated_Image_g5yqr1g5yqr1g5yq.jpg\" alt=\"\"  width=\"2064\" height=\"1152\"   \/><\/a><\/div>\n<p>A\u015f\u0131r\u0131 kalabal\u0131\u011f\u0131 hafifletmek amac\u0131yla baz\u0131 mahkumlar\u0131n erken serbest b\u0131rak\u0131lmas\u0131 planlan\u0131yor ve \u0130ngiltere&#8217;nin kuzeyinde mahkumlar\u0131n polis h\u00fccrelerinde tutulmas\u0131na izin veren acil \u00f6nlemler devreye girdi.<\/p>\n<p>Bu ay\u0131n ba\u015flar\u0131nda, Adalet Bakanl\u0131\u011f\u0131 \u00f6n\u00fcm\u00fczdeki haftalarda 500&#8217;den fazla yeni yerin a\u00e7\u0131laca\u011f\u0131n\u0131 a\u00e7\u0131klad\u0131. Bir bakanl\u0131k s\u00f6zc\u00fcs\u00fc,<strong> &#8220;Yeni h\u00fck\u00fcmet, krizdeki bir adalet sistemini devrald\u0131 ve tehlikeli su\u00e7lular\u0131 hapsetmeye ve halk\u0131 korumaya devam edebilmemiz i\u00e7in zor ama gerekli ad\u0131mlar atmak zorunda kald\u0131. Adalet sistemindeki t\u00fcm \u00e7al\u0131\u015fanlar inan\u0131lmaz derecede s\u0131k\u0131 \u00e7al\u0131\u015f\u0131yor ve h\u00fck\u00fcmet, de\u011fi\u015fikliklerin 10 Eyl\u00fcl&#8217;de y\u00fcr\u00fcrl\u00fc\u011fe girmesinden \u00f6nce onlar\u0131 desteklemeye devam edecek.&#8221;<\/strong> dedi.<\/p>\n<p>Ge\u00e7en ay, Adalet Bakan\u0131 Shabana Mahmood, mahkumlar\u0131n cezaevinde ge\u00e7irmesi gereken ceza s\u00fcresinin y\u00fczde 50&#8217;den y\u00fczde 40&#8217;a d\u00fc\u015f\u00fcr\u00fclmesi plan\u0131n\u0131 a\u00e7\u0131klad\u0131. Bu ge\u00e7ici \u00f6nlemin, Eyl\u00fcl ve Ekim aylar\u0131nda 5.500 su\u00e7lunun serbest b\u0131rak\u0131lmas\u0131yla sonu\u00e7lanmas\u0131 bekleniyor. Cinsel su\u00e7lar, ter\u00f6rizm, aile i\u00e7i \u015fiddet veya baz\u0131 \u015fiddet su\u00e7lar\u0131ndan mahkum olanlar bu d\u00fczenlemeden yararlanamayacak.<\/p>\n<p>&nbsp;<\/p>\n<p>&nbsp;<\/p>\n<div id=\"briti-3738050990\" class=\"briti-icerikten-sonra_2\" style=\"margin-top: 25px;margin-bottom: 25px;\"><a href=\"https:\/\/wa.me\/message\/NDZLLIOQT4H3O1\" aria-label=\"bytv reklam banner\"><img loading=\"lazy\" decoding=\"async\" src=\"https:\/\/by-tv.co.uk\/wp-content\/uploads\/2025\/12\/bytv-reklam-banner.jpg\" alt=\"\"  width=\"2376\" height=\"1008\"   \/><\/a><\/div>","protected":false},"excerpt":{"rendered":"<p>\u0130ngiltere ve Galler&#8217;de zaten a\u015f\u0131r\u0131 kalabal\u0131k olan hapishane sistemi, \u00f6zellikle resmi tatil hafta sonlar\u0131ndan sonra daha fazla bask\u0131 alt\u0131na giriyor. Normalde bu durum, mahkemelerin yeniden a\u00e7\u0131lmas\u0131yla hafifliyor. Ancak, mahkemeler tatil g\u00fcnlerinde oturum yapabilse bile, mahkumlar Sal\u0131 g\u00fcn\u00fcne kadar serbest b\u0131rak\u0131lam\u0131yor. The Guardian&#8217;in haberine g\u00f6re ge\u00e7en Cuma g\u00fcn\u00fc, su\u00e7lu say\u0131s\u0131n\u0131n haftal\u0131k olarak yeni bir zirveye ula\u015fmas\u0131 nedeniyle, yarg\u0131\u00e7lardan su\u00e7lular\u0131 hapse atmay\u0131 geciktirmeleri istendi. Hapishane n\u00fcfusu 88.234&#8217;e ula\u015farak, bu say\u0131 2011&#8217;den bu yana kaydedilen en y\u00fcksek haftal\u0131k rakam oldu. Yetkililer, mahkumlar\u0131n erken serbest b\u0131rak\u0131lmas\u0131ndan \u00f6nceki haftalarda neler olabilece\u011fi konusunda b\u00fcy\u00fck endi\u015fe duyuyor. Ba\u015fbakan Keir Starmer, bug\u00fcn yapt\u0131\u011f\u0131 a\u00e7\u0131klamada, &#8220;Muhafazakarlar\u0131n hapishanelerimizde ne yapt\u0131\u011f\u0131n\u0131 [&hellip;]<\/p>\n","protected":false},"author":1,"featured_media":27413,"comment_status":"open","ping_status":"open","sticky":false,"template":"","format":"standard","meta":{"ngg_post_thumbnail":0,"footnotes":""},"categories":[5269,15],"tags":[],"class_list":["post-27412","post","type-post","status-publish","format-standard","has-post-thumbnail","hentry","category-birlesik-krallik","category-ingiltere"],"_links":{"self":[{"href":"https:\/\/by-tv.co.uk\/en\/wp-json\/wp\/v2\/posts\/27412","targetHints":{"allow":["GET"]}}],"collection":[{"href":"https:\/\/by-tv.co.uk\/en\/wp-json\/wp\/v2\/posts"}],"about":[{"href":"https:\/\/by-tv.co.uk\/en\/wp-json\/wp\/v2\/types\/post"}],"author":[{"embeddable":true,"href":"https:\/\/by-tv.co.uk\/en\/wp-json\/wp\/v2\/users\/1"}],"replies":[{"embeddable":true,"href":"https:\/\/by-tv.co.uk\/en\/wp-json\/wp\/v2\/comments?post=27412"}],"version-history":[{"count":0,"href":"https:\/\/by-tv.co.uk\/en\/wp-json\/wp\/v2\/posts\/27412\/revisions"}],"wp:featuredmedia":[{"embeddable":true,"href":"https:\/\/by-tv.co.uk\/en\/wp-json\/wp\/v2\/media\/27413"}],"wp:attachment":[{"href":"https:\/\/by-tv.co.uk\/en\/wp-json\/wp\/v2\/media?parent=27412"}],"wp:term":[{"taxonomy":"category","embeddable":true,"href":"https:\/\/by-tv.co.uk\/en\/wp-json\/wp\/v2\/categories?post=27412"},{"taxonomy":"post_tag","embeddable":true,"href":"https:\/\/by-tv.co.uk\/en\/wp-json\/wp\/v2\/tags?post=27412"}],"curies":[{"name":"wp","href":"https:\/\/api.w.org\/{rel}","templated":true}]}}