{"id":27273,"date":"2024-08-19T06:47:13","date_gmt":"2024-08-19T05:47:13","guid":{"rendered":"https:\/\/by-tv.co.uk\/?p=27273"},"modified":"2024-08-19T06:47:13","modified_gmt":"2024-08-19T05:47:13","slug":"angela-rayner-yeni-sehir-planinin-ingilterenin-konut-hedeflerini-kacirma-riski-tasidigini-soyledi","status":"publish","type":"post","link":"https:\/\/by-tv.co.uk\/en\/angela-rayner-yeni-sehir-planinin-ingilterenin-konut-hedeflerini-kacirma-riski-tasidigini-soyledi\/","title":{"rendered":"Angela Rayner Yeni \u015eehir Plan\u0131n\u0131n \u0130ngiltere&#8217;nin Konut Hedeflerini Ka\u00e7\u0131rma Riski Ta\u015f\u0131d\u0131\u011f\u0131n\u0131 S\u00f6yledi"},"content":{"rendered":"<p><strong>Centre for Cities<\/strong>&#8216;in yapt\u0131\u011f\u0131 bir analiz, \u0130ngiltere&#8217;deki konut a\u00e7\u0131\u011f\u0131n\u0131 kapatmak amac\u0131yla h\u00fck\u00fcmetin belirledi\u011fi 1,5 milyon konut hedefine ula\u015fabilmesi i\u00e7in daha fazla yeni \u015fehir in\u015fa edilmesi gerekti\u011fini ortaya koydu. Ancak, <strong>Angela Rayner<\/strong>, h\u00fck\u00fcmetin bu hedefe ula\u015fmak i\u00e7in \u0130ngiltere genelinde yeni kentler yaratmaya fazla odaklanarak, mevcut konut hedeflerini ka\u00e7\u0131rma riskiyle kar\u015f\u0131 kar\u015f\u0131ya kalabilece\u011fi konusunda uyar\u0131larda bulundu.<\/p>\n<p>Ba\u015fbakan Yard\u0131mc\u0131s\u0131 Rayner, ge\u00e7ti\u011fimiz ay, &#8220;sava\u015f sonras\u0131 d\u00f6nemden bu yana en b\u00fcy\u00fck konut in\u015fa program\u0131&#8221; olarak tan\u0131mlad\u0131\u011f\u0131 planlar\u0131n\u0131 a\u00e7\u0131klad\u0131 ve bir nesil yeni \u015fehirlerin in\u015fas\u0131na \u00f6nc\u00fcl\u00fck edecek dedi. Bu plan, \u0130ngiltere&#8217;de \u0130kinci D\u00fcnya Sava\u015f\u0131 sonras\u0131nda<strong> Stevenage<\/strong>, <strong>Warrington<\/strong> ve <strong>Milton Keynes<\/strong> gibi \u015fehirlerin kurulmas\u0131ndan esinlenerek tasarland\u0131 ve h\u00fck\u00fcmetin \u00f6n\u00fcm\u00fczdeki be\u015f y\u0131l i\u00e7inde 1,5 milyon konut in\u015fa etme hedefine ula\u015fmas\u0131na yard\u0131mc\u0131 olmay\u0131 ama\u00e7l\u0131yor.<\/p>\n<p><img loading=\"lazy\" decoding=\"async\" class=\"alignnone size-full wp-image-27004\" src=\"https:\/\/by-tv.co.uk\/wp-content\/uploads\/2024\/07\/Zoopla-Birlesik-Krallikta-Konut-Fiyatlari-2024-Yilinda-Artis-Gosterecek.jpeg\" alt=\"\" width=\"2048\" height=\"1152\" title=\"\"><\/p>\n<p>Ancak <strong>Centre for Cities<\/strong>&#8216;in analizine g\u00f6re, bu program\u0131n sava\u015f sonras\u0131 1946 Yeni Kentler Yasas\u0131&#8217;ndan sonraki 40 y\u0131l i\u00e7inde t\u00fcm yeni konut in\u015fas\u0131n\u0131n yaln\u0131zca %3,3&#8217;\u00fcn\u00fc olu\u015fturdu\u011fu belirtildi. Ara\u015ft\u0131rma, 1947 ile 1991 y\u0131llar\u0131 aras\u0131nda \u0130ngiltere&#8217;deki yeni \u015fehir geli\u015ftirme \u015firketlerinin sadece 307.000 konut in\u015fas\u0131n\u0131 koordine etti\u011fini, bu rakam\u0131n h\u00fck\u00fcmetin 2029&#8217;a kadar her y\u0131l in\u015fa etmesi gereken ortalama konut say\u0131s\u0131na e\u015fit oldu\u011funu g\u00f6sterdi.<\/p><div id=\"briti-827041816\" class=\"briti-icerik\" style=\"margin-top: 5px;margin-bottom: 5px;\"><a href=\"https:\/\/piaryum.com\/services\/\" aria-label=\"piaryum banner\"><img loading=\"lazy\" decoding=\"async\" src=\"https:\/\/by-tv.co.uk\/wp-content\/uploads\/2025\/12\/Gemini_Generated_Image_g5yqr1g5yqr1g5yq.jpg\" alt=\"\"  width=\"2064\" height=\"1152\"   \/><\/a><\/div>\n<h5><strong>Yeni \u015eehirler G\u00f6rev G\u00fcc\u00fc: \u0130ngiltere&#8217;nin Konut Krizine Yan\u0131t<\/strong><\/h5>\n<p>Rayner, ge\u00e7ti\u011fimiz ay\u0131n sonlar\u0131nda eski Birmingham \u015eehir Konseyi Ba\u015fkan\u0131 <strong>Michael Lyons<\/strong> ve eski \u0130ngiltere Merkez Bankas\u0131 politika yap\u0131c\u0131s\u0131 <strong>Dame Kate<\/strong> <strong>Barker<\/strong>&#8216;\u0131n ba\u015fkanl\u0131\u011f\u0131nda yeni \u015fehirler g\u00f6rev g\u00fcc\u00fcn\u00fc duyurdu. Bu panel, 12 ay i\u00e7inde yeni kentler i\u00e7in uygun yerleri belirleyecek \u00f6neriler sunmay\u0131 hedefliyor.<\/p>\n<p>H\u00fck\u00fcmetin planlar\u0131 kapsam\u0131nda, her biri en az 10.000 yeni konuttan olu\u015fan b\u00fcy\u00fck topluluklar olu\u015fturulmas\u0131 planlan\u0131yor. Bu topluluklar\u0131n yakla\u015f\u0131k %40&#8217;\u0131 sosyal kiralamal\u0131 m\u00fclkler de dahil olmak \u00fczere uygun fiyatl\u0131 konutlardan olu\u015facak. Bakanlar, bu yeniden ba\u015flat\u0131lan yeni kentler program\u0131n\u0131n \u00f6n\u00fcm\u00fczdeki on y\u0131llarda y\u00fcz binlerce konut in\u015fa etmeye devam edece\u011fine inan\u0131yor.<\/p>\n<p>Ancak <strong>Centre for Cities<\/strong>, h\u00fck\u00fcmetin 1,5 milyon konut hedefine ula\u015fabilmesi i\u00e7in \u0130ngiltere&#8217;nin \u015fimdiye kadar ba\u015fard\u0131\u011f\u0131ndan \u00e7ok daha fazla yeni \u015fehir ve kentsel uzant\u0131 in\u015fa etmesi gerekti\u011fini vurgulad\u0131. Analiz, yeni kentlerdeki konutlar\u0131n d\u00f6rtte \u00fc\u00e7\u00fcn\u00fcn kamu kurumlar\u0131 taraf\u0131ndan in\u015fa edildi\u011fini ve \u00f6zel konut in\u015faat\u00e7\u0131lar\u0131n\u0131n 1946&#8217;dan sonraki k\u0131rk y\u0131l i\u00e7inde yeni kentler i\u00e7in belirlenen arazilerde sadece 76.000 konut in\u015fa etti\u011fini ortaya koydu. Ayn\u0131 d\u00f6nemde B\u00fcy\u00fck Londra&#8217;da ise 880.000 konut in\u015fa edildi\u011fi belirtildi.<\/p>\n<p>Ge\u00e7en y\u0131l <strong>Birle\u015fik Krall\u0131k<\/strong> genelinde yakla\u015f\u0131k 189.260 konut in\u015fa edildi, bunlar\u0131n yakla\u015f\u0131k d\u00f6rtte \u00fc\u00e7\u00fc \u00f6zel sekt\u00f6r taraf\u0131ndan yap\u0131ld\u0131. Bir y\u0131lda 300.000&#8217;den fazla konutun in\u015fa edildi\u011fi en son y\u0131l, 1977 y\u0131l\u0131yd\u0131 ve o d\u00f6nemde konutlar\u0131n yakla\u015f\u0131k yar\u0131s\u0131 belediyeler taraf\u0131ndan in\u015fa edilmi\u015fti.<\/p>\n<h5><strong>Yeni Kentler ve Ye\u015fil Alanlar: \u0130ngiltere&#8217;nin Konut Hedefine Ula\u015fma Stratejisi<\/strong><\/h5>\n<p>\u0130ngiltere&#8217;nin \u00f6nde gelen \u015fehircilik uzmanlar\u0131ndan <strong>David Rudlin<\/strong>, h\u00fck\u00fcmetin konut in\u015fa taahh\u00fcd\u00fcn\u00fc yerine getirebilmesi i\u00e7in <strong>Milton Keynes<\/strong>&#8216;in iki kat\u0131 b\u00fcy\u00fckl\u00fc\u011f\u00fcnde ye\u015fil alanlar\u0131n kullan\u0131lmas\u0131n\u0131n gerekti\u011fini belirtti.<strong> Centre for Cities<\/strong>&#8216;in analizi, yeni kentlerdeki konutlar\u0131n genel konut in\u015fas\u0131na k\u0131yasla d\u00fc\u015f\u00fck bir say\u0131da katk\u0131da bulunmas\u0131na ra\u011fmen, genellikle \u00fclkenin geri kalan\u0131ndan daha h\u0131zl\u0131 in\u015fa edildi\u011fini de ortaya koydu.<\/p>\n<p>D\u00fc\u015f\u00fcnce kurulu\u015fu, h\u00fck\u00fcmetin yeni \u015fehir kurma program\u0131n\u0131 \u00f6zellikle Londra ve G\u00fcneydo\u011fu \u0130ngiltere&#8217;de, ihtiyac\u0131n en y\u00fcksek oldu\u011fu yerlere odaklanmas\u0131 gerekti\u011fini vurgulad\u0131. Mevcut kentsel alanlar\u0131n geni\u015fletilmesine odaklanman\u0131n da yard\u0131mc\u0131 olabilece\u011fini belirtti. <strong>Centre for Cities<\/strong>, yeni kentlerin h\u00fck\u00fcmetin hedeflerine ula\u015fmak i\u00e7in kullanmas\u0131 gereken \u201cara\u00e7lardan yaln\u0131zca biri\u201d oldu\u011funu belirterek, yerel meclislere konut hedefleri koymaya y\u00f6nelik ad\u0131mlar\u0131n bir di\u011fer \u201c\u00f6nemli ba\u015flang\u0131\u00e7\u201d oldu\u011funu kaydetti. D\u00fc\u015f\u00fcnce kurulu\u015fu ayr\u0131ca, baz\u0131 b\u00f6lgelere konut geli\u015fimini empoze etmek i\u00e7in merkezi h\u00fck\u00fcmetin daha yukar\u0131dan a\u015fa\u011f\u0131ya kararlar\u0131na ihtiya\u00e7 duyulaca\u011f\u0131n\u0131 s\u00f6yledi.<\/p>\n<p>Centre for Cities analisti <strong>Maurice Lange<\/strong>, &#8220;H\u00fck\u00fcmet yeni kentler i\u00e7in belirli say\u0131da konutun teslim edilece\u011fi bir zaman \u00e7izelgesi vermemi\u015f olsa da, bu projeleri manifestosunda vaat etti\u011fi 1,5 milyon konutun teslim edilmesinin \u00f6nemli bir par\u00e7as\u0131 olarak g\u00f6rd\u00fc\u011f\u00fcn\u00fc\u201d belirtti. Lange, ge\u00e7mi\u015f deneyimlerin bu politikan\u0131n belirli b\u00f6lgelerde kalk\u0131nmay\u0131 h\u0131zland\u0131rabilece\u011fini, ancak toplam konut in\u015fas\u0131n\u0131 art\u0131rmadaki rol\u00fcn\u00fcn nispeten k\u00fc\u00e7\u00fck olaca\u011f\u0131n\u0131 g\u00f6sterdi\u011fini vurgulad\u0131. Bu durumun, planlama sisteminin Birle\u015fik Krall\u0131k genelinde daha amaca y\u00f6nelik ve \u00f6ng\u00f6r\u00fclebilir hale getirilmesi i\u00e7in daha geni\u015f kapsaml\u0131 bir reformla birle\u015ftirilmesi gerekti\u011fini belirtti.<\/p>\n<p>Bir h\u00fck\u00fcmet s\u00f6zc\u00fcs\u00fc ise, &#8220;Yeni kentler, Britanya&#8217;y\u0131 yeniden in\u015fa etme ve bu \u00fclkenin ihtiya\u00e7 duydu\u011fu konutlar\u0131 yaratma plan\u0131m\u0131z\u0131n sadece bir par\u00e7as\u0131d\u0131r. \u00d6n\u00fcm\u00fczdeki on y\u0131llar i\u00e7inde y\u00fcz binlerce ihtiya\u00e7 duyulan uygun fiyatl\u0131 konutu teslim etmeleri beklenmektedir. Ba\u015f\u0131ndan beri bunun uzun vadeli bir proje oldu\u011funu a\u00e7\u0131k\u00e7a ifade ettik, ancak planlama sistemindeki revizyonumuz sayesinde bu parlamentoda 1,5 milyon konut teslim edilecek,&#8221; a\u00e7\u0131klamas\u0131nda bulundu.<\/p>\n<p>&nbsp;<\/p>\n<div id=\"briti-958424331\" class=\"briti-icerikten-sonra_2\" style=\"margin-top: 25px;margin-bottom: 25px;\"><a href=\"https:\/\/wa.me\/message\/NDZLLIOQT4H3O1\" aria-label=\"bytv reklam banner\"><img loading=\"lazy\" decoding=\"async\" src=\"https:\/\/by-tv.co.uk\/wp-content\/uploads\/2025\/12\/bytv-reklam-banner.jpg\" alt=\"\"  width=\"2376\" height=\"1008\"   \/><\/a><\/div>","protected":false},"excerpt":{"rendered":"<p>Centre for Cities&#8216;in yapt\u0131\u011f\u0131 bir analiz, \u0130ngiltere&#8217;deki konut a\u00e7\u0131\u011f\u0131n\u0131 kapatmak amac\u0131yla h\u00fck\u00fcmetin belirledi\u011fi 1,5 milyon konut hedefine ula\u015fabilmesi i\u00e7in daha fazla yeni \u015fehir in\u015fa edilmesi gerekti\u011fini ortaya koydu. Ancak, Angela Rayner, h\u00fck\u00fcmetin bu hedefe ula\u015fmak i\u00e7in \u0130ngiltere genelinde yeni kentler yaratmaya fazla odaklanarak, mevcut konut hedeflerini ka\u00e7\u0131rma riskiyle kar\u015f\u0131 kar\u015f\u0131ya kalabilece\u011fi konusunda uyar\u0131larda bulundu. Ba\u015fbakan Yard\u0131mc\u0131s\u0131 Rayner, ge\u00e7ti\u011fimiz ay, &#8220;sava\u015f sonras\u0131 d\u00f6nemden bu yana en b\u00fcy\u00fck konut in\u015fa program\u0131&#8221; olarak tan\u0131mlad\u0131\u011f\u0131 planlar\u0131n\u0131 a\u00e7\u0131klad\u0131 ve bir nesil yeni \u015fehirlerin in\u015fas\u0131na \u00f6nc\u00fcl\u00fck edecek dedi. Bu plan, \u0130ngiltere&#8217;de \u0130kinci D\u00fcnya Sava\u015f\u0131 sonras\u0131nda Stevenage, Warrington ve Milton Keynes gibi \u015fehirlerin kurulmas\u0131ndan esinlenerek tasarland\u0131 ve [&hellip;]<\/p>\n","protected":false},"author":11,"featured_media":27309,"comment_status":"open","ping_status":"open","sticky":false,"template":"","format":"standard","meta":{"ngg_post_thumbnail":0,"footnotes":""},"categories":[5269],"tags":[],"class_list":["post-27273","post","type-post","status-publish","format-standard","has-post-thumbnail","hentry","category-birlesik-krallik"],"_links":{"self":[{"href":"https:\/\/by-tv.co.uk\/en\/wp-json\/wp\/v2\/posts\/27273","targetHints":{"allow":["GET"]}}],"collection":[{"href":"https:\/\/by-tv.co.uk\/en\/wp-json\/wp\/v2\/posts"}],"about":[{"href":"https:\/\/by-tv.co.uk\/en\/wp-json\/wp\/v2\/types\/post"}],"author":[{"embeddable":true,"href":"https:\/\/by-tv.co.uk\/en\/wp-json\/wp\/v2\/users\/11"}],"replies":[{"embeddable":true,"href":"https:\/\/by-tv.co.uk\/en\/wp-json\/wp\/v2\/comments?post=27273"}],"version-history":[{"count":0,"href":"https:\/\/by-tv.co.uk\/en\/wp-json\/wp\/v2\/posts\/27273\/revisions"}],"wp:featuredmedia":[{"embeddable":true,"href":"https:\/\/by-tv.co.uk\/en\/wp-json\/wp\/v2\/media\/27309"}],"wp:attachment":[{"href":"https:\/\/by-tv.co.uk\/en\/wp-json\/wp\/v2\/media?parent=27273"}],"wp:term":[{"taxonomy":"category","embeddable":true,"href":"https:\/\/by-tv.co.uk\/en\/wp-json\/wp\/v2\/categories?post=27273"},{"taxonomy":"post_tag","embeddable":true,"href":"https:\/\/by-tv.co.uk\/en\/wp-json\/wp\/v2\/tags?post=27273"}],"curies":[{"name":"wp","href":"https:\/\/api.w.org\/{rel}","templated":true}]}}