{"id":27265,"date":"2024-08-19T07:03:49","date_gmt":"2024-08-19T06:03:49","guid":{"rendered":"https:\/\/by-tv.co.uk\/?p=27265"},"modified":"2024-08-19T07:03:49","modified_gmt":"2024-08-19T06:03:49","slug":"ingilterede-perakende-satislara-euro-2024-morali","status":"publish","type":"post","link":"https:\/\/by-tv.co.uk\/en\/ingilterede-perakende-satislara-euro-2024-morali\/","title":{"rendered":"\u0130ngiltere&#8217;de Perakende Sat\u0131\u015flara Euro 2024 Morali"},"content":{"rendered":"<p>\u0130ngiltere&#8217;nin <strong>Avrupa Erkekler Futbol \u015eampiyonas\u0131<\/strong>&#8216;nda finale y\u00fckselmesi Temmuz ay\u0131nda \u0130ngiltere genelinde perakende sat\u0131\u015flar\u0131n toparlanmas\u0131na yard\u0131mc\u0131 oldu ve Haziran ay\u0131ndaki durgunlu\u011fun ard\u0131ndan ekonomi \u00fczerindeki bask\u0131y\u0131 hafifletti.<\/p>\n<p><strong>Ulusal \u0130statistik Ofisi<\/strong> (ONS) perakende sat\u0131\u015f hacminin ge\u00e7en ay %0,5 oran\u0131nda artt\u0131\u011f\u0131n\u0131 ve ekonomistlerin tahminlerine paralel geldi\u011fini a\u00e7\u0131klad\u0131. Bu art\u0131\u015f, k\u00f6t\u00fc hava ko\u015fullar\u0131n\u0131n al\u0131\u015fveri\u015f yapanlar\u0131 harcama yapmaktan al\u0131koydu\u011fu Haziran ay\u0131ndaki %0,9&#8217;luk revize edilmi\u015f d\u00fc\u015f\u00fc\u015f\u00fcn ard\u0131ndan geldi.<\/p>\n<p>Ancak hane halklar\u0131 hayat pahal\u0131l\u0131\u011f\u0131 krizinin ortas\u0131nda b\u00fcy\u00fck tutarl\u0131 al\u0131\u015fveri\u015fler yapmaktan ka\u00e7\u0131nmaya devam etti.<\/p><div id=\"briti-2712061110\" class=\"briti-icerik\" style=\"margin-top: 5px;margin-bottom: 5px;\"><a href=\"https:\/\/piaryum.com\/services\/\" aria-label=\"piaryum banner\"><img loading=\"lazy\" decoding=\"async\" src=\"https:\/\/by-tv.co.uk\/wp-content\/uploads\/2025\/12\/Gemini_Generated_Image_g5yqr1g5yqr1g5yq.jpg\" alt=\"\"  width=\"2064\" height=\"1152\"   \/><\/a><\/div>\n<p>ONS ekonomik istatistikler direkt\u00f6r\u00fc <strong>Liz McKeown<\/strong>, harcamalardaki ayl\u0131k art\u0131\u015flara b\u00fcy\u00fck ma\u011fazalar\u0131n ve spor malzemeleri satan d\u00fckkanlar\u0131n \u00f6nc\u00fcl\u00fck etti\u011fini s\u00f6yledi. \u201cHem Futbol \u015eampiyonas\u0131 hem de bir\u00e7ok ma\u011fazada yap\u0131lan indirimler sat\u0131\u015flar\u0131 art\u0131rd\u0131\u201d dedi.<\/p>\n<p>Bu art\u0131\u015flar, giyim ve mobilya ma\u011fazalar\u0131n\u0131n zay\u0131f bir ay ge\u00e7irmesi ve pompa fiyatlar\u0131n\u0131n d\u00fc\u015fmesine ra\u011fmen akaryak\u0131t sat\u0131\u015flar\u0131n\u0131n azalmas\u0131yla dengelendi.<\/p>\n<p>\u0130ngiltere&#8217;nin \u0130spanya&#8217;ya 2-1 ma\u011flup oldu\u011fu Euro 2024 finali ve Paris Olimpiyatlar\u0131n\u0131n ba\u015flamas\u0131yla sona eren bir ayda, en \u00e7ok art\u0131\u015f bakkaliye, spor malzemeleri ve g\u00f6rsel-i\u015fitsel sat\u0131\u015flar\u0131nda b\u00fcy\u00fcme oldu\u011funu g\u00f6sterdi.<\/p>\n<p>\u0130sko\u00e7ya da futbol turnuvas\u0131na kat\u0131ld\u0131 ancak grup a\u015famalar\u0131n\u0131n \u00f6tesine ge\u00e7emedi.<\/p>\n<p>Moda sat\u0131\u015flar\u0131 s\u0131cak havalar\u0131n gelmesine ra\u011fmen zorlan\u0131rken, t\u00fcketicilerin harcamalar\u0131n\u0131 yaz deneyimlerine yo\u011funla\u015ft\u0131rmas\u0131 nedeniyle ev e\u015fyalar\u0131 ve mobilya harcamalar\u0131 k\u00f6t\u00fc performans g\u00f6sterdi.<\/p>\n<p><strong>PERAKENDE SATI\u015eLARDA TOPARLANMA HIZLANACAK<\/strong><\/p>\n<p>\u0130ngiliz Perakende Konsorsiyumu Direkt\u00f6r\u00fc <strong>Kris Hamer<\/strong> \u015funlar\u0131 s\u00f6yledi: \u201cY\u00fcksek hayat pahal\u0131l\u0131\u011f\u0131 hala t\u00fcketiciler \u00fczerinde bask\u0131 yarat\u0131yor, ancak faiz oranlar\u0131n\u0131n nihayet gev\u015femesiyle birlikte perakendeciler bunun t\u00fcketicilerin g\u00fcvenini ve \u00f6zellikle A\u011fustos ay\u0131na girerken daha fazla harcama yapmalar\u0131n\u0131 sa\u011flayaca\u011f\u0131n\u0131 umuyor.\u201d<\/p>\n<p><strong>\u0130ngiltere Merkez Bankas\u0131<\/strong> bu ay\u0131n ba\u015flar\u0131nda Covid pandemisinin ba\u015flamas\u0131ndan bu yana ilk kez faiz oranlar\u0131n\u0131 %5,25&#8217;ten %5&#8217;e indirerek 1980&#8217;lerden bu yana bor\u00e7lanma maliyetlerindeki en keskin art\u0131\u015f\u0131n ard\u0131ndan hane halk\u0131 \u00fczerindeki bask\u0131n\u0131n bir nebze hafiflemesine yard\u0131mc\u0131 oldu.<\/p>\n<p>Bu hafta a\u00e7\u0131klanan rakamlara g\u00f6re, Haziran ay\u0131nda %2&#8217;den Temmuz ay\u0131nda %2,2&#8217;ye m\u00fctevaz\u0131 bir art\u0131\u015f g\u00f6stermesine ra\u011fmen enflasyonun daha normal seviyelere inmesi de hane halk\u0131 b\u00fct\u00e7eleri \u00fczerindeki bask\u0131y\u0131 azaltt\u0131. Enflasyon iki y\u0131l \u00f6nce, Rusya&#8217;n\u0131n 2022&#8217;de Ukrayna&#8217;y\u0131 geni\u015f \u00e7apl\u0131 i\u015fgaliyle enerji ve g\u0131da fiyatlar\u0131ndaki art\u0131\u015f nedeniyle %11&#8217;in \u00fczerine \u00e7\u0131km\u0131\u015ft\u0131.<\/p>\n<p><strong>PwC UK<\/strong>&#8216;de k\u0131demli perakende dan\u0131\u015fman\u0131 olan <strong>Kien Tan<\/strong> \u015funlar\u0131 s\u00f6yledi: \u201cTemmuz ay\u0131nda perakende sekt\u00f6r\u00fcn\u00fcn bir k\u0131sm\u0131 i\u00e7in hayal k\u0131r\u0131kl\u0131\u011f\u0131 yaratan bir performans olsa da, k\u0131sa ve orta vadede daha fazla toparlanma bekliyoruz.<\/p>\n<p>\u201cBu ay nihayet \u00fclkeye ula\u015fan yaz havas\u0131, market ve moda i\u00e7in daha iyi bir haber olacak; ve daha y\u00fcksek \u00fccretler, daha d\u00fc\u015f\u00fck enflasyon ve daha d\u00fc\u015f\u00fck faiz oranlar\u0131ndan olu\u015fan daha elveri\u015fli ekonomik zemin, Noel \u00f6ncesinde daha geni\u015f \u00e7apl\u0131 harcamalar i\u00e7in iyiye i\u015faret ediyor.\u201d<\/p>\n<p><strong>RSM UK<\/strong> perakende ba\u015fkan\u0131 ve \u0130ngiltere ve Galler&#8217;deki Yeminli Mali M\u00fc\u015favirler Enstit\u00fcs\u00fc&#8217;n\u00fcn perakende grubu ba\u015fkan\u0131 Jacqui Baker ise \u015funlar\u0131 s\u00f6yledi \u201c\u0130ngiltere&#8217;de yaz nihayet Temmuz ay\u0131nda kendini g\u00f6sterdi ve hanelerin barbek\u00fclerinin tozunu almas\u0131na olanak sa\u011flad\u0131. Spor yaz\u0131, Euro, Wimbledon ve Olimpiyat ate\u015finin \u00fclkeyi sarmas\u0131yla t\u00fcketicilere yeni spor ekipmanlar\u0131na yat\u0131r\u0131m yapma konusunda ilham verdi. Temmuz ay\u0131ndaki genel se\u00e7im sonu\u00e7lar\u0131 da t\u00fcketicilere bir miktar kesinlik sa\u011flad\u0131 ve t\u00fcketici g\u00fcveninde daha fazla iyile\u015fmeye yol a\u00e7t\u0131.\u201d<\/p>\n<div id=\"briti-994928409\" class=\"briti-icerikten-sonra_2\" style=\"margin-top: 25px;margin-bottom: 25px;\"><a href=\"https:\/\/wa.me\/message\/NDZLLIOQT4H3O1\" aria-label=\"bytv reklam banner\"><img loading=\"lazy\" decoding=\"async\" src=\"https:\/\/by-tv.co.uk\/wp-content\/uploads\/2025\/12\/bytv-reklam-banner.jpg\" alt=\"\"  width=\"2376\" height=\"1008\"   \/><\/a><\/div>","protected":false},"excerpt":{"rendered":"<p>\u0130ngiltere&#8217;nin Avrupa Erkekler Futbol \u015eampiyonas\u0131&#8216;nda finale y\u00fckselmesi Temmuz ay\u0131nda \u0130ngiltere genelinde perakende sat\u0131\u015flar\u0131n toparlanmas\u0131na yard\u0131mc\u0131 oldu ve Haziran ay\u0131ndaki durgunlu\u011fun ard\u0131ndan ekonomi \u00fczerindeki bask\u0131y\u0131 hafifletti. Ulusal \u0130statistik Ofisi (ONS) perakende sat\u0131\u015f hacminin ge\u00e7en ay %0,5 oran\u0131nda artt\u0131\u011f\u0131n\u0131 ve ekonomistlerin tahminlerine paralel geldi\u011fini a\u00e7\u0131klad\u0131. Bu art\u0131\u015f, k\u00f6t\u00fc hava ko\u015fullar\u0131n\u0131n al\u0131\u015fveri\u015f yapanlar\u0131 harcama yapmaktan al\u0131koydu\u011fu Haziran ay\u0131ndaki %0,9&#8217;luk revize edilmi\u015f d\u00fc\u015f\u00fc\u015f\u00fcn ard\u0131ndan geldi. Ancak hane halklar\u0131 hayat pahal\u0131l\u0131\u011f\u0131 krizinin ortas\u0131nda b\u00fcy\u00fck tutarl\u0131 al\u0131\u015fveri\u015fler yapmaktan ka\u00e7\u0131nmaya devam etti. ONS ekonomik istatistikler direkt\u00f6r\u00fc Liz McKeown, harcamalardaki ayl\u0131k art\u0131\u015flara b\u00fcy\u00fck ma\u011fazalar\u0131n ve spor malzemeleri satan d\u00fckkanlar\u0131n \u00f6nc\u00fcl\u00fck etti\u011fini s\u00f6yledi. \u201cHem Futbol \u015eampiyonas\u0131 hem de bir\u00e7ok [&hellip;]<\/p>\n","protected":false},"author":11,"featured_media":26957,"comment_status":"open","ping_status":"open","sticky":false,"template":"","format":"standard","meta":{"ngg_post_thumbnail":0,"footnotes":""},"categories":[5269],"tags":[],"class_list":["post-27265","post","type-post","status-publish","format-standard","has-post-thumbnail","hentry","category-birlesik-krallik"],"_links":{"self":[{"href":"https:\/\/by-tv.co.uk\/en\/wp-json\/wp\/v2\/posts\/27265","targetHints":{"allow":["GET"]}}],"collection":[{"href":"https:\/\/by-tv.co.uk\/en\/wp-json\/wp\/v2\/posts"}],"about":[{"href":"https:\/\/by-tv.co.uk\/en\/wp-json\/wp\/v2\/types\/post"}],"author":[{"embeddable":true,"href":"https:\/\/by-tv.co.uk\/en\/wp-json\/wp\/v2\/users\/11"}],"replies":[{"embeddable":true,"href":"https:\/\/by-tv.co.uk\/en\/wp-json\/wp\/v2\/comments?post=27265"}],"version-history":[{"count":0,"href":"https:\/\/by-tv.co.uk\/en\/wp-json\/wp\/v2\/posts\/27265\/revisions"}],"wp:featuredmedia":[{"embeddable":true,"href":"https:\/\/by-tv.co.uk\/en\/wp-json\/wp\/v2\/media\/26957"}],"wp:attachment":[{"href":"https:\/\/by-tv.co.uk\/en\/wp-json\/wp\/v2\/media?parent=27265"}],"wp:term":[{"taxonomy":"category","embeddable":true,"href":"https:\/\/by-tv.co.uk\/en\/wp-json\/wp\/v2\/categories?post=27265"},{"taxonomy":"post_tag","embeddable":true,"href":"https:\/\/by-tv.co.uk\/en\/wp-json\/wp\/v2\/tags?post=27265"}],"curies":[{"name":"wp","href":"https:\/\/api.w.org\/{rel}","templated":true}]}}