{"id":27258,"date":"2024-08-19T07:14:12","date_gmt":"2024-08-19T06:14:12","guid":{"rendered":"https:\/\/by-tv.co.uk\/?p=27258"},"modified":"2024-08-19T07:14:12","modified_gmt":"2024-08-19T06:14:12","slug":"birlesik-krallik-ekonomisi-06-buyume-ile-toparlanmaya-devam-ediyor","status":"publish","type":"post","link":"https:\/\/by-tv.co.uk\/en\/birlesik-krallik-ekonomisi-06-buyume-ile-toparlanmaya-devam-ediyor\/","title":{"rendered":"Birle\u015fik Krall\u0131k Ekonomisi %0,6 B\u00fcy\u00fcme \u0130le Toparlanmaya Devam Ediyor"},"content":{"rendered":"<p>B\u00fcy\u00fcme, \u00f6zellikle bili\u015fim, hukuk hizmetleri ve bilimsel ara\u015ft\u0131rma gibi hizmet sekt\u00f6rlerinden kaynakland\u0131. Hizmet sekt\u00f6r\u00fc, Nisan ve Haziran aylar\u0131 aras\u0131nda \u00fcretim d\u00fc\u015f\u00fc\u015f\u00fc ya\u015fayan imalat ve in\u015faat sekt\u00f6rlerini geride b\u0131rakarak Birle\u015fik Krall\u0131k ekonomisine en b\u00fcy\u00fck katk\u0131y\u0131 sa\u011flad\u0131. Ulusal \u0130statistik Ofisi&#8217;nin ekonomik istatistikler direkt\u00f6r\u00fc <strong>Liz McKeown<\/strong>, &#8220;Ge\u00e7en y\u0131l\u0131n ikinci yar\u0131s\u0131ndaki zay\u0131fl\u0131\u011f\u0131n ard\u0131ndan Birle\u015fik Krall\u0131k ekonomisi iki \u00e7eyrektir g\u00fc\u00e7l\u00fc bir \u015fekilde b\u00fcy\u00fcyor&#8221; dedi.<\/p>\n<p>Ge\u00e7ti\u011fimiz y\u0131l <strong>Birle\u015fik Krall\u0131k<\/strong> ekonomisi k\u0131sa s\u00fcreli bir resesyona girmi\u015fti. Bu resesyon, ekonomik faaliyetlerin iki \u00e7eyrek d\u00f6nem \u00fcst \u00fcste daralmas\u0131 olarak tan\u0131mlan\u0131yor. Gayrisafi yurti\u00e7i has\u0131la (GSYH) son \u00e7eyrekte geni\u015flemeye devam ederken, Haziran ay\u0131nda b\u00fcy\u00fcme yatay seyretti. Hizmet sekt\u00f6r\u00fc bu \u00fc\u00e7 ayl\u0131k d\u00f6nemde ekonomik geni\u015flemeye katk\u0131da bulunurken, Haziran ay\u0131nda performans \u00fczerinde etkili oldu.<\/p>\n<p>Gen\u00e7 doktorlar\u0131n grev eylemi de b\u00fcy\u00fcmeyi etkiledi. <strong>NHS England<\/strong>, 27 Haziran ve 2 Temmuz tarihleri aras\u0131nda gen\u00e7 doktorlar\u0131n end\u00fcstriyel eylemi nedeniyle 61.989 randevunun iptal edildi\u011fini bildirdi. Ekonomistler, 2024&#8217;\u00fcn ikinci yar\u0131s\u0131nda b\u00fcy\u00fcmenin yava\u015flayabilece\u011fi uyar\u0131s\u0131nda bulundu.<\/p><div id=\"briti-4227562887\" class=\"briti-icerik\" style=\"margin-top: 5px;margin-bottom: 5px;\"><a href=\"https:\/\/piaryum.com\/services\/\" aria-label=\"piaryum banner\"><img loading=\"lazy\" decoding=\"async\" src=\"https:\/\/by-tv.co.uk\/wp-content\/uploads\/2025\/12\/Gemini_Generated_Image_g5yqr1g5yqr1g5yq.jpg\" alt=\"\"  width=\"2064\" height=\"1152\"   \/><\/a><\/div>\n<h5><strong>\u0130\u015f\u00e7i Partisi&#8217;nin B\u00fcy\u00fcme Stratejisi Belirleyici Olacak<\/strong><\/h5>\n<p><strong>Institute of Directors<\/strong>&#8216;\u0131n ba\u015f ekonomisti Anna Leach, i\u015fletmelerin yaz aylar\u0131nda y\u00fcksek faiz oranlar\u0131n\u0131n etkisiyle m\u00fctevaz\u0131 faaliyetler bildirdi\u011fini belirtti. A\u011fustos ay\u0131nda \u0130ngiltere Merkez Bankas\u0131, d\u00f6rt y\u0131l aradan sonra ilk kez faiz oranlar\u0131n\u0131 %5&#8217;e d\u00fc\u015f\u00fcrd\u00fc. Leach, &#8220;H\u00fck\u00fcmetin \u00f6n\u00fcndeki zorluk, Birle\u015fik Krall\u0131k&#8217;\u0131n b\u00fcy\u00fcme performans\u0131n\u0131 durgunluktan kesin olarak \u00e7\u0131karmakt\u0131r&#8221; dedi ve uzun vadeli altyap\u0131 yat\u0131r\u0131m planlar\u0131n\u0131n belirlenmesi ve uygulanmas\u0131na ihtiya\u00e7 duyuldu\u011funu vurgulad\u0131.<\/p>\n<p>Ekonomi, 14 y\u0131ll\u0131k Muhafazak\u00e2r h\u00fck\u00fcmetin ard\u0131ndan \u0130\u015f\u00e7i Partisi&#8217;nin b\u00fcy\u00fck bir \u00e7o\u011funlukla kazand\u0131\u011f\u0131 genel se\u00e7imlerde \u00f6nemli bir m\u00fccadele alan\u0131 olmu\u015ftu. Ba\u015fbakan <strong>Keir Starmer<\/strong>, &#8220;Britanya&#8217;y\u0131 frenlemekten vazge\u00e7me&#8221; s\u00f6z\u00fc verdi ve konut ve altyap\u0131 in\u015fas\u0131n\u0131 kolayla\u015ft\u0131rmak i\u00e7in planlama sisteminde yap\u0131lacak de\u011fi\u015fiklikler de dahil olmak \u00fczere \u00e7e\u015fitli planlar a\u00e7\u0131klad\u0131. \u015eans\u00f6lye<strong> Rachel Reeves<\/strong>, &#8220;Yeni h\u00fck\u00fcmet, on y\u0131l\u0131 a\u015fk\u0131n s\u00fcredir devam eden d\u00fc\u015f\u00fck ekonomik b\u00fcy\u00fcmenin ard\u0131ndan devrald\u0131\u011f\u0131m\u0131z zorlu\u011fun boyutu konusunda hi\u00e7bir yan\u0131lsama i\u00e7inde de\u011fildir&#8221; dedi. G\u00f6lge Ba\u015fbakan<strong> Jeremy Hunt<\/strong> ise, GSYH rakamlar\u0131n\u0131n &#8220;\u0130\u015f\u00e7i Partisi&#8217;nin b\u00fcy\u00fcyen ve diren\u00e7li bir ekonomi devrald\u0131\u011f\u0131n\u0131n bir ba\u015fka kan\u0131t\u0131&#8221; oldu\u011funu s\u00f6yledi.<\/p>\n<div id=\"briti-1155006340\" class=\"briti-icerikten-sonra_2\" style=\"margin-top: 25px;margin-bottom: 25px;\"><a href=\"https:\/\/wa.me\/message\/NDZLLIOQT4H3O1\" aria-label=\"bytv reklam banner\"><img loading=\"lazy\" decoding=\"async\" src=\"https:\/\/by-tv.co.uk\/wp-content\/uploads\/2025\/12\/bytv-reklam-banner.jpg\" alt=\"\"  width=\"2376\" height=\"1008\"   \/><\/a><\/div>","protected":false},"excerpt":{"rendered":"<p>B\u00fcy\u00fcme, \u00f6zellikle bili\u015fim, hukuk hizmetleri ve bilimsel ara\u015ft\u0131rma gibi hizmet sekt\u00f6rlerinden kaynakland\u0131. Hizmet sekt\u00f6r\u00fc, Nisan ve Haziran aylar\u0131 aras\u0131nda \u00fcretim d\u00fc\u015f\u00fc\u015f\u00fc ya\u015fayan imalat ve in\u015faat sekt\u00f6rlerini geride b\u0131rakarak Birle\u015fik Krall\u0131k ekonomisine en b\u00fcy\u00fck katk\u0131y\u0131 sa\u011flad\u0131. Ulusal \u0130statistik Ofisi&#8217;nin ekonomik istatistikler direkt\u00f6r\u00fc Liz McKeown, &#8220;Ge\u00e7en y\u0131l\u0131n ikinci yar\u0131s\u0131ndaki zay\u0131fl\u0131\u011f\u0131n ard\u0131ndan Birle\u015fik Krall\u0131k ekonomisi iki \u00e7eyrektir g\u00fc\u00e7l\u00fc bir \u015fekilde b\u00fcy\u00fcyor&#8221; dedi. Ge\u00e7ti\u011fimiz y\u0131l Birle\u015fik Krall\u0131k ekonomisi k\u0131sa s\u00fcreli bir resesyona girmi\u015fti. Bu resesyon, ekonomik faaliyetlerin iki \u00e7eyrek d\u00f6nem \u00fcst \u00fcste daralmas\u0131 olarak tan\u0131mlan\u0131yor. Gayrisafi yurti\u00e7i has\u0131la (GSYH) son \u00e7eyrekte geni\u015flemeye devam ederken, Haziran ay\u0131nda b\u00fcy\u00fcme yatay seyretti. Hizmet sekt\u00f6r\u00fc bu \u00fc\u00e7 ayl\u0131k [&hellip;]<\/p>\n","protected":false},"author":11,"featured_media":27003,"comment_status":"open","ping_status":"open","sticky":false,"template":"","format":"standard","meta":{"ngg_post_thumbnail":0,"footnotes":""},"categories":[5269],"tags":[],"class_list":["post-27258","post","type-post","status-publish","format-standard","has-post-thumbnail","hentry","category-birlesik-krallik"],"_links":{"self":[{"href":"https:\/\/by-tv.co.uk\/en\/wp-json\/wp\/v2\/posts\/27258","targetHints":{"allow":["GET"]}}],"collection":[{"href":"https:\/\/by-tv.co.uk\/en\/wp-json\/wp\/v2\/posts"}],"about":[{"href":"https:\/\/by-tv.co.uk\/en\/wp-json\/wp\/v2\/types\/post"}],"author":[{"embeddable":true,"href":"https:\/\/by-tv.co.uk\/en\/wp-json\/wp\/v2\/users\/11"}],"replies":[{"embeddable":true,"href":"https:\/\/by-tv.co.uk\/en\/wp-json\/wp\/v2\/comments?post=27258"}],"version-history":[{"count":0,"href":"https:\/\/by-tv.co.uk\/en\/wp-json\/wp\/v2\/posts\/27258\/revisions"}],"wp:featuredmedia":[{"embeddable":true,"href":"https:\/\/by-tv.co.uk\/en\/wp-json\/wp\/v2\/media\/27003"}],"wp:attachment":[{"href":"https:\/\/by-tv.co.uk\/en\/wp-json\/wp\/v2\/media?parent=27258"}],"wp:term":[{"taxonomy":"category","embeddable":true,"href":"https:\/\/by-tv.co.uk\/en\/wp-json\/wp\/v2\/categories?post=27258"},{"taxonomy":"post_tag","embeddable":true,"href":"https:\/\/by-tv.co.uk\/en\/wp-json\/wp\/v2\/tags?post=27258"}],"curies":[{"name":"wp","href":"https:\/\/api.w.org\/{rel}","templated":true}]}}