{"id":27250,"date":"2024-08-19T07:44:03","date_gmt":"2024-08-19T06:44:03","guid":{"rendered":"https:\/\/by-tv.co.uk\/?p=27250"},"modified":"2024-08-19T07:44:03","modified_gmt":"2024-08-19T06:44:03","slug":"londrada-kiralarda-hizli-artis","status":"publish","type":"post","link":"https:\/\/by-tv.co.uk\/en\/londrada-kiralarda-hizli-artis\/","title":{"rendered":"Londra\u2019da Kiralarda H\u0131zl\u0131 Art\u0131\u015f"},"content":{"rendered":"<p><strong>Londra<\/strong>&#8216;da kiralar\u0131n h\u0131zla artmaya devam etti\u011fi bir d\u00f6nemde, son veriler kirac\u0131lar\u0131n kar\u015f\u0131 kar\u015f\u0131ya kald\u0131\u011f\u0131 zorluklar\u0131 g\u00f6zler \u00f6n\u00fcne seriyor. Son be\u015f y\u0131lda kiralar ortalama %32 artarak, ayl\u0131k 744 \u00a3&#8217;dan 983 \u00a3&#8217;a y\u00fckseldi. SpareRoom&#8217;un ara\u015ft\u0131rmas\u0131na g\u00f6re, en b\u00fcy\u00fck art\u0131\u015flar Do\u011fu ve G\u00fcneydo\u011fu Londra&#8217;da ger\u00e7ekle\u015fti. \u00d6rne\u011fin, SE2 posta kodu b\u00f6lgesinde (Abbey Wood dahil Greenwich ve Bexley&#8217;in baz\u0131 b\u00f6lgelerini kaps\u0131yor) kiralar %54,7 artarak 531 \u00a3&#8217;dan 820 \u00a3&#8217;a y\u00fckseldi.<\/p>\n<p>Bu art\u0131\u015flar\u0131n ana nedenlerinden biri olarak, Londra&#8217;daki emlak de\u011ferlerindeki y\u00fckselme ve artan faiz oranlar\u0131 g\u00f6steriliyor. <strong>Gaffsy<\/strong>&#8216;nin k\u0131demli de\u011ferleme uzman\u0131 <strong>Max Royston<\/strong>, sat\u0131n al-kirala ipoteklerinin hizmet maliyetinin \u00f6nemli \u00f6l\u00e7\u00fcde artt\u0131\u011f\u0131n\u0131 belirtiyor. Ayr\u0131ca, in\u015faat malzemeleri, m\u00fcteahhitler ve enerji maliyetlerindeki art\u0131\u015flar\u0131n, \u00f6zel m\u00fclk bloklar\u0131ndaki hizmet bedellerinin iki kat\u0131na \u00e7\u0131kmas\u0131na neden oldu\u011funu vurguluyor. Bu maliyet art\u0131\u015flar\u0131, ev sahiplerinin kira fiyatlar\u0131n\u0131 y\u00fckseltmesine yol a\u00e7t\u0131.<\/p>\n<p>\u00d6zellikle <strong>Do\u011fu Londra<\/strong>, \u015fehrin &#8220;yarat\u0131c\u0131 merkezi&#8221; ve &#8220;gece hayat\u0131n\u0131n kalbi&#8221; olarak g\u00f6r\u00fclmeye devam ediyor. Bu durum, <strong>Elizabeth Hatt\u0131<\/strong> gibi projelerin ba\u011flant\u0131lar\u0131 geli\u015ftirmesiyle birlikte, b\u00f6lgedeki talebi daha da art\u0131rarak kira fiyatlar\u0131n\u0131n y\u00fckselmesine neden oluyor.<\/p><div id=\"briti-2308592011\" class=\"briti-icerik\" style=\"margin-top: 5px;margin-bottom: 5px;\"><a href=\"https:\/\/piaryum.com\/services\/\" aria-label=\"piaryum banner\"><img loading=\"lazy\" decoding=\"async\" src=\"https:\/\/by-tv.co.uk\/wp-content\/uploads\/2025\/12\/Gemini_Generated_Image_g5yqr1g5yqr1g5yq.jpg\" alt=\"\"  width=\"2064\" height=\"1152\"   \/><\/a><\/div>\n<p><strong>Londra&#8217;da Kira Krizine \u00c7\u00f6z\u00fcm Aray\u0131\u015f\u0131<\/strong><\/p>\n<p>Londra Belediye Ba\u015fkan\u0131 <strong>Sadiq Khan<\/strong>, \u00f6zel kiralar \u00fczerinde bir s\u0131n\u0131r getirme ve 6.000 kira kontroll\u00fc ev in\u015fa etme vaadiyle bir soluklanma umudu sunuyor. Ayr\u0131ca, kirac\u0131lara ortalama 3.374 \u00a3 tasarruf sa\u011flayabilece\u011fi iddias\u0131yla iki y\u0131ll\u0131k bir kira dondurmas\u0131 i\u00e7in bask\u0131 yap\u0131yor. Ancak bu t\u00fcr bir politikan\u0131n hayata ge\u00e7irilmesi, <strong>\u0130\u015f\u00e7i Partisi<\/strong> h\u00fck\u00fcmetinin deste\u011fine ba\u011fl\u0131 ve parti bu konuda hen\u00fcz resmi bir taahh\u00fctte bulunmad\u0131.<\/p>\n<p>\u0130\u015f\u00e7i Partisi&#8217;nin kira kontrol\u00fcne yakla\u015f\u0131m\u0131 temkinli olsa da, Setfords Hukuk firmas\u0131n\u0131n k\u0131demli dan\u0131\u015fman\u0131 <strong>Sarah Gillbe<\/strong>, kira \u00fcst s\u0131n\u0131rlar\u0131n\u0131n yeni bir \u015fey olmad\u0131\u011f\u0131n\u0131 belirtiyor. Ge\u00e7mi\u015fte de benzer politikalar\u0131n uyguland\u0131\u011f\u0131n\u0131 hat\u0131rlatarak, kira kontrol\u00fc politikas\u0131n\u0131n uygulanmas\u0131nda ayr\u0131nt\u0131lar\u0131n \u00f6nemine dikkat \u00e7ekiyor. Hen\u00fcz, yerel kira art\u0131\u015flar\u0131n\u0131 kimin \u00f6l\u00e7ece\u011fi ve bu rakamlar\u0131n nas\u0131l do\u011frulanaca\u011f\u0131 belirsizli\u011fini koruyor.<\/p>\n<p>&nbsp;<\/p>\n<div id=\"briti-3709994746\" class=\"briti-icerikten-sonra_2\" style=\"margin-top: 25px;margin-bottom: 25px;\"><a href=\"https:\/\/wa.me\/message\/NDZLLIOQT4H3O1\" aria-label=\"bytv reklam banner\"><img loading=\"lazy\" decoding=\"async\" src=\"https:\/\/by-tv.co.uk\/wp-content\/uploads\/2025\/12\/bytv-reklam-banner.jpg\" alt=\"\"  width=\"2376\" height=\"1008\"   \/><\/a><\/div>","protected":false},"excerpt":{"rendered":"<p>Londra&#8216;da kiralar\u0131n h\u0131zla artmaya devam etti\u011fi bir d\u00f6nemde, son veriler kirac\u0131lar\u0131n kar\u015f\u0131 kar\u015f\u0131ya kald\u0131\u011f\u0131 zorluklar\u0131 g\u00f6zler \u00f6n\u00fcne seriyor. Son be\u015f y\u0131lda kiralar ortalama %32 artarak, ayl\u0131k 744 \u00a3&#8217;dan 983 \u00a3&#8217;a y\u00fckseldi. SpareRoom&#8217;un ara\u015ft\u0131rmas\u0131na g\u00f6re, en b\u00fcy\u00fck art\u0131\u015flar Do\u011fu ve G\u00fcneydo\u011fu Londra&#8217;da ger\u00e7ekle\u015fti. \u00d6rne\u011fin, SE2 posta kodu b\u00f6lgesinde (Abbey Wood dahil Greenwich ve Bexley&#8217;in baz\u0131 b\u00f6lgelerini kaps\u0131yor) kiralar %54,7 artarak 531 \u00a3&#8217;dan 820 \u00a3&#8217;a y\u00fckseldi. Bu art\u0131\u015flar\u0131n ana nedenlerinden biri olarak, Londra&#8217;daki emlak de\u011ferlerindeki y\u00fckselme ve artan faiz oranlar\u0131 g\u00f6steriliyor. Gaffsy&#8216;nin k\u0131demli de\u011ferleme uzman\u0131 Max Royston, sat\u0131n al-kirala ipoteklerinin hizmet maliyetinin \u00f6nemli \u00f6l\u00e7\u00fcde artt\u0131\u011f\u0131n\u0131 belirtiyor. Ayr\u0131ca, in\u015faat malzemeleri, m\u00fcteahhitler ve enerji [&hellip;]<\/p>\n","protected":false},"author":11,"featured_media":26565,"comment_status":"open","ping_status":"open","sticky":false,"template":"","format":"standard","meta":{"ngg_post_thumbnail":0,"footnotes":""},"categories":[5269,3227],"tags":[],"class_list":["post-27250","post","type-post","status-publish","format-standard","has-post-thumbnail","hentry","category-birlesik-krallik","category-emlak"],"_links":{"self":[{"href":"https:\/\/by-tv.co.uk\/en\/wp-json\/wp\/v2\/posts\/27250","targetHints":{"allow":["GET"]}}],"collection":[{"href":"https:\/\/by-tv.co.uk\/en\/wp-json\/wp\/v2\/posts"}],"about":[{"href":"https:\/\/by-tv.co.uk\/en\/wp-json\/wp\/v2\/types\/post"}],"author":[{"embeddable":true,"href":"https:\/\/by-tv.co.uk\/en\/wp-json\/wp\/v2\/users\/11"}],"replies":[{"embeddable":true,"href":"https:\/\/by-tv.co.uk\/en\/wp-json\/wp\/v2\/comments?post=27250"}],"version-history":[{"count":0,"href":"https:\/\/by-tv.co.uk\/en\/wp-json\/wp\/v2\/posts\/27250\/revisions"}],"wp:featuredmedia":[{"embeddable":true,"href":"https:\/\/by-tv.co.uk\/en\/wp-json\/wp\/v2\/media\/26565"}],"wp:attachment":[{"href":"https:\/\/by-tv.co.uk\/en\/wp-json\/wp\/v2\/media?parent=27250"}],"wp:term":[{"taxonomy":"category","embeddable":true,"href":"https:\/\/by-tv.co.uk\/en\/wp-json\/wp\/v2\/categories?post=27250"},{"taxonomy":"post_tag","embeddable":true,"href":"https:\/\/by-tv.co.uk\/en\/wp-json\/wp\/v2\/tags?post=27250"}],"curies":[{"name":"wp","href":"https:\/\/api.w.org\/{rel}","templated":true}]}}