{"id":27247,"date":"2024-08-19T07:24:18","date_gmt":"2024-08-19T06:24:18","guid":{"rendered":"https:\/\/by-tv.co.uk\/?p=27247"},"modified":"2024-08-19T07:24:18","modified_gmt":"2024-08-19T06:24:18","slug":"ingilterede-demiryolu-grevlerinde-buyuk-atilim","status":"publish","type":"post","link":"https:\/\/by-tv.co.uk\/en\/ingilterede-demiryolu-grevlerinde-buyuk-atilim\/","title":{"rendered":"\u0130ngiltere&#8217;de Demiryolu Grevlerinde B\u00fcy\u00fck At\u0131l\u0131m"},"content":{"rendered":"<p><strong>Ula\u015ft\u0131rma Bakanl\u0131\u011f\u0131<\/strong>&#8216;na (DfT) g\u00f6re, tren s\u00fcr\u00fcc\u00fclerinin uzun s\u00fcredir devam eden \u00fccret tart\u0131\u015fmas\u0131nda, ulusal demiryolu grevlerinin sonunu getirebilecek \u201c\u00f6nemli bir geli\u015fme\u201d ya\u015fand\u0131.<strong> ASLEF<\/strong> sendikas\u0131, \u00fcyelerine iki y\u0131ld\u0131r s\u00fcren anla\u015fmazl\u0131\u011f\u0131 sona erdirecek \u201cadil\u201d ve \u201ctemiz\u201d bir teklifi kabul etmelerini tavsiye etti. Tren s\u00fcr\u00fcc\u00fcleri, yeni \u00fccret teklifini oylamaya haz\u0131rlan\u0131rken, demiryolu grevleri bu \u201cb\u00fcy\u00fck at\u0131l\u0131m\u0131n\u201d ard\u0131ndan sona erebilir.<\/p>\n<p>Bakanl\u0131k, h\u00fck\u00fcmetin \u00f6nc\u00fcl\u00fc\u011f\u00fcnde ger\u00e7ekle\u015ftirilen \u201columlu\u201d g\u00f6r\u00fc\u015fmelerin ard\u0131ndan ASLEF\u2019in \u00fcyelerine yeni bir \u00fccret teklifi sunmay\u0131 kabul etti\u011fini a\u00e7\u0131klad\u0131. DfT s\u00f6zc\u00fcs\u00fc, teklifin 2022\/23 i\u00e7in %5, 2023\/24 i\u00e7in %4.75 ve 2024\/25 i\u00e7in %4.5 oran\u0131nda bir \u00fccret art\u0131\u015f\u0131n\u0131 kapsad\u0131\u011f\u0131n\u0131 ve teklifin \u015fimdi ASLEF \u00fcyelerinin onay\u0131na sunulaca\u011f\u0131n\u0131 belirtti.<\/p>\n<p>\u00dccret anla\u015fmazl\u0131\u011f\u0131 s\u00fcresince, tren s\u00fcr\u00fcc\u00fcleri 18 g\u00fcn grev yapm\u0131\u015f ve fazla mesai yapmay\u0131 reddederek yolcular i\u00e7in ciddi aksakl\u0131klara yol a\u00e7m\u0131\u015ft\u0131. <strong>ASLEF<\/strong>, Haziran 2022&#8217;de ilk grev oylamas\u0131n\u0131 yapm\u0131\u015f ve her alt\u0131 ayda bir grev yetkisini yenilemi\u015fti. \u0130lk grev, Temmuz 2022&#8217;de yap\u0131lm\u0131\u015f ve ard\u0131ndan d\u00fczenli olarak devam eden grevler ile se\u00e7im \u00f6ncesine kadar s\u00fcren eylemler izlenmi\u015fti.<\/p><div id=\"briti-875576341\" class=\"briti-icerik\" style=\"margin-top: 5px;margin-bottom: 5px;\"><a href=\"https:\/\/piaryum.com\/services\/\" aria-label=\"piaryum banner\"><img loading=\"lazy\" decoding=\"async\" src=\"https:\/\/by-tv.co.uk\/wp-content\/uploads\/2025\/12\/Gemini_Generated_Image_g5yqr1g5yqr1g5yq.jpg\" alt=\"\"  width=\"2064\" height=\"1152\"   \/><\/a><\/div>\n<h5><strong>ASLEF, Yeni \u00dccret Teklifini Oylamaya Sunuyor<\/strong><\/h5>\n<p>Sendika, \u00c7ar\u015famba g\u00fcn\u00fc yapt\u0131\u011f\u0131 a\u00e7\u0131klamada, anla\u015fmazl\u0131\u011f\u0131n \u201cMuhafazak\u00e2r h\u00fck\u00fcmet ve \u00f6zelle\u015ftirilmi\u015f tren \u015firketlerinin\u201d tren s\u00fcr\u00fcc\u00fclerine \u201chak ettikleri \u00fccret art\u0131\u015f\u0131n\u0131\u201d vermeyi reddetmesiyle ba\u015flad\u0131\u011f\u0131n\u0131 ifade etti. ASLEF, tren s\u00fcr\u00fcc\u00fclerinin 2019&#8217;dan bu yana maa\u015f art\u0131\u015f\u0131 almad\u0131\u011f\u0131n\u0131 ve bu s\u00fcre zarf\u0131nda \u201chayat pahal\u0131l\u0131\u011f\u0131n\u0131n \u00f6nemli \u00f6l\u00e7\u00fcde artt\u0131\u011f\u0131n\u0131\u201d vurgulad\u0131.<\/p>\n<p>Sendikan\u0131n Genel Sekreteri<strong> Mick Whelan<\/strong>, \u00fccret teklifini \u201cadil\u201d ve \u201ctemiz\u201d olarak nitelendirerek, \u00fcyelerini bu teklifi kabul etmeye \u00e7a\u011f\u0131rd\u0131. Whelan, \u201cSon iki y\u0131ld\u0131r \u00f6zelle\u015ftirilmi\u015f tren \u015firketleri ve onlar\u0131n iplerini elinde tutan \u00f6nceki h\u00fck\u00fcmet taraf\u0131ndan g\u00f6z ard\u0131 edildikten sonra, nihayet bizi dinleyen ve demiryollar\u0131n\u0131 \u00e7al\u0131\u015fanlar, yolcular ve vergi m\u00fckellefleri i\u00e7in i\u015fler hale getirmek isteyen bir \u0130\u015f\u00e7i Partisi h\u00fck\u00fcmetine sahip oldu\u011fumuz i\u00e7in mutluyuz\u201d dedi.<\/p>\n<p>Ula\u015ft\u0131rma Bakan\u0131 <strong>Louise Haigh<\/strong> ise, g\u00f6reve geldi\u011finde demiryolu grevlerine son vererek h\u0131zl\u0131 hareket etmek ve i\u015fleri d\u00fczeltmek istedi\u011fini belirtti. Haigh, \u201cMuhafazak\u00e2rlar, grevler uzad\u0131k\u00e7a ve yolcular ac\u0131 \u00e7ektik\u00e7e vergi m\u00fckelleflerinin bedel \u00f6dedi\u011fini g\u00f6rmekten memnun oldular. Bu \u0130\u015f\u00e7i Partisi h\u00fck\u00fcmeti, do\u011fru olan\u0131 yap\u0131yor ve yolculara \u00f6ncelik veriyor. E\u011fer kabul edilirse, bu teklif uzun s\u00fcredir devam eden bu anla\u015fmazl\u0131\u011fa nihayet bir son verecek ve demiryollar\u0131m\u0131zda bir nesildir yap\u0131lan en b\u00fcy\u00fck revizyonla yolcular i\u00e7in performans\u0131 art\u0131racak\u201d dedi.<\/p>\n<p>Ancak Muhafazak\u00e2r Parti lider aday\u0131 ve g\u00f6lge \u0130\u00e7i\u015fleri Bakan\u0131<strong> James Cleverly<\/strong>, teklifi \u201c\u0130\u015f\u00e7i Partisi h\u00fck\u00fcmetinin enflasyona yenik d\u00fc\u015fen bir \u00fccret \u00f6d\u00fcl\u00fc\u201d olarak ele\u015ftirdi. G\u00f6lge Ula\u015ft\u0131rma Bakan\u0131 Helen Whately ise sosyal medya platformu X&#8217;te yapt\u0131\u011f\u0131 a\u00e7\u0131klamada, \u0130\u015f\u00e7i Partisi&#8217;ni sendikalara boyun e\u011fmekle su\u00e7layarak, \u201c\u2018Ko\u015fulsuz\u2019 bir anla\u015fma, bunun yolcular ve vergi m\u00fckellefleri taraf\u0131ndan \u00f6denece\u011fi anlam\u0131na geliyor\u201d dedi.<\/p>\n<p>DfT, tren \u015firketlerinin 2022&#8217;de end\u00fcstriyel eylemlerin ba\u015flamas\u0131ndan bu yana yakla\u015f\u0131k 850 milyon sterlin yolcu gelirinden mahrum kald\u0131\u011f\u0131n\u0131 a\u00e7\u0131klad\u0131. Bakanl\u0131k ayr\u0131ca, grevlerin insanlar\u0131n \u00e7al\u0131\u015famamas\u0131 veya konaklama ve perakende harcamalar\u0131ndaki potansiyel azalmalar gibi ek etkilerle birlikte toplam maliyetin 1 milyar sterlini a\u015ft\u0131\u011f\u0131n\u0131 belirtti.<\/p>\n<div id=\"briti-2557244590\" class=\"briti-icerikten-sonra_2\" style=\"margin-top: 25px;margin-bottom: 25px;\"><a href=\"https:\/\/wa.me\/message\/NDZLLIOQT4H3O1\" aria-label=\"bytv reklam banner\"><img loading=\"lazy\" decoding=\"async\" src=\"https:\/\/by-tv.co.uk\/wp-content\/uploads\/2025\/12\/bytv-reklam-banner.jpg\" alt=\"\"  width=\"2376\" height=\"1008\"   \/><\/a><\/div>","protected":false},"excerpt":{"rendered":"<p>Ula\u015ft\u0131rma Bakanl\u0131\u011f\u0131&#8216;na (DfT) g\u00f6re, tren s\u00fcr\u00fcc\u00fclerinin uzun s\u00fcredir devam eden \u00fccret tart\u0131\u015fmas\u0131nda, ulusal demiryolu grevlerinin sonunu getirebilecek \u201c\u00f6nemli bir geli\u015fme\u201d ya\u015fand\u0131. ASLEF sendikas\u0131, \u00fcyelerine iki y\u0131ld\u0131r s\u00fcren anla\u015fmazl\u0131\u011f\u0131 sona erdirecek \u201cadil\u201d ve \u201ctemiz\u201d bir teklifi kabul etmelerini tavsiye etti. Tren s\u00fcr\u00fcc\u00fcleri, yeni \u00fccret teklifini oylamaya haz\u0131rlan\u0131rken, demiryolu grevleri bu \u201cb\u00fcy\u00fck at\u0131l\u0131m\u0131n\u201d ard\u0131ndan sona erebilir. Bakanl\u0131k, h\u00fck\u00fcmetin \u00f6nc\u00fcl\u00fc\u011f\u00fcnde ger\u00e7ekle\u015ftirilen \u201columlu\u201d g\u00f6r\u00fc\u015fmelerin ard\u0131ndan ASLEF\u2019in \u00fcyelerine yeni bir \u00fccret teklifi sunmay\u0131 kabul etti\u011fini a\u00e7\u0131klad\u0131. DfT s\u00f6zc\u00fcs\u00fc, teklifin 2022\/23 i\u00e7in %5, 2023\/24 i\u00e7in %4.75 ve 2024\/25 i\u00e7in %4.5 oran\u0131nda bir \u00fccret art\u0131\u015f\u0131n\u0131 kapsad\u0131\u011f\u0131n\u0131 ve teklifin \u015fimdi ASLEF \u00fcyelerinin onay\u0131na sunulaca\u011f\u0131n\u0131 belirtti. \u00dccret anla\u015fmazl\u0131\u011f\u0131 s\u00fcresince, [&hellip;]<\/p>\n","protected":false},"author":11,"featured_media":26599,"comment_status":"open","ping_status":"open","sticky":false,"template":"","format":"standard","meta":{"ngg_post_thumbnail":0,"footnotes":""},"categories":[5269],"tags":[],"class_list":["post-27247","post","type-post","status-publish","format-standard","has-post-thumbnail","hentry","category-birlesik-krallik"],"_links":{"self":[{"href":"https:\/\/by-tv.co.uk\/en\/wp-json\/wp\/v2\/posts\/27247","targetHints":{"allow":["GET"]}}],"collection":[{"href":"https:\/\/by-tv.co.uk\/en\/wp-json\/wp\/v2\/posts"}],"about":[{"href":"https:\/\/by-tv.co.uk\/en\/wp-json\/wp\/v2\/types\/post"}],"author":[{"embeddable":true,"href":"https:\/\/by-tv.co.uk\/en\/wp-json\/wp\/v2\/users\/11"}],"replies":[{"embeddable":true,"href":"https:\/\/by-tv.co.uk\/en\/wp-json\/wp\/v2\/comments?post=27247"}],"version-history":[{"count":0,"href":"https:\/\/by-tv.co.uk\/en\/wp-json\/wp\/v2\/posts\/27247\/revisions"}],"wp:featuredmedia":[{"embeddable":true,"href":"https:\/\/by-tv.co.uk\/en\/wp-json\/wp\/v2\/media\/26599"}],"wp:attachment":[{"href":"https:\/\/by-tv.co.uk\/en\/wp-json\/wp\/v2\/media?parent=27247"}],"wp:term":[{"taxonomy":"category","embeddable":true,"href":"https:\/\/by-tv.co.uk\/en\/wp-json\/wp\/v2\/categories?post=27247"},{"taxonomy":"post_tag","embeddable":true,"href":"https:\/\/by-tv.co.uk\/en\/wp-json\/wp\/v2\/tags?post=27247"}],"curies":[{"name":"wp","href":"https:\/\/api.w.org\/{rel}","templated":true}]}}