{"id":27234,"date":"2024-08-19T07:46:23","date_gmt":"2024-08-19T06:46:23","guid":{"rendered":"https:\/\/by-tv.co.uk\/?p=27234"},"modified":"2024-08-19T17:02:12","modified_gmt":"2024-08-19T16:02:12","slug":"280000-kisinin-sosyal-yardimlari-buyuk-sarsinti-nedeniyle-durduruldu","status":"publish","type":"post","link":"https:\/\/by-tv.co.uk\/en\/280000-kisinin-sosyal-yardimlari-buyuk-sarsinti-nedeniyle-durduruldu\/","title":{"rendered":"280,000 Ki\u015finin Sosyal Yard\u0131mlar\u0131 Durduruldu"},"content":{"rendered":"<p><strong>\u00c7al\u0131\u015fma ve Emeklilik Bakanl\u0131\u011f\u0131<\/strong> (DWP) taraf\u0131ndan a\u00e7\u0131klanan yeni verilere g\u00f6re, Temmuz 2022 ile \u015eubat 2024 aras\u0131nda yakla\u015f\u0131k 280.000 ki\u015finin yard\u0131m talepleri durduruldu. Bakanl\u0131k, eski yard\u0131m programlar\u0131ndan Evrensel Krediye ge\u00e7meyen ki\u015filere \u00f6demelerinin kesilece\u011fine dair bildirim g\u00f6nderdi. Bu s\u00fcre\u00e7te 810.230 ki\u015fi bilgilendirildi, ancak bunlardan yaln\u0131zca 530.000&#8217;i Evrensel Kredi i\u00e7in ba\u015fvuruda bulundu.<\/p>\n<p><strong>DWP<\/strong>&#8216;nin 2025 y\u0131l\u0131 sonuna kadar tamamlamay\u0131 hedefledi\u011fi ge\u00e7i\u015f s\u00fcreci kapsam\u0131nda, eski yard\u0131m programlar\u0131ndan yararlananlara bir &#8220;ge\u00e7i\u015f bildirimi&#8221; g\u00f6nderiliyor. Bu bildirimle birlikte, hak sahiplerine Evrensel Krediye ge\u00e7i\u015f yapmalar\u0131 i\u00e7in \u00fc\u00e7 ay s\u00fcre tan\u0131n\u0131yor. Ge\u00e7i\u015f yapmayan 277.750 ki\u015fi i\u00e7inse yard\u0131mlar durduruldu.<\/p>\n<p>Yoksullukla m\u00fccadele yard\u0131m kurulu\u015fu Turn2us&#8217;un bilgilendirme programlar\u0131 ba\u015fkan\u0131 <strong>Michael Clarke<\/strong>, bu durumun bir\u00e7ok insan\u0131n refah\u0131n\u0131 tehlikeye att\u0131\u011f\u0131n\u0131 belirtti. Clarke, \u00f6zellikle karma\u015f\u0131k ihtiya\u00e7lar\u0131 olan ki\u015filerin dijital eri\u015fim eksikli\u011fi ve yeterli deste\u011fin sa\u011flanmamas\u0131 nedeniyle ge\u00e7i\u015f yapamad\u0131\u011f\u0131n\u0131 ifade etti. Clarke, DWP&#8217;nin bu ki\u015filere yeterli bilgi ve destek sa\u011flamas\u0131 gerekti\u011fini vurgulad\u0131.<\/p><div id=\"briti-1626551483\" class=\"briti-icerik\" style=\"margin-top: 5px;margin-bottom: 5px;\"><a href=\"https:\/\/piaryum.com\/services\/\" aria-label=\"piaryum banner\"><img loading=\"lazy\" decoding=\"async\" src=\"https:\/\/by-tv.co.uk\/wp-content\/uploads\/2025\/12\/Gemini_Generated_Image_g5yqr1g5yqr1g5yq.jpg\" alt=\"\"  width=\"2064\" height=\"1152\"   \/><\/a><\/div>\n<p>\u0130\u015f\u00e7i Partisi milletvekili ve eski g\u00f6lge \u015fans\u00f6lye <strong>John McDonnell<\/strong>, bu durumu &#8220;son derece endi\u015fe verici&#8221; olarak nitelendirdi ve acil bir soru\u015fturma yap\u0131lmas\u0131 \u00e7a\u011fr\u0131s\u0131nda bulundu. <strong>McDonnell<\/strong>, bir\u00e7ok yoksul ki\u015finin bu durum nedeniyle t\u00fcm desteklerini kaybedebilece\u011fine dikkat \u00e7ekti.<\/p>\n<div id=\"briti-3184331957\" class=\"briti-icerikten-sonra_2\" style=\"margin-top: 25px;margin-bottom: 25px;\"><a href=\"https:\/\/wa.me\/message\/NDZLLIOQT4H3O1\" aria-label=\"bytv reklam banner\"><img loading=\"lazy\" decoding=\"async\" src=\"https:\/\/by-tv.co.uk\/wp-content\/uploads\/2025\/12\/bytv-reklam-banner.jpg\" alt=\"\"  width=\"2376\" height=\"1008\"   \/><\/a><\/div>","protected":false},"excerpt":{"rendered":"<p>\u00c7al\u0131\u015fma ve Emeklilik Bakanl\u0131\u011f\u0131 (DWP) taraf\u0131ndan a\u00e7\u0131klanan yeni verilere g\u00f6re, Temmuz 2022 ile \u015eubat 2024 aras\u0131nda yakla\u015f\u0131k 280.000 ki\u015finin yard\u0131m talepleri durduruldu. Bakanl\u0131k, eski yard\u0131m programlar\u0131ndan Evrensel Krediye ge\u00e7meyen ki\u015filere \u00f6demelerinin kesilece\u011fine dair bildirim g\u00f6nderdi. Bu s\u00fcre\u00e7te 810.230 ki\u015fi bilgilendirildi, ancak bunlardan yaln\u0131zca 530.000&#8217;i Evrensel Kredi i\u00e7in ba\u015fvuruda bulundu. DWP&#8216;nin 2025 y\u0131l\u0131 sonuna kadar tamamlamay\u0131 hedefledi\u011fi ge\u00e7i\u015f s\u00fcreci kapsam\u0131nda, eski yard\u0131m programlar\u0131ndan yararlananlara bir &#8220;ge\u00e7i\u015f bildirimi&#8221; g\u00f6nderiliyor. Bu bildirimle birlikte, hak sahiplerine Evrensel Krediye ge\u00e7i\u015f yapmalar\u0131 i\u00e7in \u00fc\u00e7 ay s\u00fcre tan\u0131n\u0131yor. Ge\u00e7i\u015f yapmayan 277.750 ki\u015fi i\u00e7inse yard\u0131mlar durduruldu. Yoksullukla m\u00fccadele yard\u0131m kurulu\u015fu Turn2us&#8217;un bilgilendirme programlar\u0131 ba\u015fkan\u0131 Michael Clarke, bu durumun [&hellip;]<\/p>\n","protected":false},"author":11,"featured_media":27201,"comment_status":"open","ping_status":"open","sticky":false,"template":"","format":"standard","meta":{"ngg_post_thumbnail":0,"footnotes":""},"categories":[5269],"tags":[],"class_list":["post-27234","post","type-post","status-publish","format-standard","has-post-thumbnail","hentry","category-birlesik-krallik"],"_links":{"self":[{"href":"https:\/\/by-tv.co.uk\/en\/wp-json\/wp\/v2\/posts\/27234","targetHints":{"allow":["GET"]}}],"collection":[{"href":"https:\/\/by-tv.co.uk\/en\/wp-json\/wp\/v2\/posts"}],"about":[{"href":"https:\/\/by-tv.co.uk\/en\/wp-json\/wp\/v2\/types\/post"}],"author":[{"embeddable":true,"href":"https:\/\/by-tv.co.uk\/en\/wp-json\/wp\/v2\/users\/11"}],"replies":[{"embeddable":true,"href":"https:\/\/by-tv.co.uk\/en\/wp-json\/wp\/v2\/comments?post=27234"}],"version-history":[{"count":0,"href":"https:\/\/by-tv.co.uk\/en\/wp-json\/wp\/v2\/posts\/27234\/revisions"}],"wp:featuredmedia":[{"embeddable":true,"href":"https:\/\/by-tv.co.uk\/en\/wp-json\/wp\/v2\/media\/27201"}],"wp:attachment":[{"href":"https:\/\/by-tv.co.uk\/en\/wp-json\/wp\/v2\/media?parent=27234"}],"wp:term":[{"taxonomy":"category","embeddable":true,"href":"https:\/\/by-tv.co.uk\/en\/wp-json\/wp\/v2\/categories?post=27234"},{"taxonomy":"post_tag","embeddable":true,"href":"https:\/\/by-tv.co.uk\/en\/wp-json\/wp\/v2\/tags?post=27234"}],"curies":[{"name":"wp","href":"https:\/\/api.w.org\/{rel}","templated":true}]}}