{"id":27161,"date":"2024-08-19T07:39:10","date_gmt":"2024-08-19T06:39:10","guid":{"rendered":"https:\/\/by-tv.co.uk\/?p=27161"},"modified":"2024-08-19T07:39:10","modified_gmt":"2024-08-19T06:39:10","slug":"birlesik-krallikta-elektronik-sigara-kullananlarin-sayisi-rekor-duzeye-ulasti","status":"publish","type":"post","link":"https:\/\/by-tv.co.uk\/en\/birlesik-krallikta-elektronik-sigara-kullananlarin-sayisi-rekor-duzeye-ulasti\/","title":{"rendered":"Birle\u015fik Krall\u0131k&#8217;ta Elektronik Sigara Kullananlar\u0131n Say\u0131s\u0131 Rekor D\u00fczeye Ula\u015ft\u0131"},"content":{"rendered":"<p><strong>Birle\u015fik Krall\u0131k<\/strong>\u2019ta sigara ve elektronik sigara kullan\u0131m\u0131nda art\u0131\u015f ya\u015fand\u0131\u011f\u0131 ve uzmanlar\u0131n nikotin \u00fcr\u00fcnlerinin zararlar\u0131na yeniden odaklan\u0131lmas\u0131 gerekti\u011fini vurgulad\u0131\u011f\u0131 belirtildi. <strong>Action on Smoking and Health (Ash)<\/strong> taraf\u0131ndan yap\u0131lan ve <strong>YouGov<\/strong> verilerine dayanan bir analiz, \u0130ngiltere\u2019de 5,6 milyon yeti\u015fkinin, yani yeti\u015fkin n\u00fcfusun %11\u2019inin elektronik sigara kulland\u0131\u011f\u0131n\u0131 ortaya koydu. Bu, elektronik sigara kullan\u0131m oran\u0131n\u0131n en y\u00fcksek seviyeye ula\u015ft\u0131\u011f\u0131n\u0131 g\u00f6sterirken, son \u00fc\u00e7 y\u0131lda hem sigara hem de elektronik sigara kullananlar\u0131n say\u0131s\u0131n\u0131n iki kat\u0131na \u00e7\u0131kt\u0131\u011f\u0131na i\u015faret ediyor.<\/p>\n<p>Analize g\u00f6re, hem sigara hem de elektronik sigara kullananlar\u0131n oran\u0131 2021\u2019de %17 iken 2024\u2019te %32\u2019ye y\u00fckseldi ve bu yakla\u015f\u0131k 2,2 milyon ki\u015fiye denk geliyor. Ancak<strong> Ash<\/strong>, eski sigara i\u00e7icilerinin yar\u0131s\u0131ndan fazlas\u0131n\u0131n \u00fc\u00e7 y\u0131ldan uzun s\u00fcredir e-sigara kulland\u0131\u011f\u0131n\u0131 belirtti. Bu oran, 2017\u2019de %18 seviyesindeydi.<\/p>\n<p><strong>\u0130\u015f\u00e7i Partisi<\/strong>, eski Muhafazak\u00e2r h\u00fck\u00fcmetin, 2009\u2019dan sonra do\u011fan ki\u015filerin sigara sat\u0131n almas\u0131n\u0131 yasaklayan t\u00fct\u00fcn ve elektronik sigara yasa tasar\u0131s\u0131n\u0131 yeniden g\u00fcndeme getirece\u011fini a\u00e7\u0131klad\u0131. Tasar\u0131n\u0131n, elektronik sigaralar\u0131n aromalar\u0131, ambalajlar\u0131 ve te\u015fhirleri \u00fczerinde de k\u0131s\u0131tlamalar getirmesi bekleniyor.<\/p><div id=\"briti-4015147027\" class=\"briti-icerik\" style=\"margin-top: 5px;margin-bottom: 5px;\"><a href=\"https:\/\/piaryum.com\/services\/\" aria-label=\"piaryum banner\"><img loading=\"lazy\" decoding=\"async\" src=\"https:\/\/by-tv.co.uk\/wp-content\/uploads\/2025\/12\/Gemini_Generated_Image_g5yqr1g5yqr1g5yq.jpg\" alt=\"\"  width=\"2064\" height=\"1152\"   \/><\/a><\/div>\n<h5><strong>Uzmanlardan E-Sigara D\u00fczenlemeleri \u0130\u00e7in Uyar\u0131<\/strong><\/h5>\n<p>Ash Genel M\u00fcd\u00fcr Yard\u0131mc\u0131s\u0131 <strong>Hazel Cheeseman<\/strong>, sigaran\u0131n hala<strong> Birle\u015fik Krall\u0131k<\/strong>\u2019\u0131n en b\u00fcy\u00fck \u00f6nlenebilir \u00f6l\u00fcm nedeni oldu\u011funu vurgularken, elektronik sigaran\u0131n sigara i\u00e7enlerin b\u0131rakmas\u0131na yard\u0131mc\u0131 olabilecek \u00f6nemli bir ara\u00e7 oldu\u011funu belirtti.<strong> Cheeseman<\/strong>, daha s\u0131k\u0131 elektronik sigara d\u00fczenlemelerine ihtiya\u00e7 duyuldu\u011funu, ancak bu d\u00fczenlemelerin gen\u00e7lerin elektronik sigara kullan\u0131m\u0131n\u0131 hedef al\u0131rken, sigaray\u0131 b\u0131rakmak isteyenleri cayd\u0131rmamas\u0131 gerekti\u011fini ifade etti.<\/p>\n<p>Asthma + Lung UK D\u0131\u015f \u0130li\u015fkiler Direkt\u00f6r\u00fc Henry Gregg ise, sigaray\u0131 b\u0131rakman\u0131n zorlu\u011funa dikkat \u00e7ekti ve h\u00fck\u00fcmetin yerel sigara b\u0131rakma hizmetlerine yat\u0131r\u0131m yapmas\u0131n\u0131n \u00f6nemini vurgulad\u0131. Bu hizmetlerin son y\u0131llarda ciddi kesintilere u\u011frad\u0131\u011f\u0131n\u0131 belirten Gregg, insanlar\u0131 sigaray\u0131 tamamen b\u0131rakmalar\u0131 i\u00e7in desteklemenin hayati \u00f6nem ta\u015f\u0131d\u0131\u011f\u0131n\u0131 s\u00f6yledi.<\/p>\n<p><strong>King&#8217;s College London<\/strong>&#8216;da ba\u011f\u0131ml\u0131l\u0131klar halk sa\u011fl\u0131\u011f\u0131 profes\u00f6r\u00fc <strong>Leonie Brose<\/strong>, uzun s\u00fcreli sigara i\u00e7icilerinin yar\u0131s\u0131ndan fazlas\u0131n\u0131n erken \u00f6lece\u011fini belirterek, sigara i\u00e7enlerin elektronik sigaran\u0131n sigara kadar zararl\u0131 oldu\u011funu d\u00fc\u015f\u00fcnd\u00fc\u011f\u00fcn\u00fc ve bu yanl\u0131\u015f alg\u0131lar\u0131n hayatlara mal oldu\u011funu ifade etti.<\/p>\n<p><strong>Sa\u011fl\u0131k ve Sosyal Bak\u0131m Bakanl\u0131\u011f\u0131<\/strong> ise, elektronik sigaran\u0131n sigaray\u0131 b\u0131rakmak i\u00e7in etkili bir ara\u00e7 oldu\u011funu kabul etmekle birlikte, sigara i\u00e7meyenlerin bu \u00fcr\u00fcn\u00fc kullanmamas\u0131 gerekti\u011fini belirtti. Bakanl\u0131k, t\u00fct\u00fcn ve elektronik sigara yasa tasar\u0131s\u0131n\u0131n gelecek nesilleri koruyarak binlerce hayat kurtaraca\u011f\u0131n\u0131 ve NHS \u00fczerindeki bask\u0131y\u0131 azaltaca\u011f\u0131n\u0131 vurgulad\u0131.<\/p>\n<div id=\"briti-608193089\" class=\"briti-icerikten-sonra_2\" style=\"margin-top: 25px;margin-bottom: 25px;\"><a href=\"https:\/\/wa.me\/message\/NDZLLIOQT4H3O1\" aria-label=\"bytv reklam banner\"><img loading=\"lazy\" decoding=\"async\" src=\"https:\/\/by-tv.co.uk\/wp-content\/uploads\/2025\/12\/bytv-reklam-banner.jpg\" alt=\"\"  width=\"2376\" height=\"1008\"   \/><\/a><\/div>","protected":false},"excerpt":{"rendered":"<p>Birle\u015fik Krall\u0131k\u2019ta sigara ve elektronik sigara kullan\u0131m\u0131nda art\u0131\u015f ya\u015fand\u0131\u011f\u0131 ve uzmanlar\u0131n nikotin \u00fcr\u00fcnlerinin zararlar\u0131na yeniden odaklan\u0131lmas\u0131 gerekti\u011fini vurgulad\u0131\u011f\u0131 belirtildi. Action on Smoking and Health (Ash) taraf\u0131ndan yap\u0131lan ve YouGov verilerine dayanan bir analiz, \u0130ngiltere\u2019de 5,6 milyon yeti\u015fkinin, yani yeti\u015fkin n\u00fcfusun %11\u2019inin elektronik sigara kulland\u0131\u011f\u0131n\u0131 ortaya koydu. Bu, elektronik sigara kullan\u0131m oran\u0131n\u0131n en y\u00fcksek seviyeye ula\u015ft\u0131\u011f\u0131n\u0131 g\u00f6sterirken, son \u00fc\u00e7 y\u0131lda hem sigara hem de elektronik sigara kullananlar\u0131n say\u0131s\u0131n\u0131n iki kat\u0131na \u00e7\u0131kt\u0131\u011f\u0131na i\u015faret ediyor. Analize g\u00f6re, hem sigara hem de elektronik sigara kullananlar\u0131n oran\u0131 2021\u2019de %17 iken 2024\u2019te %32\u2019ye y\u00fckseldi ve bu yakla\u015f\u0131k 2,2 milyon ki\u015fiye denk geliyor. Ancak Ash, eski sigara [&hellip;]<\/p>\n","protected":false},"author":11,"featured_media":27330,"comment_status":"open","ping_status":"open","sticky":false,"template":"","format":"standard","meta":{"ngg_post_thumbnail":0,"footnotes":""},"categories":[5269],"tags":[],"class_list":["post-27161","post","type-post","status-publish","format-standard","has-post-thumbnail","hentry","category-birlesik-krallik"],"_links":{"self":[{"href":"https:\/\/by-tv.co.uk\/en\/wp-json\/wp\/v2\/posts\/27161","targetHints":{"allow":["GET"]}}],"collection":[{"href":"https:\/\/by-tv.co.uk\/en\/wp-json\/wp\/v2\/posts"}],"about":[{"href":"https:\/\/by-tv.co.uk\/en\/wp-json\/wp\/v2\/types\/post"}],"author":[{"embeddable":true,"href":"https:\/\/by-tv.co.uk\/en\/wp-json\/wp\/v2\/users\/11"}],"replies":[{"embeddable":true,"href":"https:\/\/by-tv.co.uk\/en\/wp-json\/wp\/v2\/comments?post=27161"}],"version-history":[{"count":0,"href":"https:\/\/by-tv.co.uk\/en\/wp-json\/wp\/v2\/posts\/27161\/revisions"}],"wp:featuredmedia":[{"embeddable":true,"href":"https:\/\/by-tv.co.uk\/en\/wp-json\/wp\/v2\/media\/27330"}],"wp:attachment":[{"href":"https:\/\/by-tv.co.uk\/en\/wp-json\/wp\/v2\/media?parent=27161"}],"wp:term":[{"taxonomy":"category","embeddable":true,"href":"https:\/\/by-tv.co.uk\/en\/wp-json\/wp\/v2\/categories?post=27161"},{"taxonomy":"post_tag","embeddable":true,"href":"https:\/\/by-tv.co.uk\/en\/wp-json\/wp\/v2\/tags?post=27161"}],"curies":[{"name":"wp","href":"https:\/\/api.w.org\/{rel}","templated":true}]}}