{"id":27159,"date":"2024-08-19T07:41:10","date_gmt":"2024-08-19T06:41:10","guid":{"rendered":"https:\/\/by-tv.co.uk\/?p=27159"},"modified":"2024-08-19T07:41:10","modified_gmt":"2024-08-19T06:41:10","slug":"17-yil-haksiz-yere-hapis-yatan-adam-100000-yatak-ve-yemek-ucreti-odemeye-mahkum-edildi","status":"publish","type":"post","link":"https:\/\/by-tv.co.uk\/en\/17-yil-haksiz-yere-hapis-yatan-adam-100000-yatak-ve-yemek-ucreti-odemeye-mahkum-edildi\/","title":{"rendered":"17 Y\u0131l Haks\u0131z Yere Hapis Yatan Adam, \u00a3100,000 &#8216;Yatak ve Yemek&#8217; \u00dccreti \u00d6demeye Mahkum Edildi"},"content":{"rendered":"<p>\u0130ngiltere\u2019de haks\u0131z yere 17 y\u0131l hapis yatan <strong>Andrew Malkinson<\/strong>, hapis s\u00fcresince devlet taraf\u0131ndan kar\u015f\u0131lanan &#8216;yatak ve yemek&#8217; masraflar\u0131n\u0131 \u00f6demek zorunda kalmas\u0131, adalet sistemindeki hatalar nedeniyle ma\u011fdur olan ki\u015filere y\u00f6nelik yeni bir tart\u0131\u015fmay\u0131 g\u00fcndeme getirdi.<\/p>\n<p><strong>Andrew Malkinson<\/strong>, 2003 y\u0131l\u0131nda Salford, Greater Manchester&#8217;da bir kad\u0131na tecav\u00fcz su\u00e7lamas\u0131yla hapse at\u0131lm\u0131\u015f, ancak 17 y\u0131l sonra masumiyeti kan\u0131tlanarak serbest b\u0131rak\u0131lm\u0131\u015ft\u0131. Malkinson&#8217;a, haks\u0131z yere hapis yatt\u0131\u011f\u0131 y\u0131llar i\u00e7in tazminat \u00f6denmesi kararla\u015ft\u0131r\u0131ld\u0131; ancak bu tazminattan \u00a3100,000 &#8216;yatak ve yemek&#8217; masraflar\u0131 i\u00e7in kesinti yap\u0131ld\u0131.&nbsp;<\/p>\n<blockquote class=\"twitter-tweet\" data-media-max-width=\"560\">\n<p dir=\"ltr\" lang=\"en\">\ud83c\udfa7 How would you cope being locked up in prison for 17 years for a crime you had nothing to do with?<\/p>\n<p>This week Phil and Paula speak to Andrew Malkinson, whose conviction was overturned last year, about the years he spent in prison.<\/p>\n<p>LISTEN:<a href=\"https:\/\/t.co\/yQnmX2qXV0\">https:\/\/t.co\/yQnmX2qXV0<\/a> <a href=\"https:\/\/t.co\/utFzC0JMqs\">pic.twitter.com\/utFzC0JMqs<\/a><\/p>\n<p>\u2014 Prison Radio Association (@PrisonRadioUK) <a href=\"https:\/\/twitter.com\/PrisonRadioUK\/status\/1810219794253144469?ref_src=twsrc%5Etfw\" target=\"_blank\" rel=\"noopener\">July 8, 2024<\/a><\/p><\/blockquote>\n<p><script async=\"\" src=\"https:\/\/platform.twitter.com\/widgets.js\" charset=\"utf-8\"><\/script><br \/>\nEski Adalet Bakan\u0131 <strong>Alex Chalk<\/strong>, ge\u00e7ti\u011fimiz y\u0131l bu t\u00fcr kesintilere son veren bir politika de\u011fi\u015fikli\u011fi yapm\u0131\u015ft\u0131. Ancak, h\u00fck\u00fcmet bu de\u011fi\u015fikli\u011fin geriye d\u00f6n\u00fck olarak uygulanmayaca\u011f\u0131n\u0131 belirterek, halihaz\u0131rda \u00f6deme alm\u0131\u015f olanlar\u0131n kesintileri geri talep edemeyeceklerini a\u00e7\u0131klad\u0131.<\/p><div id=\"briti-2773323291\" class=\"briti-icerik\" style=\"margin-top: 5px;margin-bottom: 5px;\"><a href=\"https:\/\/piaryum.com\/services\/\" aria-label=\"piaryum banner\"><img loading=\"lazy\" decoding=\"async\" src=\"https:\/\/by-tv.co.uk\/wp-content\/uploads\/2025\/12\/Gemini_Generated_Image_g5yqr1g5yqr1g5yq.jpg\" alt=\"\"  width=\"2064\" height=\"1152\"   \/><\/a><\/div>\n<h5><strong>Tazminatlar\u0131ndan \u00a3100,000 Kesinti Yap\u0131ld\u0131<\/strong><\/h5>\n<p>Benzer bir durum, 25 y\u0131l haks\u0131z yere hapis yatan <strong>Paul Blackburn<\/strong>&#8216;\u00fcn de ba\u015f\u0131na gelmi\u015fti. Blackburn, 2011 y\u0131l\u0131nda ald\u0131\u011f\u0131 tazminattan \u00a3100,000 kesildi\u011fini ve bunun &#8220;iki kez cezaland\u0131r\u0131lmak&#8221; anlam\u0131na geldi\u011fini belirtti. Blackburn, bu kesintinin adaletsiz oldu\u011funu savunarak, h\u00fck\u00fcmetin do\u011fru olan\u0131 yaparak bu hatay\u0131 d\u00fczeltmesi gerekti\u011fini s\u00f6yledi.<\/p>\n<p>Genel \u00d6deme M\u00fcd\u00fcr\u00fc <strong>Nick Thomas-Symonds<\/strong>, h\u00fck\u00fcmetin politika de\u011fi\u015fikliklerini geriye d\u00f6n\u00fck olarak uygulamamas\u0131n\u0131n &#8216;standart&#8217; bir prosed\u00fcr oldu\u011funu belirtti. Ancak, bu durum haks\u0131z yere hapsedilen ve tazminat arayanlar i\u00e7in b\u00fcy\u00fck bir hayal k\u0131r\u0131kl\u0131\u011f\u0131 yaratt\u0131. Ayr\u0131ca, tazminat tavan\u0131n\u0131n enflasyonla birlikte ayarlanmas\u0131n\u0131n reddedilmesi de ele\u015ftirildi.<\/p>\n<p>Adalet Bakanl\u0131\u011f\u0131 s\u00f6zc\u00fcs\u00fc, <strong>Andrew Malkinson<\/strong>&#8216;un ya\u015fad\u0131\u011f\u0131 adalet hatas\u0131n\u0131n fark\u0131nda olduklar\u0131n\u0131 belirterek, tazminattan yap\u0131lan kesintileri kald\u0131rd\u0131klar\u0131n\u0131 ve Malkinson&#8217;un tazminat i\u00e7in ba\u015fvuruda bulunabilece\u011fini s\u00f6yledi. Bu durumun, Malkinson&#8217;un polise dava a\u00e7ma planlar\u0131n\u0131 etkilemeyece\u011fi veya geciktirmeyece\u011fi de vurguland\u0131.<\/p>\n<p>&nbsp;<\/p>\n<div id=\"briti-2716036149\" class=\"briti-icerikten-sonra_2\" style=\"margin-top: 25px;margin-bottom: 25px;\"><a href=\"https:\/\/wa.me\/message\/NDZLLIOQT4H3O1\" aria-label=\"bytv reklam banner\"><img loading=\"lazy\" decoding=\"async\" src=\"https:\/\/by-tv.co.uk\/wp-content\/uploads\/2025\/12\/bytv-reklam-banner.jpg\" alt=\"\"  width=\"2376\" height=\"1008\"   \/><\/a><\/div>","protected":false},"excerpt":{"rendered":"<p>\u0130ngiltere\u2019de haks\u0131z yere 17 y\u0131l hapis yatan Andrew Malkinson, hapis s\u00fcresince devlet taraf\u0131ndan kar\u015f\u0131lanan &#8216;yatak ve yemek&#8217; masraflar\u0131n\u0131 \u00f6demek zorunda kalmas\u0131, adalet sistemindeki hatalar nedeniyle ma\u011fdur olan ki\u015filere y\u00f6nelik yeni bir tart\u0131\u015fmay\u0131 g\u00fcndeme getirdi. Andrew Malkinson, 2003 y\u0131l\u0131nda Salford, Greater Manchester&#8217;da bir kad\u0131na tecav\u00fcz su\u00e7lamas\u0131yla hapse at\u0131lm\u0131\u015f, ancak 17 y\u0131l sonra masumiyeti kan\u0131tlanarak serbest b\u0131rak\u0131lm\u0131\u015ft\u0131. Malkinson&#8217;a, haks\u0131z yere hapis yatt\u0131\u011f\u0131 y\u0131llar i\u00e7in tazminat \u00f6denmesi kararla\u015ft\u0131r\u0131ld\u0131; ancak bu tazminattan \u00a3100,000 &#8216;yatak ve yemek&#8217; masraflar\u0131 i\u00e7in kesinti yap\u0131ld\u0131.&nbsp; \ud83c\udfa7 How would you cope being locked up in prison for 17 years for a crime you had nothing to do with? This week [&hellip;]<\/p>\n","protected":false},"author":11,"featured_media":25963,"comment_status":"open","ping_status":"open","sticky":false,"template":"","format":"standard","meta":{"ngg_post_thumbnail":0,"footnotes":""},"categories":[5269],"tags":[],"class_list":["post-27159","post","type-post","status-publish","format-standard","has-post-thumbnail","hentry","category-birlesik-krallik"],"_links":{"self":[{"href":"https:\/\/by-tv.co.uk\/en\/wp-json\/wp\/v2\/posts\/27159","targetHints":{"allow":["GET"]}}],"collection":[{"href":"https:\/\/by-tv.co.uk\/en\/wp-json\/wp\/v2\/posts"}],"about":[{"href":"https:\/\/by-tv.co.uk\/en\/wp-json\/wp\/v2\/types\/post"}],"author":[{"embeddable":true,"href":"https:\/\/by-tv.co.uk\/en\/wp-json\/wp\/v2\/users\/11"}],"replies":[{"embeddable":true,"href":"https:\/\/by-tv.co.uk\/en\/wp-json\/wp\/v2\/comments?post=27159"}],"version-history":[{"count":0,"href":"https:\/\/by-tv.co.uk\/en\/wp-json\/wp\/v2\/posts\/27159\/revisions"}],"wp:featuredmedia":[{"embeddable":true,"href":"https:\/\/by-tv.co.uk\/en\/wp-json\/wp\/v2\/media\/25963"}],"wp:attachment":[{"href":"https:\/\/by-tv.co.uk\/en\/wp-json\/wp\/v2\/media?parent=27159"}],"wp:term":[{"taxonomy":"category","embeddable":true,"href":"https:\/\/by-tv.co.uk\/en\/wp-json\/wp\/v2\/categories?post=27159"},{"taxonomy":"post_tag","embeddable":true,"href":"https:\/\/by-tv.co.uk\/en\/wp-json\/wp\/v2\/tags?post=27159"}],"curies":[{"name":"wp","href":"https:\/\/api.w.org\/{rel}","templated":true}]}}