{"id":27145,"date":"2024-08-09T21:41:52","date_gmt":"2024-08-09T20:41:52","guid":{"rendered":"https:\/\/by-tv.co.uk\/?p=27145"},"modified":"2024-08-09T21:47:49","modified_gmt":"2024-08-09T20:47:49","slug":"birlesik-krallika-vize-basvurularinda-keskin-dusus","status":"publish","type":"post","link":"https:\/\/by-tv.co.uk\/en\/birlesik-krallika-vize-basvurularinda-keskin-dusus\/","title":{"rendered":"Birle\u015fik Krall\u0131k&#8217;a Vize Ba\u015fvurular\u0131nda Keskin D\u00fc\u015f\u00fc\u015f"},"content":{"rendered":"<p>Birle\u015fik Krall\u0131k&#8217;a vize ba\u015fvurusunda bulunan \u00e7al\u0131\u015fanlar, \u00f6\u011frenciler ve ailelerinin say\u0131s\u0131, son 12 ayda \u00fc\u00e7te bir oran\u0131nda azald\u0131. BBC\u2019de yer alan habere g\u00f6re bu d\u00fc\u015f\u00fc\u015f, Muhafazakar h\u00fck\u00fcmet taraf\u0131ndan getirilen ve uluslararas\u0131 \u00f6\u011frenciler ile sa\u011fl\u0131k ve sosyal bak\u0131m \u00e7al\u0131\u015fanlar\u0131n\u0131n ailelerini Birle\u015fik Krall\u0131k&#8217;a getirmelerini yasaklayan yeni kural de\u011fi\u015fikliklerinin ard\u0131ndan ger\u00e7ekle\u015fti.<\/p>\n<p>\u0130\u00e7i\u015fleri Bakanl\u0131\u011f\u0131&#8217;ndan al\u0131nan ge\u00e7ici rakamlara g\u00f6re, Temmuz 2023&#8217;te vize ba\u015fvurusunda bulunan g\u00f6\u00e7men ve aile \u00fcyelerinin say\u0131s\u0131 yakla\u015f\u0131k 141.000 iken, bu say\u0131 Temmuz 2024&#8217;te 91.000&#8217;e d\u00fc\u015ft\u00fc. \u00d6zellikle sa\u011fl\u0131k ve sosyal bak\u0131m vizesi i\u00e7in ba\u015fvuranlar\u0131n say\u0131s\u0131nda b\u00fcy\u00fck bir azalma ya\u015fand\u0131 ve bu say\u0131 %80 oran\u0131nda d\u00fc\u015ferek 2.900&#8217;e geriledi. \u0130\u00e7i\u015fleri Bakanl\u0131\u011f\u0131, bu politikalar\u0131n &#8220;yerli i\u015fg\u00fcc\u00fcn\u00fc e\u011fitme ve beceri eksikli\u011fini giderme&#8221; amac\u0131n\u0131 ta\u015f\u0131d\u0131\u011f\u0131n\u0131 belirtti.<\/p>\n<p>Bakanl\u0131k s\u00f6zc\u00fcs\u00fc, g\u00f6\u00e7\u00fcn Birle\u015fik Krall\u0131k&#8217;a bir\u00e7ok fayda sa\u011flad\u0131\u011f\u0131n\u0131 kabul ederken, bunun kontrol edilmesi ve adil bir sistemle y\u00f6netilmesi gerekti\u011fini vurgulad\u0131. Ancak, Ulusal Bak\u0131m Derne\u011fi \u0130cra Kurulu E\u015f Ba\u015fkan\u0131 Nadra Ahmed, bu politikalar\u0131n sekt\u00f6r \u00fczerindeki olumsuz etkilerine dikkat \u00e7ekti. Ahmed, baz\u0131 personelin \u00fclkesine d\u00f6nmeye veya &#8220;g\u00f6\u00e7menlik konusunda daha az d\u00fc\u015fmanca bir ortam&#8221; sunan \u00fclkelere ta\u015f\u0131nmaya ba\u015flad\u0131\u011f\u0131n\u0131 belirtti. Ayr\u0131ca, yerli i\u015fg\u00fcc\u00fc olu\u015fturman\u0131n y\u0131llar alabilece\u011fini ve bu s\u00fcre\u00e7te bak\u0131m sekt\u00f6r\u00fcnde s\u00fcrd\u00fcr\u00fclemez seviyelere ula\u015fabilecek bo\u015f pozisyonlar\u0131n artabilece\u011fi uyar\u0131s\u0131nda bulundu.<\/p><div id=\"briti-2794192781\" class=\"briti-icerik\" style=\"margin-top: 5px;margin-bottom: 5px;\"><a href=\"https:\/\/piaryum.com\/services\/\" aria-label=\"piaryum banner\"><img loading=\"lazy\" decoding=\"async\" src=\"https:\/\/by-tv.co.uk\/wp-content\/uploads\/2025\/12\/Gemini_Generated_Image_g5yqr1g5yqr1g5yq.jpg\" alt=\"\"  width=\"2064\" height=\"1152\"   \/><\/a><\/div>\n<h5><strong>H\u00fck\u00fcmetin Yeni G\u00f6\u00e7menlik Politikalar\u0131n\u0131n Etkisi<\/strong><\/h5>\n<p>Vize ba\u015fvurusunda bulunan uluslararas\u0131 \u00f6\u011frencilerdeki azalma, mali bask\u0131larla kar\u015f\u0131 kar\u015f\u0131ya olan \u00fcniversitelere de zarar verebilir. Yeni kurallar, eski Ba\u015fbakan Rishi Sunak taraf\u0131ndan g\u00f6\u00e7 seviyelerini rekor seviyelerden a\u015fa\u011f\u0131 \u00e7ekmek amac\u0131yla uygulanmaya ba\u015flanm\u0131\u015ft\u0131. 2022 y\u0131l\u0131nda yasal net g\u00f6\u00e7 764.000&#8217;e y\u00fckselmi\u015f, ancak bir sonraki y\u0131l %10 oran\u0131nda d\u00fc\u015f\u00fc\u015f g\u00f6stermi\u015fti. Ulusal \u0130statistik Ofisi, bu d\u00fc\u015f\u00fc\u015f\u00fcn uzun vadeli bir e\u011filim olup olmad\u0131\u011f\u0131n\u0131 de\u011ferlendirmek i\u00e7in hen\u00fcz erken oldu\u011funu belirtti.<\/p>\n<p>H\u00fck\u00fcmet ayr\u0131ca, vas\u0131fl\u0131 deniza\u015f\u0131r\u0131 i\u015f\u00e7iler i\u00e7in asgari maa\u015f\u0131 26.200 Sterlin&#8217;den 38.700 Sterlin&#8217;e y\u00fckseltti. Vas\u0131fl\u0131 i\u015f\u00e7i olarak nitelendirilebilmek i\u00e7in, ba\u015fvuru sahiplerinin 2020 y\u0131l\u0131nda uygulamaya konulan puan sistemi kapsam\u0131nda 70 puan toplamalar\u0131 gerekiyor. G\u00f6\u00e7 G\u00f6zlemevi adl\u0131 d\u00fc\u015f\u00fcnce kurulu\u015fu, \u0130\u00e7i\u015fleri Bakanl\u0131\u011f\u0131&#8217;n\u0131n en son verilerinin daha y\u00fcksek maa\u015f e\u015fi\u011finin &#8220;net bir etkisini&#8221; hen\u00fcz g\u00f6stermedi\u011fini belirtti.<\/p>\n<div id=\"briti-3891994675\" class=\"briti-icerikten-sonra_2\" style=\"margin-top: 25px;margin-bottom: 25px;\"><a href=\"https:\/\/wa.me\/message\/NDZLLIOQT4H3O1\" aria-label=\"bytv reklam banner\"><img loading=\"lazy\" decoding=\"async\" src=\"https:\/\/by-tv.co.uk\/wp-content\/uploads\/2025\/12\/bytv-reklam-banner.jpg\" alt=\"\"  width=\"2376\" height=\"1008\"   \/><\/a><\/div>","protected":false},"excerpt":{"rendered":"<p>Birle\u015fik Krall\u0131k&#8217;a vize ba\u015fvurusunda bulunan \u00e7al\u0131\u015fanlar, \u00f6\u011frenciler ve ailelerinin say\u0131s\u0131, son 12 ayda \u00fc\u00e7te bir oran\u0131nda azald\u0131. BBC\u2019de yer alan habere g\u00f6re bu d\u00fc\u015f\u00fc\u015f, Muhafazakar h\u00fck\u00fcmet taraf\u0131ndan getirilen ve uluslararas\u0131 \u00f6\u011frenciler ile sa\u011fl\u0131k ve sosyal bak\u0131m \u00e7al\u0131\u015fanlar\u0131n\u0131n ailelerini Birle\u015fik Krall\u0131k&#8217;a getirmelerini yasaklayan yeni kural de\u011fi\u015fikliklerinin ard\u0131ndan ger\u00e7ekle\u015fti. \u0130\u00e7i\u015fleri Bakanl\u0131\u011f\u0131&#8217;ndan al\u0131nan ge\u00e7ici rakamlara g\u00f6re, Temmuz 2023&#8217;te vize ba\u015fvurusunda bulunan g\u00f6\u00e7men ve aile \u00fcyelerinin say\u0131s\u0131 yakla\u015f\u0131k 141.000 iken, bu say\u0131 Temmuz 2024&#8217;te 91.000&#8217;e d\u00fc\u015ft\u00fc. \u00d6zellikle sa\u011fl\u0131k ve sosyal bak\u0131m vizesi i\u00e7in ba\u015fvuranlar\u0131n say\u0131s\u0131nda b\u00fcy\u00fck bir azalma ya\u015fand\u0131 ve bu say\u0131 %80 oran\u0131nda d\u00fc\u015ferek 2.900&#8217;e geriledi. \u0130\u00e7i\u015fleri Bakanl\u0131\u011f\u0131, bu politikalar\u0131n &#8220;yerli i\u015fg\u00fcc\u00fcn\u00fc e\u011fitme [&hellip;]<\/p>\n","protected":false},"author":11,"featured_media":24700,"comment_status":"open","ping_status":"open","sticky":false,"template":"","format":"standard","meta":{"ngg_post_thumbnail":0,"footnotes":""},"categories":[5269],"tags":[],"class_list":["post-27145","post","type-post","status-publish","format-standard","has-post-thumbnail","hentry","category-birlesik-krallik"],"_links":{"self":[{"href":"https:\/\/by-tv.co.uk\/en\/wp-json\/wp\/v2\/posts\/27145","targetHints":{"allow":["GET"]}}],"collection":[{"href":"https:\/\/by-tv.co.uk\/en\/wp-json\/wp\/v2\/posts"}],"about":[{"href":"https:\/\/by-tv.co.uk\/en\/wp-json\/wp\/v2\/types\/post"}],"author":[{"embeddable":true,"href":"https:\/\/by-tv.co.uk\/en\/wp-json\/wp\/v2\/users\/11"}],"replies":[{"embeddable":true,"href":"https:\/\/by-tv.co.uk\/en\/wp-json\/wp\/v2\/comments?post=27145"}],"version-history":[{"count":0,"href":"https:\/\/by-tv.co.uk\/en\/wp-json\/wp\/v2\/posts\/27145\/revisions"}],"wp:featuredmedia":[{"embeddable":true,"href":"https:\/\/by-tv.co.uk\/en\/wp-json\/wp\/v2\/media\/24700"}],"wp:attachment":[{"href":"https:\/\/by-tv.co.uk\/en\/wp-json\/wp\/v2\/media?parent=27145"}],"wp:term":[{"taxonomy":"category","embeddable":true,"href":"https:\/\/by-tv.co.uk\/en\/wp-json\/wp\/v2\/categories?post=27145"},{"taxonomy":"post_tag","embeddable":true,"href":"https:\/\/by-tv.co.uk\/en\/wp-json\/wp\/v2\/tags?post=27145"}],"curies":[{"name":"wp","href":"https:\/\/api.w.org\/{rel}","templated":true}]}}