{"id":27126,"date":"2024-08-08T14:14:31","date_gmt":"2024-08-08T13:14:31","guid":{"rendered":"https:\/\/by-tv.co.uk\/?p=27126"},"modified":"2024-08-08T14:14:31","modified_gmt":"2024-08-08T13:14:31","slug":"ingilterede-asiri-sagci-siddete-karsi-binlerce-kisi-sokaklardaydi","status":"publish","type":"post","link":"https:\/\/by-tv.co.uk\/en\/ingilterede-asiri-sagci-siddete-karsi-binlerce-kisi-sokaklardaydi\/","title":{"rendered":"\u0130ngiltere&#8217;de A\u015f\u0131r\u0131 Sa\u011fc\u0131 \u015eiddete Kar\u015f\u0131 Binlerce Ki\u015fi Sokaklardayd\u0131"},"content":{"rendered":"<p>\u0130ngiltere&#8217;nin kuzeybat\u0131s\u0131ndaki Southport kasabas\u0131nda, ge\u00e7en hafta \u00fc\u00e7 k\u0131z \u00e7ocu\u011funun b\u0131\u00e7akl\u0131 sald\u0131r\u0131da hayat\u0131n\u0131 kaybetmesinin ard\u0131ndan, a\u015f\u0131r\u0131 sa\u011fc\u0131 gruplar\u0131n ba\u015flatt\u0131\u011f\u0131 \u015fiddet olaylar\u0131na kar\u015f\u0131 tepki b\u00fcy\u00fcyor. Kar\u015f\u0131t gruplar, a\u015f\u0131r\u0131 sa\u011fc\u0131 \u015fiddete kar\u015f\u0131 sokaklara \u00e7\u0131kt\u0131.<\/p>\n<p><img loading=\"lazy\" decoding=\"async\" class=\"alignnone size-full wp-image-27129\" src=\"https:\/\/by-tv.co.uk\/wp-content\/uploads\/2024\/08\/gocmen-protesto-2.jpg\" alt=\"\" width=\"2048\" height=\"1152\" title=\"\"><\/p>\n<p>\u00c7ar\u015famba ak\u015fam\u0131, a\u015f\u0131r\u0131 sa\u011fc\u0131lar\u0131n 30 civar\u0131nda b\u00f6lgede 100&#8217;den fazla eylem planlad\u0131\u011f\u0131 haberleri \u00fczerine, \u0131rk\u00e7\u0131l\u0131k kar\u015f\u0131t\u0131 binlerce ki\u015fi g\u00f6steriler d\u00fczenledi. Londra&#8217;n\u0131n kuzeyi, Bristol ve Newcastle gibi \u015fehirlerde yap\u0131lan kar\u015f\u0131t eylemler, genel anlamda bar\u0131\u015f\u00e7\u0131l ge\u00e7ti. Ancak polis, daha fazla \u015fiddet olay\u0131n\u0131n ya\u015fanabilece\u011fi endi\u015fesiyle 100 noktada \u00f6nlem ald\u0131. D\u00fcn ak\u015fam saatlerinde az say\u0131da tutuklama yap\u0131ld\u0131.<\/p>\n<h4>A\u015f\u0131r\u0131 Sa\u011fc\u0131 \u015eiddet ve Tutuklamalar<\/h4>\n<p>A\u015f\u0131r\u0131 sa\u011fc\u0131 \u015fiddet olaylar\u0131nda 400&#8217;den fazla ki\u015fi tutuklanm\u0131\u015f, 140&#8217;tan fazla ki\u015fiye su\u00e7lama y\u00f6neltilmi\u015fti. Southport ve Liverpool&#8217;daki olaylara kar\u0131\u015fan \u00fc\u00e7 ki\u015fi ise hapis cezas\u0131na \u00e7arpt\u0131r\u0131ld\u0131.<\/p><div id=\"briti-402057940\" class=\"briti-icerik\" style=\"margin-top: 5px;margin-bottom: 5px;\"><a href=\"https:\/\/piaryum.com\/services\/\" aria-label=\"piaryum banner\"><img loading=\"lazy\" decoding=\"async\" src=\"https:\/\/by-tv.co.uk\/wp-content\/uploads\/2025\/12\/Gemini_Generated_Image_g5yqr1g5yqr1g5yq.jpg\" alt=\"\"  width=\"2064\" height=\"1152\"   \/><\/a><\/div>\n<p>&nbsp;<\/p>\n<h4>G\u00f6sterilerin Yayg\u0131nl\u0131\u011f\u0131 ve Kat\u0131l\u0131m<\/h4>\n<p>Walthamstow&#8217;daki eylemde<strong> &#8220;Sokaklar Bizim&#8221;<\/strong>, <strong>&#8220;M\u00fclteciler Ho\u015f Geldiniz&#8221;<\/strong> sloganlar\u0131 at\u0131ld\u0131 ve <strong>&#8220;A\u015f\u0131r\u0131 Sa\u011f\u0131 Ez&#8221;<\/strong> yaz\u0131l\u0131 pankartlar ta\u015f\u0131nd\u0131. Bristol&#8217;da yakla\u015f\u0131k 1500 a\u015f\u0131r\u0131 sa\u011f kar\u015f\u0131t\u0131 eylemci sokaklardayd\u0131. Brighton&#8217;da ise g\u00f6\u00e7menlik avukatlar\u0131n\u0131n ofisinin bulundu\u011fu d\u00fc\u015f\u00fcn\u00fclen bir binan\u0131n \u00f6n\u00fcnde sekiz a\u015f\u0131r\u0131 sa\u011fc\u0131 protestocu topland\u0131. Bu protestocular, etraflar\u0131n\u0131 saran binden fazla kar\u015f\u0131t g\u00f6sterici nedeniyle polis korumas\u0131 alt\u0131nda bir binaya s\u0131\u011f\u0131nd\u0131. <img loading=\"lazy\" decoding=\"async\" class=\"alignnone size-full wp-image-27127\" src=\"https:\/\/by-tv.co.uk\/wp-content\/uploads\/2024\/08\/gocmen-protesto-4-polis.jpg\" alt=\"\" width=\"2048\" height=\"1152\" title=\"\"><\/p>\n<h4>Di\u011fer Kentlerdeki Eylemler<\/h4>\n<p>Newcastle&#8217;da \u00e7o\u011funlu\u011fu M\u00fcsl\u00fcman olan yakla\u015f\u0131k 500 kar\u015f\u0131 eylemci, bir g\u00f6\u00e7menlik hizmetleri i\u015fletmesinin \u00f6n\u00fcnde topland\u0131. Southampton&#8217;da 300 ila 400 \u0131rk\u00e7\u0131l\u0131k kar\u015f\u0131t\u0131 &#8220;Irk\u00e7\u0131lar Evine&#8221;, &#8220;Irk\u00e7\u0131l\u0131\u011fa Yer Yok&#8221; sloganlar\u0131 att\u0131. Tamworth&#8217;te, m\u00fcltecilerin kald\u0131\u011f\u0131 bir otele sald\u0131r\u0131 d\u00fczenleyen a\u015f\u0131r\u0131 sa\u011fc\u0131 grubun ard\u0131ndan, 30 ila 40 g\u00f6\u00e7men kar\u015f\u0131t\u0131 topland\u0131.<\/p>\n<h4>Hapis Cezalar\u0131 ve Yarg\u0131lamalar<\/h4>\n<p>Merseyside&#8217;deki ayaklanmalarda, \u015fiddet olaylar\u0131na kar\u0131\u015fan \u00fc\u00e7 ki\u015fi hapis cezas\u0131na \u00e7arpt\u0131r\u0131ld\u0131. Polis memuruna sald\u0131rmakla su\u00e7lanan 58 ya\u015f\u0131ndaki Derek Drummond \u00fc\u00e7 y\u0131l, Declan Geiran 30 ay, Liam Riley ise 20 ay hapis cezas\u0131 ald\u0131. B\u00f6lge savc\u0131s\u0131, \u015fiddet olaylar\u0131na kar\u0131\u015fan herkesin h\u0131zl\u0131 bir \u015fekilde cezaland\u0131r\u0131laca\u011f\u0131n\u0131 s\u00f6yledi.<\/p>\n<h4>G\u00f6\u00e7menlik Avukatlar\u0131na Y\u00f6nelik Tehditler<\/h4>\n<p>H\u00fck\u00fcmet, g\u00f6\u00e7menlerle \u00e7al\u0131\u015fan avukatlar\u0131n isim ve adreslerinin yay\u0131ld\u0131\u011f\u0131 bir listenin internette dola\u015fmas\u0131n\u0131n ard\u0131ndan, sosyal medya platformlar\u0131n\u0131n daha fazlas\u0131n\u0131 yapmas\u0131 gerekti\u011fini belirtti. Avukatlar, polisin evden \u00e7al\u0131\u015fmalar\u0131n\u0131 ve ate\u015fe dayan\u0131kl\u0131 posta kutular\u0131 kullanmalar\u0131n\u0131 tavsiye etti.<\/p>\n<h4>Cezaevlerinde \u0130lave Yer A\u00e7\u0131lacak<\/h4>\n<p>\u0130ngiltere ve Kuzey \u0130rlanda&#8217;daki cezaevlerinde, protestolar\u0131n yol a\u00e7t\u0131\u011f\u0131 krizle ba\u015fa \u00e7\u0131kmak i\u00e7in 500&#8217;den fazla ilave yer a\u00e7\u0131laca\u011f\u0131 belirtildi. Adalet Bakan\u0131 Shabana Mahmood, \u015fiddet olaylar\u0131na kat\u0131lanlar\u0131 cezaland\u0131racaklar\u0131n\u0131 vurgulad\u0131.<\/p>\n<h4>Southport Sald\u0131r\u0131s\u0131 ve Anma T\u00f6reni<\/h4>\n<p>Southport&#8217;ta b\u0131\u00e7akl\u0131 sald\u0131r\u0131da hayat\u0131n\u0131 kaybeden \u00e7ocuklar i\u00e7in bir anma t\u00f6reni d\u00fczenlendi. Sald\u0131r\u0131da \u00f6len Alice Dasilva Aguiar, Elsie Dot Stancombe ve Bebe King\u2019in ya\u015flar\u0131 6 ile 9 aras\u0131nda de\u011fi\u015fiyordu. Polis, sald\u0131r\u0131n\u0131n ter\u00f6r vakas\u0131 olarak ele al\u0131nmad\u0131\u011f\u0131n\u0131 duyurdu.<\/p>\n<h4>G\u00fcvenlik Tedbirleri ve H\u00fck\u00fcmetin Tavr\u0131<\/h4>\n<p>Ba\u015fbakan Keir Starmer, h\u00fck\u00fcmetin acil durumlarda toplanan g\u00fcvenlik komitesiyle iki kez toplant\u0131 yapt\u0131. Starmer, \u00f6zel polis yetkililerinin g\u00f6revlendirilece\u011fini ve h\u00fck\u00fcmetin gereken \u00f6nlemleri ald\u0131\u011f\u0131n\u0131 s\u00f6yledi. Ba\u015fbakanl\u0131k, Elon Musk&#8217;\u0131n &#8220;i\u00e7 sava\u015f ka\u00e7\u0131n\u0131lmaz&#8221; yorumunu ele\u015ftirdi ve \u015fiddet olaylar\u0131n\u0131n k\u00fc\u00e7\u00fck bir az\u0131nl\u0131ktan geldi\u011fini belirtti.<\/p>\n<h4>Avam Kamaras\u0131 Geri \u00c7a\u011fr\u0131labilir<\/h4>\n<p>Baz\u0131 milletvekilleri, Avam Kamaras\u0131&#8217;n\u0131n yaz tatilinden geri \u00e7a\u011fr\u0131lmas\u0131n\u0131 talep ediyor. \u0130\u015f\u00e7i Partili Diane Abbott, h\u00fck\u00fcmetin \u015fiddetin devam etmesini bekleyemeyece\u011fini ve \u00fclkede kriz ya\u015fand\u0131\u011f\u0131n\u0131 s\u00f6yledi.<\/p>\n<div id=\"briti-3847176215\" class=\"briti-icerikten-sonra_2\" style=\"margin-top: 25px;margin-bottom: 25px;\"><a href=\"https:\/\/wa.me\/message\/NDZLLIOQT4H3O1\" aria-label=\"bytv reklam banner\"><img loading=\"lazy\" decoding=\"async\" src=\"https:\/\/by-tv.co.uk\/wp-content\/uploads\/2025\/12\/bytv-reklam-banner.jpg\" alt=\"\"  width=\"2376\" height=\"1008\"   \/><\/a><\/div>","protected":false},"excerpt":{"rendered":"<p>\u0130ngiltere&#8217;nin kuzeybat\u0131s\u0131ndaki Southport kasabas\u0131nda, ge\u00e7en hafta \u00fc\u00e7 k\u0131z \u00e7ocu\u011funun b\u0131\u00e7akl\u0131 sald\u0131r\u0131da hayat\u0131n\u0131 kaybetmesinin ard\u0131ndan, a\u015f\u0131r\u0131 sa\u011fc\u0131 gruplar\u0131n ba\u015flatt\u0131\u011f\u0131 \u015fiddet olaylar\u0131na kar\u015f\u0131 tepki b\u00fcy\u00fcyor. Kar\u015f\u0131t gruplar, a\u015f\u0131r\u0131 sa\u011fc\u0131 \u015fiddete kar\u015f\u0131 sokaklara \u00e7\u0131kt\u0131. \u00c7ar\u015famba ak\u015fam\u0131, a\u015f\u0131r\u0131 sa\u011fc\u0131lar\u0131n 30 civar\u0131nda b\u00f6lgede 100&#8217;den fazla eylem planlad\u0131\u011f\u0131 haberleri \u00fczerine, \u0131rk\u00e7\u0131l\u0131k kar\u015f\u0131t\u0131 binlerce ki\u015fi g\u00f6steriler d\u00fczenledi. Londra&#8217;n\u0131n kuzeyi, Bristol ve Newcastle gibi \u015fehirlerde yap\u0131lan kar\u015f\u0131t eylemler, genel anlamda bar\u0131\u015f\u00e7\u0131l ge\u00e7ti. Ancak polis, daha fazla \u015fiddet olay\u0131n\u0131n ya\u015fanabilece\u011fi endi\u015fesiyle 100 noktada \u00f6nlem ald\u0131. D\u00fcn ak\u015fam saatlerinde az say\u0131da tutuklama yap\u0131ld\u0131. A\u015f\u0131r\u0131 Sa\u011fc\u0131 \u015eiddet ve Tutuklamalar A\u015f\u0131r\u0131 sa\u011fc\u0131 \u015fiddet olaylar\u0131nda 400&#8217;den fazla ki\u015fi tutuklanm\u0131\u015f, 140&#8217;tan fazla ki\u015fiye su\u00e7lama [&hellip;]<\/p>\n","protected":false},"author":1,"featured_media":27130,"comment_status":"open","ping_status":"open","sticky":false,"template":"","format":"standard","meta":{"ngg_post_thumbnail":0,"footnotes":""},"categories":[1],"tags":[],"class_list":["post-27126","post","type-post","status-publish","format-standard","has-post-thumbnail","hentry","category-genel"],"_links":{"self":[{"href":"https:\/\/by-tv.co.uk\/en\/wp-json\/wp\/v2\/posts\/27126","targetHints":{"allow":["GET"]}}],"collection":[{"href":"https:\/\/by-tv.co.uk\/en\/wp-json\/wp\/v2\/posts"}],"about":[{"href":"https:\/\/by-tv.co.uk\/en\/wp-json\/wp\/v2\/types\/post"}],"author":[{"embeddable":true,"href":"https:\/\/by-tv.co.uk\/en\/wp-json\/wp\/v2\/users\/1"}],"replies":[{"embeddable":true,"href":"https:\/\/by-tv.co.uk\/en\/wp-json\/wp\/v2\/comments?post=27126"}],"version-history":[{"count":0,"href":"https:\/\/by-tv.co.uk\/en\/wp-json\/wp\/v2\/posts\/27126\/revisions"}],"wp:featuredmedia":[{"embeddable":true,"href":"https:\/\/by-tv.co.uk\/en\/wp-json\/wp\/v2\/media\/27130"}],"wp:attachment":[{"href":"https:\/\/by-tv.co.uk\/en\/wp-json\/wp\/v2\/media?parent=27126"}],"wp:term":[{"taxonomy":"category","embeddable":true,"href":"https:\/\/by-tv.co.uk\/en\/wp-json\/wp\/v2\/categories?post=27126"},{"taxonomy":"post_tag","embeddable":true,"href":"https:\/\/by-tv.co.uk\/en\/wp-json\/wp\/v2\/tags?post=27126"}],"curies":[{"name":"wp","href":"https:\/\/api.w.org\/{rel}","templated":true}]}}