{"id":27082,"date":"2024-08-07T13:00:19","date_gmt":"2024-08-07T12:00:19","guid":{"rendered":"https:\/\/by-tv.co.uk\/?p=27082"},"modified":"2024-08-07T13:00:19","modified_gmt":"2024-08-07T12:00:19","slug":"keir-starmer-ayaklanmalar-karsisinda-toplumun-guvende-olacagini-soyledi","status":"publish","type":"post","link":"https:\/\/by-tv.co.uk\/en\/keir-starmer-ayaklanmalar-karsisinda-toplumun-guvende-olacagini-soyledi\/","title":{"rendered":"Keir Starmer, Ayaklanmalar Kar\u015f\u0131s\u0131nda Toplumun &#8216;G\u00fcvende Olaca\u011f\u0131n\u0131&#8217; S\u00f6yledi"},"content":{"rendered":"<p>\u0130ngiltere\u2019de kasaba ve \u015fehirlerde devam eden olaylar\u0131n ba\u015flamas\u0131ndan bu yana ikinci Cobra acil durum toplant\u0131s\u0131na ba\u015fkanl\u0131k eden ba\u015fbakan Keir Starmer, h\u00fck\u00fcmetin polisin ihtiya\u00e7 duyulan her yere m\u00fcdahale edebilmesini sa\u011flamak i\u00e7in &#8220;elimizden gelen her \u015feyi&#8221; yapt\u0131\u011f\u0131n\u0131 belirtti.<\/p>\n<p>Polis kaynaklar\u0131na g\u00f6re yakla\u015f\u0131k 6,000 asayi\u015f g\u00f6revlisi \u00f6n\u00fcm\u00fczdeki g\u00fcnlerde herhangi bir kar\u0131\u015f\u0131kl\u0131\u011fa m\u00fcdahale etmek \u00fczere seferber edildi.<strong> Southport<\/strong>&#8216;ta \u00fc\u00e7 k\u0131z\u0131n \u00f6ld\u00fcr\u00fclmesinin ard\u0131ndan internette yay\u0131lan ve \u015f\u00fcphelinin s\u0131\u011f\u0131nmac\u0131 oldu\u011fu y\u00f6n\u00fcndeki yanl\u0131\u015f bilgiyle k\u00f6r\u00fcklenen karga\u015fa sonucunda \u015fu ana kadar 400&#8217;den fazla tutuklama yap\u0131ld\u0131.<\/p>\n<p>\u00c7ar\u015famba g\u00fcn\u00fc i\u00e7in planlanan ve polisin haberdar oldu\u011fu en az 30 potansiyel toplant\u0131 oldu\u011fu belirtiliyor, ancak polis durumun &#8220;y\u00f6netilebilir&#8221; oldu\u011funa inan\u0131yor. Polis kaynaklar\u0131, karga\u015fan\u0131n &#8220;en k\u00f6t\u00fcs\u00fcn\u00fc&#8221; atlatmay\u0131 umduklar\u0131n\u0131, ancak durumun t\u0131rmanmas\u0131 halinde m\u00fcdahale etmeye haz\u0131r olduklar\u0131n\u0131 belirtti.<\/p><div id=\"briti-3483072192\" class=\"briti-icerik\" style=\"margin-top: 5px;margin-bottom: 5px;\"><a href=\"https:\/\/piaryum.com\/services\/\" aria-label=\"piaryum banner\"><img loading=\"lazy\" decoding=\"async\" src=\"https:\/\/by-tv.co.uk\/wp-content\/uploads\/2025\/12\/Gemini_Generated_Image_g5yqr1g5yqr1g5yq.jpg\" alt=\"\"  width=\"2064\" height=\"1152\"   \/><\/a><\/div>\n<p>Bu arada, g\u00f6\u00e7menlik avukatlar\u0131, i\u015fyerlerinin sosyal medyada dola\u015fan bir ofis listesinde yer almas\u0131n\u0131n ard\u0131ndan sald\u0131r\u0131ya u\u011framaktan korktuklar\u0131n\u0131 ifade etti. Sal\u0131 ak\u015fam\u0131 bakanlar ve emniyet mensuplar\u0131n\u0131n kat\u0131ld\u0131\u011f\u0131 Cobra toplant\u0131s\u0131n\u0131n ard\u0131ndan <strong>Starmer<\/strong>, huzursuzlu\u011fa kat\u0131lanlar\u0131n &#8220;yasalar\u0131n t\u00fcm g\u00fcc\u00fcn\u00fc hissedecekleri&#8221; mesaj\u0131n\u0131 yineledi. Sal\u0131 g\u00fcn\u00fc mahkemeye \u00e7\u0131kacak olan daha fazla \u015f\u00fcpheli isyanc\u0131yla birlikte, yakla\u015f\u0131k 100 ki\u015fi karga\u015fayla ilgili olarak su\u00e7land\u0131 ve Starmer bu hafta sonuna kadar &#8220;\u00f6nemli cezalar&#8221; bekledi\u011fini belirtti.<\/p>\n<h5><strong>Karga\u015fa S\u0131ras\u0131nda \u0130lk Hapis Cezas\u0131<\/strong><\/h5>\n<p>Sal\u0131 g\u00fcn\u00fc, 18 ya\u015f\u0131ndaki<strong> James Nelson<\/strong>, Bolton, Greater Manchester&#8217;daki karga\u015fa s\u0131ras\u0131nda cezai hasara neden oldu\u011fu gerek\u00e7esiyle iki ay hapis cezas\u0131na \u00e7arpt\u0131r\u0131ld\u0131. Nelson, olaylardaki rol\u00fc nedeniyle hapis cezas\u0131 alan ilk ki\u015fi oldu.<\/p>\n<p>Ba\u015fbakan <strong>Keir Starmer<\/strong>, karga\u015fa tehdidinden endi\u015fe duyan insanlara y\u00f6nelik g\u00fcvence mesaj\u0131nda \u015funlar\u0131 s\u00f6yledi: &#8220;Bir dizi farkl\u0131 yerde ayn\u0131 anda karga\u015fan\u0131n ya\u015fanmas\u0131 zor bir durum, ancak tam da bu nedenle bug\u00fcn ikinci Cobra toplant\u0131m\u0131, m\u00fcdahaleyi koordine etmek ve istedi\u011fim ve ihtiya\u00e7 duydu\u011fum g\u00fcvenceyi almak i\u00e7in yapt\u0131m. Yeterli polisimiz var ve bu karga\u015fayla ba\u015fa \u00e7\u0131kabiliyoruz.&#8221;<\/p>\n<p>\u0130\u00e7i\u015fleri Bakan\u0131<strong> Yvette Cooper<\/strong>, h\u00fck\u00fcmetin polisi fazla mesai yapan memurlar i\u00e7in ek masraflarla destekleyece\u011fi s\u00f6z\u00fcn\u00fc verdi. Daha fazla \u00e7evik kuvvet polisi haz\u0131rda bekletilirken, dedektiflerden olu\u015fan ekipler soru\u015fturma y\u00fcr\u00fct\u00fcyor ve mahalle devriyeleri art\u0131r\u0131l\u0131yor.<\/p>\n<p>\u015eiddet olaylar\u0131n\u0131n faillerini tespit etmek i\u00e7in CCTV, v\u00fccuda tak\u0131lan kamera g\u00f6r\u00fcnt\u00fcleri ve geriye d\u00f6n\u00fck y\u00fcz tan\u0131ma sistemi kullan\u0131l\u0131yor. \u0130stihbarat ekipleri ise tan\u0131nm\u0131\u015f n\u00fcfuz sahibi ki\u015fileri ve organizat\u00f6rleri izliyor.<\/p>\n<p>H\u00fck\u00fcmet, \u015fiddete kat\u0131lanlar\u0131n hapse at\u0131labilmelerini sa\u011flamak i\u00e7in 500&#8217;den fazla yeni hapishane yeri tahsis edecek. Adalet Bakan\u0131 <strong>Heidi Alexander<\/strong>, Rutland&#8217;daki HMP Stocken&#8217;de ilave h\u00fccreler ve Kent&#8217;teki Cookham Wood Gen\u00e7 Su\u00e7lular Kurumunda yeti\u015fkin mahkumlar i\u00e7in yerler dahil olmak \u00fczere 567 ilave cezaevi yerinin yak\u0131nda haz\u0131r olaca\u011f\u0131n\u0131 s\u00f6yledi.<\/p>\n<p>A\u011fustos 2011&#8217;deki ayaklanmalar\u0131n ard\u0131ndan Ekim ay\u0131na kadar 1,984 \u015f\u00fcpheli hakk\u0131nda kovu\u015fturma ba\u015flat\u0131lm\u0131\u015f ve bunlardan 686&#8217;s\u0131 su\u00e7lu bulunmu\u015ftu. <strong>Starmer<\/strong>, devam eden huzursuzluk kar\u015f\u0131s\u0131nda ceza adalet sisteminin &#8220;sa\u011flam ve h\u0131zl\u0131 bir tepki&#8221; vermesini \u00f6vd\u00fc ve bunun &#8220;bu gibi durumlarda bir mesaj g\u00f6ndermek i\u00e7in \u00e7ok \u00f6nemli&#8221; oldu\u011funu s\u00f6yledi.<\/p>\n<div id=\"briti-685835023\" class=\"briti-icerikten-sonra_2\" style=\"margin-top: 25px;margin-bottom: 25px;\"><a href=\"https:\/\/wa.me\/message\/NDZLLIOQT4H3O1\" aria-label=\"bytv reklam banner\"><img loading=\"lazy\" decoding=\"async\" src=\"https:\/\/by-tv.co.uk\/wp-content\/uploads\/2025\/12\/bytv-reklam-banner.jpg\" alt=\"\"  width=\"2376\" height=\"1008\"   \/><\/a><\/div>","protected":false},"excerpt":{"rendered":"<p>\u0130ngiltere\u2019de kasaba ve \u015fehirlerde devam eden olaylar\u0131n ba\u015flamas\u0131ndan bu yana ikinci Cobra acil durum toplant\u0131s\u0131na ba\u015fkanl\u0131k eden ba\u015fbakan Keir Starmer, h\u00fck\u00fcmetin polisin ihtiya\u00e7 duyulan her yere m\u00fcdahale edebilmesini sa\u011flamak i\u00e7in &#8220;elimizden gelen her \u015feyi&#8221; yapt\u0131\u011f\u0131n\u0131 belirtti. Polis kaynaklar\u0131na g\u00f6re yakla\u015f\u0131k 6,000 asayi\u015f g\u00f6revlisi \u00f6n\u00fcm\u00fczdeki g\u00fcnlerde herhangi bir kar\u0131\u015f\u0131kl\u0131\u011fa m\u00fcdahale etmek \u00fczere seferber edildi. Southport&#8216;ta \u00fc\u00e7 k\u0131z\u0131n \u00f6ld\u00fcr\u00fclmesinin ard\u0131ndan internette yay\u0131lan ve \u015f\u00fcphelinin s\u0131\u011f\u0131nmac\u0131 oldu\u011fu y\u00f6n\u00fcndeki yanl\u0131\u015f bilgiyle k\u00f6r\u00fcklenen karga\u015fa sonucunda \u015fu ana kadar 400&#8217;den fazla tutuklama yap\u0131ld\u0131. \u00c7ar\u015famba g\u00fcn\u00fc i\u00e7in planlanan ve polisin haberdar oldu\u011fu en az 30 potansiyel toplant\u0131 oldu\u011fu belirtiliyor, ancak polis durumun &#8220;y\u00f6netilebilir&#8221; oldu\u011funa inan\u0131yor. Polis kaynaklar\u0131, [&hellip;]<\/p>\n","protected":false},"author":11,"featured_media":26282,"comment_status":"open","ping_status":"open","sticky":false,"template":"","format":"standard","meta":{"ngg_post_thumbnail":0,"footnotes":""},"categories":[5269],"tags":[],"class_list":["post-27082","post","type-post","status-publish","format-standard","has-post-thumbnail","hentry","category-birlesik-krallik"],"_links":{"self":[{"href":"https:\/\/by-tv.co.uk\/en\/wp-json\/wp\/v2\/posts\/27082","targetHints":{"allow":["GET"]}}],"collection":[{"href":"https:\/\/by-tv.co.uk\/en\/wp-json\/wp\/v2\/posts"}],"about":[{"href":"https:\/\/by-tv.co.uk\/en\/wp-json\/wp\/v2\/types\/post"}],"author":[{"embeddable":true,"href":"https:\/\/by-tv.co.uk\/en\/wp-json\/wp\/v2\/users\/11"}],"replies":[{"embeddable":true,"href":"https:\/\/by-tv.co.uk\/en\/wp-json\/wp\/v2\/comments?post=27082"}],"version-history":[{"count":0,"href":"https:\/\/by-tv.co.uk\/en\/wp-json\/wp\/v2\/posts\/27082\/revisions"}],"wp:featuredmedia":[{"embeddable":true,"href":"https:\/\/by-tv.co.uk\/en\/wp-json\/wp\/v2\/media\/26282"}],"wp:attachment":[{"href":"https:\/\/by-tv.co.uk\/en\/wp-json\/wp\/v2\/media?parent=27082"}],"wp:term":[{"taxonomy":"category","embeddable":true,"href":"https:\/\/by-tv.co.uk\/en\/wp-json\/wp\/v2\/categories?post=27082"},{"taxonomy":"post_tag","embeddable":true,"href":"https:\/\/by-tv.co.uk\/en\/wp-json\/wp\/v2\/tags?post=27082"}],"curies":[{"name":"wp","href":"https:\/\/api.w.org\/{rel}","templated":true}]}}