{"id":27079,"date":"2024-08-07T13:02:36","date_gmt":"2024-08-07T12:02:36","guid":{"rendered":"https:\/\/by-tv.co.uk\/?p=27079"},"modified":"2024-08-07T13:02:36","modified_gmt":"2024-08-07T12:02:36","slug":"banksyden-londrada-ikinci-eser-chelseade-fil-figurleri","status":"publish","type":"post","link":"https:\/\/by-tv.co.uk\/en\/banksyden-londrada-ikinci-eser-chelseade-fil-figurleri\/","title":{"rendered":"Banksy&#8217;den Londra&#8217;da \u0130kinci Eser: Chelsea&#8217;de Fil Fig\u00fcrleri"},"content":{"rendered":"<p>\u00dcnl\u00fc sokak sanat\u00e7\u0131s\u0131 <strong>Banksy<\/strong>, Chelsea&#8217;de yeni bir eser daha ortaya \u00e7\u0131kard\u0131. Chelsea\u2019deki Edith Terrace&#8217;da bulunan bir evin yan taraf\u0131na \u00e7izilen bu eserde, iki filin kafalar\u0131n\u0131 kapal\u0131 pencerelerden d\u0131\u015far\u0131 \u00e7\u0131kard\u0131klar\u0131 g\u00f6r\u00fcl\u00fcyor.<\/p>\n<blockquote class=\"twitter-tweet\" data-media-max-width=\"560\">\n<p dir=\"ltr\" lang=\"en\">Second Banksy artwork in two days appears in London <a href=\"https:\/\/t.co\/imwAz7ykxV\">https:\/\/t.co\/imwAz7ykxV<\/a><\/p>\n<p>\u2014 BBC News (World) (@BBCWorld) <a href=\"https:\/\/twitter.com\/BBCWorld\/status\/1820909718111490225?ref_src=twsrc%5Etfw\" target=\"_blank\" rel=\"noopener\">August 6, 2024<\/a><\/p><\/blockquote>\n<p><script async=\"\" src=\"https:\/\/platform.twitter.com\/widgets.js\" charset=\"utf-8\"><\/script><\/p>\n<p><strong>Banksy<\/strong>, eserlerini duyurmak i\u00e7in s\u0131k\u00e7a kulland\u0131\u011f\u0131 Instagram hesab\u0131nda, bu duvar sanat\u0131n\u0131n bir foto\u011fraf\u0131n\u0131 payla\u015ft\u0131. Bu payla\u015f\u0131m, sanat\u00e7\u0131n\u0131n Richmond&#8217;daki Kew K\u00f6pr\u00fcs\u00fc yak\u0131nlar\u0131nda bir duvarda ke\u00e7i \u015fablonunu ortaya \u00e7\u0131karmas\u0131ndan bir g\u00fcn sonra geldi. <strong>Richmond<\/strong>&#8216;daki eserinde, bir \u00e7\u0131k\u0131nt\u0131n\u0131n \u00fczerine boyanm\u0131\u015f ke\u00e7i silueti, a\u015fa\u011f\u0131ya d\u00fc\u015fen kayalar ve hayvana do\u011frultulmu\u015f bir CCTV kameras\u0131 bulunuyordu.<\/p>\n<p><strong>Banksy<\/strong>&#8216;nin her iki Instagram payla\u015f\u0131m\u0131nda da herhangi bir a\u00e7\u0131klama yapmamas\u0131, hayranlar\u0131n\u0131n bu eserlerin anlam\u0131 \u00fczerine spek\u00fclasyon yapmas\u0131na yol a\u00e7t\u0131.<\/p><div id=\"briti-405227120\" class=\"briti-icerik\" style=\"margin-top: 5px;margin-bottom: 5px;\"><a href=\"https:\/\/piaryum.com\/services\/\" aria-label=\"piaryum banner\"><img loading=\"lazy\" decoding=\"async\" src=\"https:\/\/by-tv.co.uk\/wp-content\/uploads\/2025\/12\/Gemini_Generated_Image_g5yqr1g5yqr1g5yq.jpg\" alt=\"\"  width=\"2064\" height=\"1152\"   \/><\/a><\/div>\n<div id=\"briti-1757446405\" class=\"briti-icerikten-sonra_2\" style=\"margin-top: 25px;margin-bottom: 25px;\"><a href=\"https:\/\/wa.me\/message\/NDZLLIOQT4H3O1\" aria-label=\"bytv reklam banner\"><img loading=\"lazy\" decoding=\"async\" src=\"https:\/\/by-tv.co.uk\/wp-content\/uploads\/2025\/12\/bytv-reklam-banner.jpg\" alt=\"\"  width=\"2376\" height=\"1008\"   \/><\/a><\/div>","protected":false},"excerpt":{"rendered":"<p>\u00dcnl\u00fc sokak sanat\u00e7\u0131s\u0131 Banksy, Chelsea&#8217;de yeni bir eser daha ortaya \u00e7\u0131kard\u0131. Chelsea\u2019deki Edith Terrace&#8217;da bulunan bir evin yan taraf\u0131na \u00e7izilen bu eserde, iki filin kafalar\u0131n\u0131 kapal\u0131 pencerelerden d\u0131\u015far\u0131 \u00e7\u0131kard\u0131klar\u0131 g\u00f6r\u00fcl\u00fcyor. Second Banksy artwork in two days appears in London https:\/\/t.co\/imwAz7ykxV \u2014 BBC News (World) (@BBCWorld) August 6, 2024 Banksy, eserlerini duyurmak i\u00e7in s\u0131k\u00e7a kulland\u0131\u011f\u0131 Instagram hesab\u0131nda, bu duvar sanat\u0131n\u0131n bir foto\u011fraf\u0131n\u0131 payla\u015ft\u0131. Bu payla\u015f\u0131m, sanat\u00e7\u0131n\u0131n Richmond&#8217;daki Kew K\u00f6pr\u00fcs\u00fc yak\u0131nlar\u0131nda bir duvarda ke\u00e7i \u015fablonunu ortaya \u00e7\u0131karmas\u0131ndan bir g\u00fcn sonra geldi. Richmond&#8216;daki eserinde, bir \u00e7\u0131k\u0131nt\u0131n\u0131n \u00fczerine boyanm\u0131\u015f ke\u00e7i silueti, a\u015fa\u011f\u0131ya d\u00fc\u015fen kayalar ve hayvana do\u011frultulmu\u015f bir CCTV kameras\u0131 bulunuyordu. Banksy&#8216;nin her iki [&hellip;]<\/p>\n","protected":false},"author":11,"featured_media":26565,"comment_status":"open","ping_status":"open","sticky":false,"template":"","format":"standard","meta":{"ngg_post_thumbnail":0,"footnotes":""},"categories":[5269],"tags":[],"class_list":["post-27079","post","type-post","status-publish","format-standard","has-post-thumbnail","hentry","category-birlesik-krallik"],"_links":{"self":[{"href":"https:\/\/by-tv.co.uk\/en\/wp-json\/wp\/v2\/posts\/27079","targetHints":{"allow":["GET"]}}],"collection":[{"href":"https:\/\/by-tv.co.uk\/en\/wp-json\/wp\/v2\/posts"}],"about":[{"href":"https:\/\/by-tv.co.uk\/en\/wp-json\/wp\/v2\/types\/post"}],"author":[{"embeddable":true,"href":"https:\/\/by-tv.co.uk\/en\/wp-json\/wp\/v2\/users\/11"}],"replies":[{"embeddable":true,"href":"https:\/\/by-tv.co.uk\/en\/wp-json\/wp\/v2\/comments?post=27079"}],"version-history":[{"count":0,"href":"https:\/\/by-tv.co.uk\/en\/wp-json\/wp\/v2\/posts\/27079\/revisions"}],"wp:featuredmedia":[{"embeddable":true,"href":"https:\/\/by-tv.co.uk\/en\/wp-json\/wp\/v2\/media\/26565"}],"wp:attachment":[{"href":"https:\/\/by-tv.co.uk\/en\/wp-json\/wp\/v2\/media?parent=27079"}],"wp:term":[{"taxonomy":"category","embeddable":true,"href":"https:\/\/by-tv.co.uk\/en\/wp-json\/wp\/v2\/categories?post=27079"},{"taxonomy":"post_tag","embeddable":true,"href":"https:\/\/by-tv.co.uk\/en\/wp-json\/wp\/v2\/tags?post=27079"}],"curies":[{"name":"wp","href":"https:\/\/api.w.org\/{rel}","templated":true}]}}