{"id":27076,"date":"2024-08-07T00:31:23","date_gmt":"2024-08-06T23:31:23","guid":{"rendered":"https:\/\/by-tv.co.uk\/?p=27076"},"modified":"2024-08-07T00:31:23","modified_gmt":"2024-08-06T23:31:23","slug":"elon-muskin-ic-savas-kacinilmaz-yorumuna-tepkiler-suruyor","status":"publish","type":"post","link":"https:\/\/by-tv.co.uk\/en\/elon-muskin-ic-savas-kacinilmaz-yorumuna-tepkiler-suruyor\/","title":{"rendered":"Elon Musk&#8217;\u0131n, &#8220;i\u00e7 sava\u015f ka\u00e7\u0131n\u0131lmaz&#8221; yorumuna tepkiler s\u00fcr\u00fcyor"},"content":{"rendered":"<p>Elon Musk, <strong>&#8220;i\u00e7 sava\u015f ka\u00e7\u0131n\u0131lmaz&#8221;<\/strong> yorumuna gelen tepkiler \u00fczerine \u0130ngiltere h\u00fck\u00fcmetini hedef almay\u0131 s\u00fcrd\u00fcrd\u00fc<\/p>\n<p>\u0130ngiltere Ba\u015fbakan\u0131 Keir Starmer ve h\u00fck\u00fcmet yetkililerinin, a\u015f\u0131r\u0131 sa\u011fc\u0131 \u015fiddet olaylar\u0131 sonras\u0131 Elon Musk&#8217;\u0131n sosyal medya hesab\u0131nda yapt\u0131\u011f\u0131 &#8220;\u0130\u00e7 sava\u015f ka\u00e7\u0131n\u0131lmaz&#8221; yorumuna y\u00f6nelik tepkilerinin ard\u0131ndan, Tesla&#8217;n\u0131n sahibi ele\u015ftirilerini s\u00fcrd\u00fcrd\u00fc. \u0130ngiltere h\u00fck\u00fcmetinin sosyal medya platformlar\u0131n\u0131n dezenformasyonu k\u00f6r\u00fckledi\u011fi y\u00f6n\u00fcndeki a\u00e7\u0131klamalar\u0131n\u0131n ard\u0131ndan Musk, X hesab\u0131ndan h\u00fck\u00fcmetin g\u00f6\u00e7men politikas\u0131n\u0131 ele\u015ftiren payla\u015f\u0131mlar yapt\u0131.<\/p>\n<p>Musk, bir ki\u015finin sosyal medyada &#8220;sald\u0131rgan&#8221; yorumlar\u0131 gerek\u00e7e g\u00f6sterilerek polis taraf\u0131ndan g\u00f6zalt\u0131na al\u0131nd\u0131\u011f\u0131 anlar\u0131n videosuna &#8220;Buras\u0131 \u0130ngiltere mi, Sovyetler Birli\u011fi mi?&#8221; yorumunu yapt\u0131. Tecav\u00fczc\u00fclere hafif cezalar verildi\u011fini ve g\u00f6\u00e7men kar\u015f\u0131t\u0131 payla\u015f\u0131mlar yapanlar\u0131n a\u011f\u0131r cezalar ald\u0131\u011f\u0131n\u0131 iddia eden bir payla\u015f\u0131ma \u00f6nce &#8220;Bu do\u011fru mu?&#8221; sonra da &#8220;Burada neler oluyor?&#8221; diye tepki g\u00f6sterdi.<\/p><div id=\"briti-2107819323\" class=\"briti-icerik\" style=\"margin-top: 5px;margin-bottom: 5px;\"><a href=\"https:\/\/piaryum.com\/services\/\" aria-label=\"piaryum banner\"><img loading=\"lazy\" decoding=\"async\" src=\"https:\/\/by-tv.co.uk\/wp-content\/uploads\/2025\/12\/Gemini_Generated_Image_g5yqr1g5yqr1g5yq.jpg\" alt=\"\"  width=\"2064\" height=\"1152\"   \/><\/a><\/div>\n<p>Bir payla\u015f\u0131mda &#8220;\u0130ngiltere&#8217;de t\u00fcm toplumlar e\u015fit \u015fekilde korunmuyor&#8221; ifadesine yer veren Musk, 2030&#8217;da Facebook&#8217;ta ho\u015funa gitmeyen bir yorum yapan ki\u015finin elektrikli sandalyeye oturtuldu\u011fu bir &#8220;Family Guy&#8221; sahnesini payla\u015farak \u0130ngiltere&#8217;yi ele\u015ftirdi. &#8220;\u0130ngiltere&#8217;nin Sovyetler Birli\u011fi&#8217;ne d\u00f6nd\u00fc\u011f\u00fc&#8221; yorumuna &#8220;Kesinlikle&#8221; yan\u0131t\u0131n\u0131 verdi ve X platformunun \u0130ngiltere&#8217;deki en \u00e7ok kullan\u0131lan haber kayna\u011f\u0131 oldu\u011funu vurgulad\u0131.<\/p>\n<p>Katar&#8217;daki Northwestern \u00dcniversitesi&#8217;nden Do\u00e7. Dr. Marc Owen Jones, Musk&#8217;\u0131n &#8220;\u0130\u00e7 sava\u015f ka\u00e7\u0131n\u0131lmaz&#8221; yorumunun, etkile\u015fimi y\u00fczde 540 art\u0131rd\u0131\u011f\u0131n\u0131 belirtti. Jones, Musk&#8217;\u0131n yan\u0131tlar\u0131n\u0131n dezenformasyon ve nefret s\u00f6ylemine destek verdi\u011fini s\u00f6yledi. \u0130ngiltere Adalet Bakan Yard\u0131mc\u0131s\u0131 Heidi Alexander, Musk&#8217;\u0131n yorumlar\u0131n\u0131 &#8220;tamamen haks\u0131z&#8221; ve &#8220;olduk\u00e7a i\u00e7ler ac\u0131s\u0131&#8221; olarak nitelendirdi.<\/p>\n<p>Tesla, SpaceX ve X&#8217;in sahibi olan Musk, \u0130ngiltere&#8217;deki a\u015f\u0131r\u0131 sa\u011fc\u0131 \u015fiddet olaylar\u0131na ili\u015fkin g\u00f6r\u00fcnt\u00fcler ve Ba\u015fbakan Starmer&#8217;\u0131n a\u00e7\u0131klamalar\u0131na y\u00f6nelik yorumlar\u0131yla tepki \u00e7ekti.<\/p>\n<h4>\u0130ngiltere Ba\u015fbakan\u0131 Starmer: \u015eiddet olaylar\u0131 internet ortam\u0131nda k\u00f6r\u00fckleniyor<\/h4>\n<p>\u0130ngiltere Ba\u015fbakan\u0131 Keir Starmer, \u00fclkesindeki a\u015f\u0131r\u0131 sa\u011fc\u0131 \u015fiddet olaylar\u0131 hakk\u0131nda sosyal medya \u015firketlerini uyard\u0131. Starmer<strong>, &#8220;\u015eiddet olaylar\u0131 internet ortam\u0131nda k\u00f6r\u00fckleniyor. Bu bir su\u00e7 ve sizin platformlar\u0131n\u0131zda yap\u0131l\u0131yor. Hukuk her yerde ge\u00e7erli olmal\u0131<\/strong>&#8221; dedi.<\/p>\n<p>Hafta ba\u015f\u0131nda ya\u015fanan olaylar<\/p>\n<p>Hafta ba\u015f\u0131nda Southport&#8217;ta 3 \u00e7ocu\u011fun \u00f6ld\u00fc\u011f\u00fc b\u0131\u00e7akl\u0131 sald\u0131r\u0131n\u0131n ard\u0131ndan a\u015f\u0131r\u0131 sa\u011fc\u0131lar\u0131n \u015fiddet eylemlerine ba\u015flad\u0131\u011f\u0131n\u0131 hat\u0131rlatan Starmer, &#8220;Southport iki kere ac\u0131y\u0131 ya\u015fad\u0131&#8221; dedi. A\u015f\u0131r\u0131 sa\u011fc\u0131lar\u0131n camilere sald\u0131rd\u0131\u011f\u0131n\u0131 ve Nazi selam\u0131 verdi\u011fini belirten Starmer, &#8220;Korku ve nefreti yaymaya \u00e7al\u0131\u015fanlara m\u00fcsaade etmeyece\u011fiz&#8221; diye konu\u015ftu.<\/p>\n<p>A\u015f\u0131r\u0131 sa\u011fc\u0131larla m\u00fccadele<\/p>\n<p>\u00dcst d\u00fczey polis yetkilileri ve adli mercilerle yapt\u0131\u011f\u0131 toplant\u0131 sonras\u0131, \u015fiddet olaylar\u0131na kar\u015f\u0131 poliste yeni d\u00fczenlemelere gideceklerini a\u00e7\u0131klayan Starmer, sosyal medya \u015firketlerine de seslendi: &#8220;\u015eiddet olaylar\u0131 internet ortam\u0131nda k\u00f6r\u00fckleniyor. Bu bir su\u00e7tur ve sizin platformlar\u0131n\u0131zda yap\u0131l\u0131yor. Hukuk her yerde ge\u00e7erli olmal\u0131d\u0131r.&#8221;<\/p>\n<h4>Dezenformasyonla m\u00fccadele<\/h4>\n<p>Toplant\u0131n\u0131n soru cevap b\u00f6l\u00fcm\u00fcnde, M\u00fcsl\u00fcman toplumunun g\u00fcvende hissetmedi\u011fi yorumlar\u0131 hakk\u0131nda Starmer, <strong>&#8220;Sizi g\u00fcvende tutmak i\u00e7in gereken her ad\u0131m\u0131 ataca\u011f\u0131m. A\u015f\u0131r\u0131 sa\u011fc\u0131lar kim oldu\u011funu g\u00f6sterdi, biz de kim oldu\u011fumuzu g\u00f6sterece\u011fiz&#8221; dedi. Sosyal medyada yay\u0131lan dezenformasyonla ilgili olarak, &#8220;\u0130nternette \u015fiddeti \u00f6vmek su\u00e7tur, ifade \u00f6zg\u00fcrl\u00fc\u011f\u00fc de\u011fildir&#8221;<\/strong> diye konu\u015ftu.<\/p>\n<h4>A\u015f\u0131r\u0131 sa\u011fc\u0131 sokak olaylar\u0131<\/h4>\n<p>Olaylar, Southport&#8217;ta 3 \u00e7ocu\u011fun \u00f6ld\u00fcr\u00fcld\u00fc\u011f\u00fc b\u0131\u00e7akl\u0131 sald\u0131r\u0131n\u0131n ard\u0131ndan artt\u0131. A\u015f\u0131r\u0131 sa\u011fc\u0131 \u0130ngiliz Savunma Ligi&#8217;nin d\u00fczenledi\u011fi eylemler, sosyal medyada \u015f\u00fcphelinin M\u00fcsl\u00fcman bir s\u0131\u011f\u0131nmac\u0131 oldu\u011funa dair iddialar\u0131n yay\u0131lmas\u0131yla \u015fiddetlendi. Polis, \u015f\u00fcphelinin Cardiff do\u011fumlu 17 ya\u015f\u0131nda bir erkek oldu\u011funu a\u00e7\u0131klasa da, a\u015f\u0131r\u0131 sa\u011fc\u0131lar protestolar\u0131n\u0131 s\u00fcrd\u00fcrd\u00fc.<\/p>\n<p>&nbsp;<\/p>\n<div id=\"briti-2633169644\" class=\"briti-icerikten-sonra_2\" style=\"margin-top: 25px;margin-bottom: 25px;\"><a href=\"https:\/\/wa.me\/message\/NDZLLIOQT4H3O1\" aria-label=\"bytv reklam banner\"><img loading=\"lazy\" decoding=\"async\" src=\"https:\/\/by-tv.co.uk\/wp-content\/uploads\/2025\/12\/bytv-reklam-banner.jpg\" alt=\"\"  width=\"2376\" height=\"1008\"   \/><\/a><\/div>","protected":false},"excerpt":{"rendered":"<p>Elon Musk, &#8220;i\u00e7 sava\u015f ka\u00e7\u0131n\u0131lmaz&#8221; yorumuna gelen tepkiler \u00fczerine \u0130ngiltere h\u00fck\u00fcmetini hedef almay\u0131 s\u00fcrd\u00fcrd\u00fc \u0130ngiltere Ba\u015fbakan\u0131 Keir Starmer ve h\u00fck\u00fcmet yetkililerinin, a\u015f\u0131r\u0131 sa\u011fc\u0131 \u015fiddet olaylar\u0131 sonras\u0131 Elon Musk&#8217;\u0131n sosyal medya hesab\u0131nda yapt\u0131\u011f\u0131 &#8220;\u0130\u00e7 sava\u015f ka\u00e7\u0131n\u0131lmaz&#8221; yorumuna y\u00f6nelik tepkilerinin ard\u0131ndan, Tesla&#8217;n\u0131n sahibi ele\u015ftirilerini s\u00fcrd\u00fcrd\u00fc. \u0130ngiltere h\u00fck\u00fcmetinin sosyal medya platformlar\u0131n\u0131n dezenformasyonu k\u00f6r\u00fckledi\u011fi y\u00f6n\u00fcndeki a\u00e7\u0131klamalar\u0131n\u0131n ard\u0131ndan Musk, X hesab\u0131ndan h\u00fck\u00fcmetin g\u00f6\u00e7men politikas\u0131n\u0131 ele\u015ftiren payla\u015f\u0131mlar yapt\u0131. Musk, bir ki\u015finin sosyal medyada &#8220;sald\u0131rgan&#8221; yorumlar\u0131 gerek\u00e7e g\u00f6sterilerek polis taraf\u0131ndan g\u00f6zalt\u0131na al\u0131nd\u0131\u011f\u0131 anlar\u0131n videosuna &#8220;Buras\u0131 \u0130ngiltere mi, Sovyetler Birli\u011fi mi?&#8221; yorumunu yapt\u0131. Tecav\u00fczc\u00fclere hafif cezalar verildi\u011fini ve g\u00f6\u00e7men kar\u015f\u0131t\u0131 payla\u015f\u0131mlar yapanlar\u0131n a\u011f\u0131r cezalar ald\u0131\u011f\u0131n\u0131 iddia eden bir [&hellip;]<\/p>\n","protected":false},"author":1,"featured_media":27077,"comment_status":"open","ping_status":"open","sticky":false,"template":"","format":"standard","meta":{"ngg_post_thumbnail":0,"footnotes":""},"categories":[15],"tags":[],"class_list":["post-27076","post","type-post","status-publish","format-standard","has-post-thumbnail","hentry","category-ingiltere"],"_links":{"self":[{"href":"https:\/\/by-tv.co.uk\/en\/wp-json\/wp\/v2\/posts\/27076","targetHints":{"allow":["GET"]}}],"collection":[{"href":"https:\/\/by-tv.co.uk\/en\/wp-json\/wp\/v2\/posts"}],"about":[{"href":"https:\/\/by-tv.co.uk\/en\/wp-json\/wp\/v2\/types\/post"}],"author":[{"embeddable":true,"href":"https:\/\/by-tv.co.uk\/en\/wp-json\/wp\/v2\/users\/1"}],"replies":[{"embeddable":true,"href":"https:\/\/by-tv.co.uk\/en\/wp-json\/wp\/v2\/comments?post=27076"}],"version-history":[{"count":0,"href":"https:\/\/by-tv.co.uk\/en\/wp-json\/wp\/v2\/posts\/27076\/revisions"}],"wp:featuredmedia":[{"embeddable":true,"href":"https:\/\/by-tv.co.uk\/en\/wp-json\/wp\/v2\/media\/27077"}],"wp:attachment":[{"href":"https:\/\/by-tv.co.uk\/en\/wp-json\/wp\/v2\/media?parent=27076"}],"wp:term":[{"taxonomy":"category","embeddable":true,"href":"https:\/\/by-tv.co.uk\/en\/wp-json\/wp\/v2\/categories?post=27076"},{"taxonomy":"post_tag","embeddable":true,"href":"https:\/\/by-tv.co.uk\/en\/wp-json\/wp\/v2\/tags?post=27076"}],"curies":[{"name":"wp","href":"https:\/\/api.w.org\/{rel}","templated":true}]}}