{"id":25038,"date":"2024-05-10T09:03:44","date_gmt":"2024-05-10T08:03:44","guid":{"rendered":"https:\/\/by-tv.co.uk\/?p=25038"},"modified":"2024-05-10T09:03:44","modified_gmt":"2024-05-10T08:03:44","slug":"resmi-rakamlara-gore-ingiltere-artik-resesyonda-degil","status":"publish","type":"post","link":"https:\/\/by-tv.co.uk\/en\/resmi-rakamlara-gore-ingiltere-artik-resesyonda-degil\/","title":{"rendered":"Resmi rakamlara g\u00f6re \u0130ngiltere art\u0131k resesyonda de\u011fil"},"content":{"rendered":"<p>Resmi rakamlara g\u00f6re \u0130ngiltere ekonomisi art\u0131k resesyonda de\u011fil.<\/p>\n<p><strong>Ulusal \u0130statistik Ofisi<\/strong> (ONS), gayrisafi yurti\u00e7i has\u0131lan\u0131n (GSYH) Ocak ve Mart aylar\u0131 aras\u0131nda beklenenden daha iyi bir oranda %0,6 b\u00fcy\u00fcd\u00fc\u011f\u00fcn\u00fc a\u00e7\u0131klad\u0131.<\/p>\n<p>Ekonomistler bu rakam\u0131n %0.4 olaca\u011f\u0131n\u0131 tahmin ediyordu.<\/p><div id=\"briti-1123576888\" class=\"briti-icerik\" style=\"margin-top: 5px;margin-bottom: 5px;\"><a href=\"https:\/\/piaryum.com\/services\/\" aria-label=\"piaryum banner\"><img loading=\"lazy\" decoding=\"async\" src=\"https:\/\/by-tv.co.uk\/wp-content\/uploads\/2025\/12\/Gemini_Generated_Image_g5yqr1g5yqr1g5yq.jpg\" alt=\"\"  width=\"2064\" height=\"1152\"   \/><\/a><\/div>\n<p>Sky News\u2019in haberine g\u00f6re; Ba\u015fbakan Rishi Sunak bunun ekonominin \u201ck\u00f6\u015feyi d\u00f6nd\u00fc\u011f\u00fcn\u00fc\u201d g\u00f6sterdi\u011fini s\u00f6yledi ve ekledi: \u201cBir\u00e7ok insan i\u00e7in i\u015flerin hala zor oldu\u011funu biliyoruz, ancak plan i\u015fe yar\u0131yor ve buna sad\u0131k kalmal\u0131y\u0131z.\u201d<\/p>\n<p>Ekonominin darald\u0131\u011f\u0131 arka arkaya iki \u00fc\u00e7 ayl\u0131k d\u00f6nem olarak tan\u0131mlanan resesyon \u015eubat ay\u0131nda ilan edilmi\u015fti.<\/p>\n<p>ONS&#8217;nin ekonomik b\u00fcy\u00fcmenin \u00f6nemli bir \u00f6l\u00e7\u00fct\u00fc olan GSYH&#8217;nin Ekim ve Aral\u0131k aylar\u0131 aras\u0131nda %0.3 k\u00fc\u00e7\u00fcld\u00fc\u011f\u00fcn\u00fc a\u00e7\u0131klamas\u0131n\u0131n ard\u0131ndan geldi. Bu daralma Temmuz-Eyl\u00fcl aras\u0131ndaki \u00fc\u00e7 ayl\u0131k d\u00f6nemde %0.1 olarak ger\u00e7ekle\u015fti.<\/p>\n<p>D\u00fc\u015f\u00fc\u015ften, y\u00fcksek enflasyon ve enerji faturalar\u0131 nedeniyle t\u00fcketicilerin harcama g\u00fcc\u00fcn\u00fcn azalmas\u0131 sorumlu tutuldu.<\/p>\n<p>Son rakamlar Mart ay\u0131 i\u00e7in beklenenden daha iyi bir b\u00fcy\u00fcme oldu\u011funu da ortaya koydu. GSYH ay boyunca %0,4 artarak ekonomistlerin %0,1&#8217;lik tahmininin \u00fczerinde ger\u00e7ekle\u015fti.<\/p>\n<p>\u015eubat ay\u0131 GSYH b\u00fcy\u00fcme rakamlar\u0131 da ONS taraf\u0131ndan %0.1&#8217;den %0.2&#8217;ye revize edildi.<\/p>\n<p>Maliye Bakan\u0131 Jeremy Hunt \u201cBu y\u0131l b\u00fcy\u00fcyoruz ve \u00f6n\u00fcm\u00fczdeki alt\u0131 y\u0131l boyunca Avrupa&#8217;daki G7 \u00fclkeleri aras\u0131nda en iyi g\u00f6r\u00fcn\u00fcme sahibiz; maa\u015flar enflasyondan daha h\u0131zl\u0131 art\u0131yor, enerji fiyatlar\u0131 d\u00fc\u015f\u00fcyor ve ortalama bir i\u015f\u00e7inin banka hesaplar\u0131na 900 pound de\u011ferinde vergi indirimi geliyor.\u201d ifadelerini kulland\u0131.<\/p>\n<p>Ancak muhalefet partileri kutlama i\u00e7in \u00e7ok az neden oldu\u011funu s\u00f6yledi.<\/p>\n<p>\u0130\u015f\u00e7i Partisi&#8217;nin g\u00f6lge Ba\u015fbakan\u0131 Rachel Reeves \u015funlar\u0131 s\u00f6yledi: \u201cEkonomi hala Rishi Sunak&#8217;\u0131n Ba\u015fbakan se\u00e7ildi\u011fi d\u00f6neme k\u0131yasla ki\u015fi ba\u015f\u0131na 300 pound daha k\u00fc\u00e7\u00fck.\u201d<\/p>\n<p>Liberal Demokratlar Hazine S\u00f6zc\u00fcs\u00fc Sarah Olney MP \u015funlar\u0131 s\u00f6yledi: \u201cBu Muhafazak\u00e2r H\u00fck\u00fcmet ekonomiyi \u00e7\u00f6kertti ve konut kredilerinin artmas\u0131na neden oldu.<\/p>\n<div id=\"briti-4108841723\" class=\"briti-icerikten-sonra_2\" style=\"margin-top: 25px;margin-bottom: 25px;\"><a href=\"https:\/\/wa.me\/message\/NDZLLIOQT4H3O1\" aria-label=\"bytv reklam banner\"><img loading=\"lazy\" decoding=\"async\" src=\"https:\/\/by-tv.co.uk\/wp-content\/uploads\/2025\/12\/bytv-reklam-banner.jpg\" alt=\"\"  width=\"2376\" height=\"1008\"   \/><\/a><\/div>","protected":false},"excerpt":{"rendered":"<p>Resmi rakamlara g\u00f6re \u0130ngiltere ekonomisi art\u0131k resesyonda de\u011fil. Ulusal \u0130statistik Ofisi (ONS), gayrisafi yurti\u00e7i has\u0131lan\u0131n (GSYH) Ocak ve Mart aylar\u0131 aras\u0131nda beklenenden daha iyi bir oranda %0,6 b\u00fcy\u00fcd\u00fc\u011f\u00fcn\u00fc a\u00e7\u0131klad\u0131. Ekonomistler bu rakam\u0131n %0.4 olaca\u011f\u0131n\u0131 tahmin ediyordu. Sky News\u2019in haberine g\u00f6re; Ba\u015fbakan Rishi Sunak bunun ekonominin \u201ck\u00f6\u015feyi d\u00f6nd\u00fc\u011f\u00fcn\u00fc\u201d g\u00f6sterdi\u011fini s\u00f6yledi ve ekledi: \u201cBir\u00e7ok insan i\u00e7in i\u015flerin hala zor oldu\u011funu biliyoruz, ancak plan i\u015fe yar\u0131yor ve buna sad\u0131k kalmal\u0131y\u0131z.\u201d Ekonominin darald\u0131\u011f\u0131 arka arkaya iki \u00fc\u00e7 ayl\u0131k d\u00f6nem olarak tan\u0131mlanan resesyon \u015eubat ay\u0131nda ilan edilmi\u015fti. ONS&#8217;nin ekonomik b\u00fcy\u00fcmenin \u00f6nemli bir \u00f6l\u00e7\u00fct\u00fc olan GSYH&#8217;nin Ekim ve Aral\u0131k aylar\u0131 aras\u0131nda %0.3 k\u00fc\u00e7\u00fcld\u00fc\u011f\u00fcn\u00fc a\u00e7\u0131klamas\u0131n\u0131n ard\u0131ndan geldi. [&hellip;]<\/p>\n","protected":false},"author":1,"featured_media":25039,"comment_status":"open","ping_status":"open","sticky":false,"template":"","format":"standard","meta":{"ngg_post_thumbnail":0,"footnotes":""},"categories":[15],"tags":[],"class_list":["post-25038","post","type-post","status-publish","format-standard","has-post-thumbnail","hentry","category-ingiltere"],"_links":{"self":[{"href":"https:\/\/by-tv.co.uk\/en\/wp-json\/wp\/v2\/posts\/25038","targetHints":{"allow":["GET"]}}],"collection":[{"href":"https:\/\/by-tv.co.uk\/en\/wp-json\/wp\/v2\/posts"}],"about":[{"href":"https:\/\/by-tv.co.uk\/en\/wp-json\/wp\/v2\/types\/post"}],"author":[{"embeddable":true,"href":"https:\/\/by-tv.co.uk\/en\/wp-json\/wp\/v2\/users\/1"}],"replies":[{"embeddable":true,"href":"https:\/\/by-tv.co.uk\/en\/wp-json\/wp\/v2\/comments?post=25038"}],"version-history":[{"count":0,"href":"https:\/\/by-tv.co.uk\/en\/wp-json\/wp\/v2\/posts\/25038\/revisions"}],"wp:featuredmedia":[{"embeddable":true,"href":"https:\/\/by-tv.co.uk\/en\/wp-json\/wp\/v2\/media\/25039"}],"wp:attachment":[{"href":"https:\/\/by-tv.co.uk\/en\/wp-json\/wp\/v2\/media?parent=25038"}],"wp:term":[{"taxonomy":"category","embeddable":true,"href":"https:\/\/by-tv.co.uk\/en\/wp-json\/wp\/v2\/categories?post=25038"},{"taxonomy":"post_tag","embeddable":true,"href":"https:\/\/by-tv.co.uk\/en\/wp-json\/wp\/v2\/tags?post=25038"}],"curies":[{"name":"wp","href":"https:\/\/api.w.org\/{rel}","templated":true}]}}