{"id":25035,"date":"2024-05-10T00:14:46","date_gmt":"2024-05-09T23:14:46","guid":{"rendered":"https:\/\/by-tv.co.uk\/?p=25035"},"modified":"2024-05-10T00:14:46","modified_gmt":"2024-05-09T23:14:46","slug":"gcse-ogrencilerinin-formul-ve-denklem-dersleri-alacagi-son-yil","status":"publish","type":"post","link":"https:\/\/by-tv.co.uk\/en\/gcse-ogrencilerinin-formul-ve-denklem-dersleri-alacagi-son-yil\/","title":{"rendered":"GCSE \u00f6\u011frencilerinin form\u00fcl ve denklem dersleri alaca\u011f\u0131 son y\u0131l"},"content":{"rendered":"<p>Bu, GCSE \u00f6\u011frencilerinin form\u00fcl ve denklem dersleri alaca\u011f\u0131 son y\u0131l.<\/p>\n<p>GCSE s\u0131navlar\u0131n\u0131n \u00e7oktan ba\u015flad\u0131\u011f\u0131 Galler ya da Kuzey \u0130rlanda&#8217;daki \u00f6\u011frenciler ekstra yard\u0131m almayacak.<\/p>\n<p>GCSE 11. s\u0131n\u0131f \u00f6\u011frencilerinden olu\u015fan bu grup, orta\u00f6\u011fretimlerinin her y\u0131l\u0131n\u0131 pandeminin ortas\u0131nda ya da sonras\u0131nda ge\u00e7irdi.<\/p><div id=\"briti-2399681235\" class=\"briti-icerik\" style=\"margin-top: 5px;margin-bottom: 5px;\"><a href=\"https:\/\/piaryum.com\/services\/\" aria-label=\"piaryum banner\"><img loading=\"lazy\" decoding=\"async\" src=\"https:\/\/by-tv.co.uk\/wp-content\/uploads\/2025\/12\/Gemini_Generated_Image_g5yqr1g5yqr1g5yq.jpg\" alt=\"\"  width=\"2064\" height=\"1152\"   \/><\/a><\/div>\n<p>Sanat ya da dil konu\u015fma de\u011ferlendirmeleri gibi \u00f6dev i\u00e7ermeyen baz\u0131 s\u0131navlar halihaz\u0131rda yap\u0131l\u0131yor.<\/p>\n<p><strong>\u0130ngiltere&#8217;de y\u00fcz binlerce \u00f6\u011frenci i\u00e7in BTec s\u0131navlar\u0131 ba\u015flad\u0131.<\/strong><\/p>\n<p>Covid&#8217;den bu yana s\u0131navlar kademeli olarak pandemi \u00f6ncesi d\u00fczenlemelere geri d\u00f6n\u00fcyor.<\/p>\n<p>BBC\u2019nin haberine g\u00f6re; \u00f6\u011frencilere 2022&#8217;de di\u011fer yard\u0131mlar\u0131n yan\u0131 s\u0131ra konular hakk\u0131nda \u00f6nceden bilgi verildi. Bu uygulama ge\u00e7en y\u0131l \u0130ngiltere&#8217;de, bu y\u0131l ise Galler ve Kuzey \u0130rlanda&#8217;da durduruldu.<\/p>\n<p>Notland\u0131rma da, s\u0131navlar\u0131n iptal edildi\u011fi ve sonu\u00e7lar\u0131n \u00f6\u011fretmenlerin de\u011ferlendirmelerine dayand\u0131\u011f\u0131 2020 ve 2021 y\u0131llar\u0131nda en y\u00fcksek notlar\u0131n y\u00fckselmesinin ard\u0131ndan normale d\u00f6n\u00fcyor.<\/p>\n<p><strong>\u0130ngiltere&#8217;de notlar ge\u00e7en y\u0131l Covid \u00f6ncesi seviyelere geri getirildi.<\/strong><\/p>\n<p>Galler ve Kuzey \u0130rlanda&#8217;daki s\u0131nav kurullar\u0131 da bu y\u0131l ayn\u0131 \u015feyi yapacak, bu da \u0130ngiltere genelinde sonu\u00e7lar\u0131n ge\u00e7en y\u0131l biraz daha y\u00fcksek olan 2019&#8217;a daha benzer olmas\u0131 gerekti\u011fi anlam\u0131na geliyor.<\/p>\n<p>Galler&#8217;de, notlar\u0131n 2019 seviyelerinin \u201c\u00f6nemli \u00f6l\u00e7\u00fcde\u201d alt\u0131na d\u00fc\u015fmemesini sa\u011flamak i\u00e7in hala baz\u0131 korumalar mevcut olacak.<\/p>\n<p><strong>\u0130sko\u00e7ya&#8217;da Ulusal 5, Y\u00fcksek ve \u0130leri Y\u00fcksek s\u0131navlar\u0131 \u00e7oktan ba\u015flad\u0131.<\/strong><\/p>\n<p>E\u011fitim Bakan\u0131 Gillian Keegan ge\u00e7en y\u0131l \u0130ngiltere&#8217;deki \u00f6\u011frencilerin bu y\u0131l matematik, fizik ve birle\u015fik fen bilimlerinde son kez form\u00fcl ve denklem derslerini alaca\u011f\u0131n\u0131 ve 2025&#8217;te normal s\u0131nav d\u00fczenlemelerine ge\u00e7ilece\u011fini duyurdu.<\/p>\n<p>\u201c\u00d6n\u00fcm\u00fczdeki y\u0131l GCSE&#8217;lere girecek olan gen\u00e7ler, ortaokul s\u0131ras\u0131nda iki y\u0131ll\u0131k karantinay\u0131 ya\u015fayan son gen\u00e7ler olacak, bunu baz\u0131 ek desteklerle vermemiz do\u011fru olacakt\u0131r\u201d dedi.<\/p>\n<div id=\"briti-1146354593\" class=\"briti-icerikten-sonra_2\" style=\"margin-top: 25px;margin-bottom: 25px;\"><a href=\"https:\/\/wa.me\/message\/NDZLLIOQT4H3O1\" aria-label=\"bytv reklam banner\"><img loading=\"lazy\" decoding=\"async\" src=\"https:\/\/by-tv.co.uk\/wp-content\/uploads\/2025\/12\/bytv-reklam-banner.jpg\" alt=\"\"  width=\"2376\" height=\"1008\"   \/><\/a><\/div>","protected":false},"excerpt":{"rendered":"<p>Bu, GCSE \u00f6\u011frencilerinin form\u00fcl ve denklem dersleri alaca\u011f\u0131 son y\u0131l. GCSE s\u0131navlar\u0131n\u0131n \u00e7oktan ba\u015flad\u0131\u011f\u0131 Galler ya da Kuzey \u0130rlanda&#8217;daki \u00f6\u011frenciler ekstra yard\u0131m almayacak. GCSE 11. s\u0131n\u0131f \u00f6\u011frencilerinden olu\u015fan bu grup, orta\u00f6\u011fretimlerinin her y\u0131l\u0131n\u0131 pandeminin ortas\u0131nda ya da sonras\u0131nda ge\u00e7irdi. Sanat ya da dil konu\u015fma de\u011ferlendirmeleri gibi \u00f6dev i\u00e7ermeyen baz\u0131 s\u0131navlar halihaz\u0131rda yap\u0131l\u0131yor. \u0130ngiltere&#8217;de y\u00fcz binlerce \u00f6\u011frenci i\u00e7in BTec s\u0131navlar\u0131 ba\u015flad\u0131. Covid&#8217;den bu yana s\u0131navlar kademeli olarak pandemi \u00f6ncesi d\u00fczenlemelere geri d\u00f6n\u00fcyor. BBC\u2019nin haberine g\u00f6re; \u00f6\u011frencilere 2022&#8217;de di\u011fer yard\u0131mlar\u0131n yan\u0131 s\u0131ra konular hakk\u0131nda \u00f6nceden bilgi verildi. Bu uygulama ge\u00e7en y\u0131l \u0130ngiltere&#8217;de, bu y\u0131l ise Galler ve Kuzey \u0130rlanda&#8217;da durduruldu. Notland\u0131rma da, [&hellip;]<\/p>\n","protected":false},"author":1,"featured_media":22813,"comment_status":"open","ping_status":"open","sticky":false,"template":"","format":"standard","meta":{"ngg_post_thumbnail":0,"footnotes":""},"categories":[1519],"tags":[],"class_list":["post-25035","post","type-post","status-publish","format-standard","has-post-thumbnail","hentry","category-egitim"],"_links":{"self":[{"href":"https:\/\/by-tv.co.uk\/en\/wp-json\/wp\/v2\/posts\/25035","targetHints":{"allow":["GET"]}}],"collection":[{"href":"https:\/\/by-tv.co.uk\/en\/wp-json\/wp\/v2\/posts"}],"about":[{"href":"https:\/\/by-tv.co.uk\/en\/wp-json\/wp\/v2\/types\/post"}],"author":[{"embeddable":true,"href":"https:\/\/by-tv.co.uk\/en\/wp-json\/wp\/v2\/users\/1"}],"replies":[{"embeddable":true,"href":"https:\/\/by-tv.co.uk\/en\/wp-json\/wp\/v2\/comments?post=25035"}],"version-history":[{"count":0,"href":"https:\/\/by-tv.co.uk\/en\/wp-json\/wp\/v2\/posts\/25035\/revisions"}],"wp:featuredmedia":[{"embeddable":true,"href":"https:\/\/by-tv.co.uk\/en\/wp-json\/wp\/v2\/media\/22813"}],"wp:attachment":[{"href":"https:\/\/by-tv.co.uk\/en\/wp-json\/wp\/v2\/media?parent=25035"}],"wp:term":[{"taxonomy":"category","embeddable":true,"href":"https:\/\/by-tv.co.uk\/en\/wp-json\/wp\/v2\/categories?post=25035"},{"taxonomy":"post_tag","embeddable":true,"href":"https:\/\/by-tv.co.uk\/en\/wp-json\/wp\/v2\/tags?post=25035"}],"curies":[{"name":"wp","href":"https:\/\/api.w.org\/{rel}","templated":true}]}}