{"id":24698,"date":"2024-04-21T19:32:33","date_gmt":"2024-04-21T18:32:33","guid":{"rendered":"https:\/\/by-tv.co.uk\/?p=24698"},"modified":"2024-04-22T11:44:02","modified_gmt":"2024-04-22T10:44:02","slug":"birlesik-krallik-vizesine-basvuranlarin-almasi-gereken-asgari-maas-nedir","status":"publish","type":"post","link":"https:\/\/by-tv.co.uk\/en\/birlesik-krallik-vizesine-basvuranlarin-almasi-gereken-asgari-maas-nedir\/","title":{"rendered":"Birle\u015fik Krall\u0131k vizesine ba\u015fvuranlar\u0131n almas\u0131 gereken asgari maa\u015f nedir?"},"content":{"rendered":"<p>Nisan ay\u0131n\u0131n geli\u015fiyle Birle\u015fik Krall\u0131k vizeleri i\u00e7in maa\u015f gereksinimleri, h\u00fck\u00fcmetin g\u00f6\u00e7\u00fc azaltma planlar\u0131 kapsam\u0131nda keskin bir \u015fekilde artt\u0131.<\/p>\n<p>Ba\u015fbakan Rishi Sunak, rakamlar\u0131n mevcut oldu\u011fu son tam y\u0131l olan 2022&#8217;de Birle\u015fik Krall\u0131k&#8217;a gelen 745.000 ki\u015filik rekor say\u0131n\u0131n &#8220;\u00e7ok y\u00fcksek&#8221; oldu\u011funu belirtiyor.&nbsp;<\/p>\n<h4>Peki Birle\u015fik Krall\u0131k vizesine ba\u015fvuranlar\u0131n almas\u0131 gereken asgari maa\u015f nedir?<\/h4>\n<p>Birle\u015fik Krall\u0131k&#8217;ta \u00e7al\u0131\u015fmak isteyen \u00e7o\u011fu ki\u015fi hala puan tabanl\u0131 sistem (PBS) arac\u0131l\u0131\u011f\u0131yla vize ba\u015fvurusunda bulunmak zorundad\u0131r.<br \/>\n<iframe loading=\"lazy\" title=\"Birle\u015fik Krall\u0131k vizesine ba\u015fvuranlar\u0131n almas\u0131 gereken asgari maa\u015f nedir?\" src=\"https:\/\/www.youtube.com\/embed\/HzMd3wqsHp4\" width=\"1241\" height=\"698\" frameborder=\"0\" allowfullscreen=\"allowfullscreen\"><\/iframe><br \/>\nYetenekli \u00c7al\u0131\u015fan Vizesi i\u00e7in minimum maa\u015f e\u015fi\u011fi ciddi bir art\u0131\u015f g\u00f6sterdi; 26,200 pounddan 38,700 pounda y\u00fckseltildi. Bu de\u011fi\u015fiklik, hem yeni ba\u015fvurular hem de mevcut <a href=\"https:\/\/by-tv.co.uk\/en\/?s=V\u0130ZE\">vize<\/a> sahipleri i\u00e7in ge\u00e7erli olacak, ancak mevcut vize sahipleri i\u00e7in belirli ge\u00e7i\u015f d\u00fczenlemeleri uygulanacak.<\/p><div id=\"briti-3732055173\" class=\"briti-icerik\" style=\"margin-top: 5px;margin-bottom: 5px;\"><a href=\"https:\/\/piaryum.com\/services\/\" aria-label=\"piaryum banner\"><img loading=\"lazy\" decoding=\"async\" src=\"https:\/\/by-tv.co.uk\/wp-content\/uploads\/2025\/12\/Gemini_Generated_Image_g5yqr1g5yqr1g5yq.jpg\" alt=\"\"  width=\"2064\" height=\"1152\"   \/><\/a><\/div>\n<p><img loading=\"lazy\" decoding=\"async\" class=\"alignnone size-full wp-image-24700\" src=\"https:\/\/by-tv.co.uk\/wp-content\/uploads\/2024\/04\/ingiltere-vizesi-1-2-scaled.jpg\" alt=\"\" width=\"2560\" height=\"1440\" title=\"\"><\/p>\n<p>G\u00f6\u00e7menlik Maa\u015f Listesi ad\u0131yla yeni bir sistem tan\u0131t\u0131ld\u0131. Bu liste, \u00f6zellikle k\u0131tl\u0131k ya\u015fanan meslekler i\u00e7in belirlenen daha d\u00fc\u015f\u00fck maa\u015f e\u015fi\u011fini i\u00e7eriyor. Ancak bu yeni d\u00fczenleme, eski listede bulunan baz\u0131 meslekler i\u00e7in \u00f6nceki avantajlar\u0131 ortadan kald\u0131r\u0131yor.<\/p>\n<p>Konuyla ilgili a\u00e7\u0131klamalarda bulunan <a href=\"https:\/\/www.gudenlaw.com\" target=\"_blank\" rel=\"noopener\">Guden Solicitors<\/a> Kurucu Orta\u011f\u0131 Ali G\u00fcden &#8220;Bu d\u00fczenlemeler, \u0130ngiltere&#8217;nin g\u00f6\u00e7 politikas\u0131n\u0131 s\u0131k\u0131la\u015ft\u0131rma ve g\u00f6\u00e7menlerin kamu hizmetlerine y\u00fck olmadan mali olarak desteklenmelerini sa\u011flama y\u00f6n\u00fcndeki geni\u015f \u00e7apl\u0131 \u00e7abalar\u0131n bir yans\u0131mas\u0131d\u0131r. Bu de\u011fi\u015fikliklerle \u0130ngiltere, g\u00f6\u00e7menlik say\u0131lar\u0131n\u0131 kontrol alt\u0131na almaya ve kamu kaynaklar\u0131n\u0131n daha etkin kullan\u0131m\u0131n\u0131 te\u015fvik etmeye \u00e7al\u0131\u015f\u0131yor.&#8221; dedi.<\/p>\n<div id=\"attachment_24705\" style=\"width: 2570px\" class=\"wp-caption alignnone\"><img loading=\"lazy\" decoding=\"async\" aria-describedby=\"caption-attachment-24705\" class=\"wp-image-24705 size-full\" src=\"https:\/\/by-tv.co.uk\/wp-content\/uploads\/2024\/04\/DSCF0091-scaled.jpg\" alt=\"\" width=\"2560\" height=\"1707\" title=\"\"><p id=\"caption-attachment-24705\" class=\"wp-caption-text\">Guden Solicitors Kurucu Orta\u011f\u0131 Ali G\u00fcden<\/p><\/div>\n<p>Aile vizesi gereksinimlerinde de \u00f6nemli de\u011fi\u015fiklikler var. Partner ve e\u015fler i\u00e7in asgari gelir gereksinimi 18,600 pounddan 29,000 pounda \u00e7\u0131kar\u0131ld\u0131 ve 2025 ba\u015flar\u0131na kadar bu rakam\u0131n 38,700 pounda ula\u015fmas\u0131 bekleniyor. Bu de\u011fi\u015fikliklerle h\u00fck\u00fcmet, ailelerin finansal planlamas\u0131n\u0131 daha \u00f6ng\u00f6r\u00fclebilir hale getirmeyi ama\u00e7l\u0131yor.<\/p>\n<p>\u0130\u00e7i\u015fleri Bakanl\u0131\u011f\u0131, mevcut bir aile vizesini yenileyenlerin yeni kazan\u00e7 e\u015fi\u011fini kar\u015f\u0131lamak zorunda olmayaca\u011f\u0131n\u0131 do\u011frulad\u0131.<\/p>\n<p>\u00d6\u011frenci vizelerinde de k\u0131s\u0131tlamalar artt\u0131. 2024 itibar\u0131yla, \u00e7o\u011fu uluslararas\u0131 \u00f6\u011frenci, ara\u015ft\u0131rma temelli programlarda okumuyorsa, aile bireylerini \u0130ngiltere&#8217;ye getiremeyecek. Bu, \u00f6zellikle lisans ve y\u00fcksek lisans d\u00fczeyindeki \u00f6\u011frencileri etkileyecek b\u00fcy\u00fck bir de\u011fi\u015fiklik.<\/p>\n<p><img loading=\"lazy\" decoding=\"async\" class=\"alignnone size-full wp-image-24701\" src=\"https:\/\/by-tv.co.uk\/wp-content\/uploads\/2024\/04\/IMG_5708.jpeg\" alt=\"\" width=\"2365\" height=\"1330\" title=\"\"><\/p>\n<p>Son olarak, bak\u0131m \u00e7al\u0131\u015fanlar\u0131na y\u00f6nelik kurallar da s\u0131k\u0131la\u015ft\u0131r\u0131ld\u0131. Art\u0131k bu meslek grubundaki ki\u015filer, sponsorlu \u00e7al\u0131\u015fma vizeleriyle aile ba\u011f\u0131ml\u0131lar\u0131n\u0131 \u0130ngiltere&#8217;ye getiremeyecekler. Bu, sa\u011fl\u0131k sekt\u00f6r\u00fcndeki yabanc\u0131 i\u015f g\u00fcc\u00fcne olan ba\u011f\u0131ml\u0131l\u0131\u011f\u0131 azaltma \u00e7abas\u0131n\u0131n bir par\u00e7as\u0131.<\/p>\n<p>Planlar a\u00e7\u0131kland\u0131\u011f\u0131nda CBI ve Royal College of Nursing gibi gruplar h\u00fck\u00fcmeti Birle\u015fik Krall\u0131k&#8217;taki i\u015fg\u00fcc\u00fc a\u00e7\u0131\u011f\u0131n\u0131 giderememekle ele\u015ftirdi.<\/p>\n<p>&nbsp;<\/p>\n<h4>&nbsp;<\/h4>\n<div id=\"briti-2255682578\" class=\"briti-icerikten-sonra_2\" style=\"margin-top: 25px;margin-bottom: 25px;\"><a href=\"https:\/\/wa.me\/message\/NDZLLIOQT4H3O1\" aria-label=\"bytv reklam banner\"><img loading=\"lazy\" decoding=\"async\" src=\"https:\/\/by-tv.co.uk\/wp-content\/uploads\/2025\/12\/bytv-reklam-banner.jpg\" alt=\"\"  width=\"2376\" height=\"1008\"   \/><\/a><\/div>","protected":false},"excerpt":{"rendered":"<p>Nisan ay\u0131n\u0131n geli\u015fiyle Birle\u015fik Krall\u0131k vizeleri i\u00e7in maa\u015f gereksinimleri, h\u00fck\u00fcmetin g\u00f6\u00e7\u00fc azaltma planlar\u0131 kapsam\u0131nda keskin bir \u015fekilde artt\u0131. Ba\u015fbakan Rishi Sunak, rakamlar\u0131n mevcut oldu\u011fu son tam y\u0131l olan 2022&#8217;de Birle\u015fik Krall\u0131k&#8217;a gelen 745.000 ki\u015filik rekor say\u0131n\u0131n &#8220;\u00e7ok y\u00fcksek&#8221; oldu\u011funu belirtiyor.&nbsp; Peki Birle\u015fik Krall\u0131k vizesine ba\u015fvuranlar\u0131n almas\u0131 gereken asgari maa\u015f nedir? Birle\u015fik Krall\u0131k&#8217;ta \u00e7al\u0131\u015fmak isteyen \u00e7o\u011fu ki\u015fi hala puan tabanl\u0131 sistem (PBS) arac\u0131l\u0131\u011f\u0131yla vize ba\u015fvurusunda bulunmak zorundad\u0131r. Yetenekli \u00c7al\u0131\u015fan Vizesi i\u00e7in minimum maa\u015f e\u015fi\u011fi ciddi bir art\u0131\u015f g\u00f6sterdi; 26,200 pounddan 38,700 pounda y\u00fckseltildi. Bu de\u011fi\u015fiklik, hem yeni ba\u015fvurular hem de mevcut vize sahipleri i\u00e7in ge\u00e7erli olacak, ancak mevcut vize sahipleri i\u00e7in [&hellip;]<\/p>\n","protected":false},"author":1,"featured_media":24699,"comment_status":"open","ping_status":"open","sticky":false,"template":"","format":"video","meta":{"ngg_post_thumbnail":0,"footnotes":""},"categories":[15],"tags":[430],"class_list":["post-24698","post","type-post","status-publish","format-video","has-post-thumbnail","hentry","category-ingiltere","tag-birlesik-krallik","post_format-post-format-video"],"_links":{"self":[{"href":"https:\/\/by-tv.co.uk\/en\/wp-json\/wp\/v2\/posts\/24698","targetHints":{"allow":["GET"]}}],"collection":[{"href":"https:\/\/by-tv.co.uk\/en\/wp-json\/wp\/v2\/posts"}],"about":[{"href":"https:\/\/by-tv.co.uk\/en\/wp-json\/wp\/v2\/types\/post"}],"author":[{"embeddable":true,"href":"https:\/\/by-tv.co.uk\/en\/wp-json\/wp\/v2\/users\/1"}],"replies":[{"embeddable":true,"href":"https:\/\/by-tv.co.uk\/en\/wp-json\/wp\/v2\/comments?post=24698"}],"version-history":[{"count":0,"href":"https:\/\/by-tv.co.uk\/en\/wp-json\/wp\/v2\/posts\/24698\/revisions"}],"wp:featuredmedia":[{"embeddable":true,"href":"https:\/\/by-tv.co.uk\/en\/wp-json\/wp\/v2\/media\/24699"}],"wp:attachment":[{"href":"https:\/\/by-tv.co.uk\/en\/wp-json\/wp\/v2\/media?parent=24698"}],"wp:term":[{"taxonomy":"category","embeddable":true,"href":"https:\/\/by-tv.co.uk\/en\/wp-json\/wp\/v2\/categories?post=24698"},{"taxonomy":"post_tag","embeddable":true,"href":"https:\/\/by-tv.co.uk\/en\/wp-json\/wp\/v2\/tags?post=24698"}],"curies":[{"name":"wp","href":"https:\/\/api.w.org\/{rel}","templated":true}]}}