{"id":24559,"date":"2024-04-14T20:16:29","date_gmt":"2024-04-14T19:16:29","guid":{"rendered":"https:\/\/by-tv.co.uk\/?p=24559"},"modified":"2024-04-14T20:16:29","modified_gmt":"2024-04-14T19:16:29","slug":"sunak-raf-savas-ucaklarinin-irana-ait-insansiz-hava-araclarini-dusurdugunu-soyledi","status":"publish","type":"post","link":"https:\/\/by-tv.co.uk\/en\/sunak-raf-savas-ucaklarinin-irana-ait-insansiz-hava-araclarini-dusurdugunu-soyledi\/","title":{"rendered":"Sunak, RAF sava\u015f u\u00e7aklar\u0131n\u0131n \u0130ran&#8217;a ait insans\u0131z hava ara\u00e7lar\u0131n\u0131 d\u00fc\u015f\u00fcrd\u00fc\u011f\u00fcn\u00fc s\u00f6yledi"},"content":{"rendered":"<p>\u0130srail, \u0130ran&#8217;\u0131n topraklar\u0131na y\u00f6nelik ilk do\u011frudan sald\u0131r\u0131lar\u0131nda bir insans\u0131z hava arac\u0131 ve f\u00fcze dalgas\u0131n\u0131n sald\u0131r\u0131s\u0131na u\u011frad\u0131.<\/p>\n<p>\u0130srail ordusu, sald\u0131r\u0131da 300&#8217;den fazla insans\u0131z hava arac\u0131 ve f\u00fczenin yer ald\u0131\u011f\u0131n\u0131 ve bunlar\u0131n b\u00fcy\u00fck \u00e7o\u011funlu\u011funun ele ge\u00e7irildi\u011fini s\u00f6yledi<br \/>\nYetkililer, bir balistik f\u00fczenin \u00fclkenin g\u00fcneyindeki Nevatim hava \u00fcss\u00fcne \u00e7arpt\u0131\u011f\u0131n\u0131 ve k\u00fc\u00e7\u00fck hasara yol a\u00e7t\u0131\u011f\u0131n\u0131 s\u00f6yledi.<\/p>\n<p>\u0130ran, sald\u0131r\u0131n\u0131n bu ay\u0131n ba\u015flar\u0131nda Suriye&#8217;deki bir \u0130ran diplomatik yerle\u015fkesine yap\u0131lan \u00f6l\u00fcmc\u00fcl sald\u0131r\u0131ya yan\u0131t oldu\u011funu s\u00f6yledi<br \/>\nTahran, \u0130srail&#8217;in misilleme yapmas\u0131 halinde bir sonraki tepkisinin daha b\u00fcy\u00fck olaca\u011f\u0131 konusunda da uyard\u0131.<\/p><div id=\"briti-3759172263\" class=\"briti-icerik\" style=\"margin-top: 5px;margin-bottom: 5px;\"><a href=\"https:\/\/piaryum.com\/services\/\" aria-label=\"piaryum banner\"><img loading=\"lazy\" decoding=\"async\" src=\"https:\/\/by-tv.co.uk\/wp-content\/uploads\/2025\/12\/Gemini_Generated_Image_g5yqr1g5yqr1g5yq.jpg\" alt=\"\"  width=\"2064\" height=\"1152\"   \/><\/a><\/div>\n<p>Ba\u015fbakan Benjamin Netanyahu, ABD Ba\u015fkan\u0131 Joe Biden, \u0130ngiltere Ba\u015fbakan\u0131 Rishi Sunak ve BM Genel Sekreteri de dahil olmak \u00fczere k\u00fcresel liderler taraf\u0131ndan ayr\u0131 ayr\u0131 k\u0131nanan sald\u0131r\u0131y\u0131 g\u00f6r\u00fc\u015fmek \u00fczere bir sava\u015f kabinesi toplad\u0131.<\/p>\n<p>ABD Ba\u015fkan\u0131, G7 liderlerinin \u00e7evrimi\u00e7i bir toplant\u0131s\u0131na ev sahipli\u011fi yaparken, Beyaz Saray Orta Do\u011fu&#8217;daki krizin t\u0131rmand\u0131\u011f\u0131n\u0131 g\u00f6rmek istemedi\u011fi konusunda \u0131srar etti<\/p>\n<p>Ba\u015fbakan Rishi Sunak, \u0130ngiliz sava\u015f u\u00e7aklar\u0131n\u0131n \u0130ran&#8217;dan \u0130srail&#8217;e ate\u015flenen &#8220;bir dizi insans\u0131z hava arac\u0131n\u0131&#8221; d\u00fc\u015f\u00fcrd\u00fc\u011f\u00fcn\u00fc s\u00f6yledi.<\/p>\n<p>\u0130ngiltere, \u0130ran&#8217;\u0131n \u0130srail topraklar\u0131na y\u00f6nelik olan ilk do\u011frudan sald\u0131r\u0131s\u0131 sald\u0131r\u0131ya kar\u015f\u0131 \u0130srail&#8217;e yard\u0131mc\u0131 olan birka\u00e7 \u00fclkeden biriydi.<\/p>\n<p>RAF jetlerinin Irak ve Suriye \u00fczerinde u\u00e7tu\u011fu ancak \u0130srail \u00fczerinde u\u00e7mad\u0131\u011f\u0131 belirtildi. \u0130ngiltere Savunma Bakanl\u0131\u011f\u0131\u2019n\u0131n(MoD) BBC\u2019de yer alan a\u00e7\u0131klamas\u0131nda Kraliyet Hava Kuvvetleri\u2019nin (RAF) b\u00f6lgedeki operasyonlarda \u201cmenzil dahilindeki her t\u00fcrl\u00fc hava sald\u0131r\u0131s\u0131n\u0131\u201d p\u00fcsk\u00fcrtece\u011fini s\u00f6yledi.<\/p>\n<p>Downing Street&#8217;te gazetecilere konu\u015fan Sunak, \u0130ran&#8217;\u0131n \u0130srail&#8217;e y\u00f6nelik sald\u0131r\u0131s\u0131n\u0131n ba\u015far\u0131l\u0131 olmas\u0131 halinde &#8220;b\u00f6lgesel istikrar a\u00e7\u0131s\u0131ndan do\u011furaca\u011f\u0131 sonu\u00e7lar\u0131 tahmin etmenin zor olaca\u011f\u0131n\u0131&#8221; s\u00f6yledi.<\/p>\n<p>\u0130ngiliz g\u00fc\u00e7leri taraf\u0131ndan ka\u00e7 insans\u0131z hava arac\u0131n\u0131n d\u00fc\u015f\u00fcr\u00fcld\u00fc\u011f\u00fc belirtilmedi.<\/p>\n<p>ABD Ba\u015fkan\u0131 Joe Biden, ABD ordusunun \u0130srail\u2019in \u0130ran\u2019\u0131n insans\u0131z hava ara\u00e7lar\u0131 ve f\u00fczelerinin \u201cneredeyse tamam\u0131n\u0131\u201d d\u00fc\u015f\u00fcrmesine yard\u0131mc\u0131 oldu\u011funu do\u011frulad\u0131.<\/p>\n<p>Reuters haber ajans\u0131n\u0131n g\u00fcvenlik kaynaklar\u0131na dayand\u0131rd\u0131\u011f\u0131 haberine g\u00f6re \u00dcrd\u00fcn de \u0130ran\u2019a ait baz\u0131 insans\u0131z hava ara\u00e7lar\u0131n\u0131n d\u00fc\u015f\u00fcr\u00fclmesine yard\u0131mc\u0131 oldu.<\/p>\n<p>#iranisrail<\/p>\n<div id=\"briti-2017183393\" class=\"briti-icerikten-sonra_2\" style=\"margin-top: 25px;margin-bottom: 25px;\"><a href=\"https:\/\/wa.me\/message\/NDZLLIOQT4H3O1\" aria-label=\"bytv reklam banner\"><img loading=\"lazy\" decoding=\"async\" src=\"https:\/\/by-tv.co.uk\/wp-content\/uploads\/2025\/12\/bytv-reklam-banner.jpg\" alt=\"\"  width=\"2376\" height=\"1008\"   \/><\/a><\/div>","protected":false},"excerpt":{"rendered":"<p>\u0130srail, \u0130ran&#8217;\u0131n topraklar\u0131na y\u00f6nelik ilk do\u011frudan sald\u0131r\u0131lar\u0131nda bir insans\u0131z hava arac\u0131 ve f\u00fcze dalgas\u0131n\u0131n sald\u0131r\u0131s\u0131na u\u011frad\u0131. \u0130srail ordusu, sald\u0131r\u0131da 300&#8217;den fazla insans\u0131z hava arac\u0131 ve f\u00fczenin yer ald\u0131\u011f\u0131n\u0131 ve bunlar\u0131n b\u00fcy\u00fck \u00e7o\u011funlu\u011funun ele ge\u00e7irildi\u011fini s\u00f6yledi Yetkililer, bir balistik f\u00fczenin \u00fclkenin g\u00fcneyindeki Nevatim hava \u00fcss\u00fcne \u00e7arpt\u0131\u011f\u0131n\u0131 ve k\u00fc\u00e7\u00fck hasara yol a\u00e7t\u0131\u011f\u0131n\u0131 s\u00f6yledi. \u0130ran, sald\u0131r\u0131n\u0131n bu ay\u0131n ba\u015flar\u0131nda Suriye&#8217;deki bir \u0130ran diplomatik yerle\u015fkesine yap\u0131lan \u00f6l\u00fcmc\u00fcl sald\u0131r\u0131ya yan\u0131t oldu\u011funu s\u00f6yledi Tahran, \u0130srail&#8217;in misilleme yapmas\u0131 halinde bir sonraki tepkisinin daha b\u00fcy\u00fck olaca\u011f\u0131 konusunda da uyard\u0131. Ba\u015fbakan Benjamin Netanyahu, ABD Ba\u015fkan\u0131 Joe Biden, \u0130ngiltere Ba\u015fbakan\u0131 Rishi Sunak ve BM Genel Sekreteri de dahil olmak \u00fczere [&hellip;]<\/p>\n","protected":false},"author":1,"featured_media":24560,"comment_status":"open","ping_status":"open","sticky":false,"template":"","format":"standard","meta":{"ngg_post_thumbnail":0,"footnotes":""},"categories":[1],"tags":[],"class_list":["post-24559","post","type-post","status-publish","format-standard","has-post-thumbnail","hentry","category-genel"],"_links":{"self":[{"href":"https:\/\/by-tv.co.uk\/en\/wp-json\/wp\/v2\/posts\/24559","targetHints":{"allow":["GET"]}}],"collection":[{"href":"https:\/\/by-tv.co.uk\/en\/wp-json\/wp\/v2\/posts"}],"about":[{"href":"https:\/\/by-tv.co.uk\/en\/wp-json\/wp\/v2\/types\/post"}],"author":[{"embeddable":true,"href":"https:\/\/by-tv.co.uk\/en\/wp-json\/wp\/v2\/users\/1"}],"replies":[{"embeddable":true,"href":"https:\/\/by-tv.co.uk\/en\/wp-json\/wp\/v2\/comments?post=24559"}],"version-history":[{"count":0,"href":"https:\/\/by-tv.co.uk\/en\/wp-json\/wp\/v2\/posts\/24559\/revisions"}],"wp:featuredmedia":[{"embeddable":true,"href":"https:\/\/by-tv.co.uk\/en\/wp-json\/wp\/v2\/media\/24560"}],"wp:attachment":[{"href":"https:\/\/by-tv.co.uk\/en\/wp-json\/wp\/v2\/media?parent=24559"}],"wp:term":[{"taxonomy":"category","embeddable":true,"href":"https:\/\/by-tv.co.uk\/en\/wp-json\/wp\/v2\/categories?post=24559"},{"taxonomy":"post_tag","embeddable":true,"href":"https:\/\/by-tv.co.uk\/en\/wp-json\/wp\/v2\/tags?post=24559"}],"curies":[{"name":"wp","href":"https:\/\/api.w.org\/{rel}","templated":true}]}}