{"id":24547,"date":"2024-04-14T11:51:10","date_gmt":"2024-04-14T10:51:10","guid":{"rendered":"https:\/\/by-tv.co.uk\/?p=24547"},"modified":"2024-04-14T11:51:10","modified_gmt":"2024-04-14T10:51:10","slug":"iran-israile-siha-ve-fuzelerle-yonelik-bir-saldiri-duzenledi-sunak-tepki-gosterdi","status":"publish","type":"post","link":"https:\/\/by-tv.co.uk\/en\/iran-israile-siha-ve-fuzelerle-yonelik-bir-saldiri-duzenledi-sunak-tepki-gosterdi\/","title":{"rendered":"\u0130ran, \u0130srail&#8217;e S\u0130HA ve f\u00fczelerle y\u00f6nelik bir sald\u0131r\u0131 d\u00fczenledi, Sunak tepki g\u00f6sterdi!"},"content":{"rendered":"<p>\u0130ran, \u0130srail&#8217;e S\u0130HA ve f\u00fczelerle y\u00f6nelik bir sald\u0131r\u0131 d\u00fczenledi. \u0130ran Devrim Muhaf\u0131zlar\u0131, sald\u0131r\u0131n\u0131n belirli hedeflere y\u00f6nelik oldu\u011funu belirtti. \u0130srail Ordu S\u00f6zc\u00fcs\u00fc Daniel Hagari&#8217;ye g\u00f6re, \u0130ran 300&#8217;den fazla silahl\u0131 insans\u0131z hava arac\u0131 ve f\u00fcze g\u00f6nderdi. Bu f\u00fczelerin aras\u0131nda seyir ve balistik f\u00fczeler de bulunuyordu. Hagari, \u0130srail&#8217;in savunma sistemleri ve m\u00fcttefiklerinin bu sald\u0131r\u0131ya b\u00fcy\u00fck oranda m\u00fcdahale ederek \u00e7o\u011funu d\u00fc\u015f\u00fcrd\u00fc\u011f\u00fcn\u00fc ifade etti. \u0130srail ordusu daha sonra \u00fclkenin g\u00fcneyindeki bir askeri \u00fcste k\u00fc\u00e7\u00fck \u00e7apl\u0131 hasar ve can kayb\u0131 olmad\u0131\u011f\u0131n\u0131 duyurdu.<\/p>\n<p>\u0130srail Savunma Kuvvetleri (IDF) S\u00f6zc\u00fcs\u00fc Avichay Adraee, \u0130ran taraf\u0131ndan yap\u0131lan sald\u0131r\u0131lar\u0131n y\u00fczde 99\u2019unun engellendi\u011fini duyurdu. Adraee, sald\u0131r\u0131da yakla\u015f\u0131k 170 \u0130HA, 30 seyir f\u00fczesi ve 120 balistik f\u00fczenin kullan\u0131ld\u0131\u011f\u0131n\u0131, Beer\u015feba kentinin do\u011fusundaki Nevatim hava \u00fcss\u00fcnde altyap\u0131n\u0131n k\u00fc\u00e7\u00fck \u00e7apl\u0131 hasar ald\u0131\u011f\u0131n\u0131 belirtti.<\/p>\n<p><img loading=\"lazy\" decoding=\"async\" class=\"alignnone size-full wp-image-24549\" src=\"https:\/\/by-tv.co.uk\/wp-content\/uploads\/2024\/04\/ISRAIL-SAVUNMA-KUVVETLERI-SOZCUSU-ADRAEE_39814-1.jpg\" alt=\"\" width=\"1186\" height=\"788\" title=\"\"><\/p>\n<p>Adraee, sald\u0131r\u0131da yakla\u015f\u0131k 170 \u0130HA\u2019n\u0131n yan\u0131 s\u0131ra 30 seyir f\u00fczesi ve 120 balistik f\u00fczenin de kullan\u0131ld\u0131\u011f\u0131n\u0131 belirterek, \u201c\u0130ran taraf\u0131ndan f\u0131rlat\u0131lan yakla\u015f\u0131k 170 insans\u0131z hava arac\u0131ndan tek bir tanesi bile \u0130srail Devleti&#8217;ne topraklar\u0131na girememi\u015f, hava kuvvetlerine ait sava\u015f u\u00e7aklar\u0131 ile bizim ve m\u00fcttefiklerimizin hava savunma sistemleri d\u00fczinelercesini engellemi\u015ftir. \u0130ran taraf\u0131ndan f\u0131rlat\u0131lan 30&#8217;dan fazla seyir f\u00fczesinden hi\u00e7biri \u0130srail topraklar\u0131na girmemi\u015ftir. Sava\u015f u\u00e7aklar\u0131m\u0131z 25 f\u00fczeyi \u00fclke s\u0131n\u0131rlar\u0131 d\u0131\u015f\u0131nda durdurmu\u015ftur. 120&#8217;den fazla balistik f\u00fczenin \u00e7ok k\u00fc\u00e7\u00fck bir k\u0131sm\u0131 \u0130srail s\u0131n\u0131r\u0131ndan i\u00e7eri girmi\u015f, geri kalan\u0131 ise engellenmi\u015ftir. Bu az say\u0131daki f\u00fcze Nevatim bir hava kuvvetleri \u00fcss\u00fcne d\u00fc\u015fm\u00fc\u015f ve altyap\u0131da k\u00fc\u00e7\u00fck \u00e7apl\u0131 hasara yol a\u00e7m\u0131\u015ft\u0131r\u201d ifadelerini kulland\u0131.<\/p><div id=\"briti-2111692882\" class=\"briti-icerik\" style=\"margin-top: 5px;margin-bottom: 5px;\"><a href=\"https:\/\/piaryum.com\/services\/\" aria-label=\"piaryum banner\"><img loading=\"lazy\" decoding=\"async\" src=\"https:\/\/by-tv.co.uk\/wp-content\/uploads\/2025\/12\/Gemini_Generated_Image_g5yqr1g5yqr1g5yq.jpg\" alt=\"\"  width=\"2064\" height=\"1152\"   \/><\/a><\/div>\n<h4>Biden: \u0130ran\u2019\u0131n sald\u0131r\u0131s\u0131n\u0131 ABD u\u00e7aklar\u0131 ve savunma sistemleri de engelledi<\/h4>\n<p>BD Ba\u015fkan\u0131 Biden, yapt\u0131\u011f\u0131 a\u00e7\u0131klamada, \u201c\u0130ran ve \u0130ran\u2019\u0131n Yemen, Suriye ve Irak&#8217;ta faaliyet g\u00f6steren unsurlar\u0131 \u0130srail&#8217;deki askeri tesislere e\u015fi benzeri g\u00f6r\u00fclmemi\u015f bir hava sald\u0131r\u0131s\u0131 d\u00fczenledi. Bu sald\u0131r\u0131lar\u0131 m\u00fcmk\u00fcn olan en g\u00fc\u00e7l\u00fc \u015fekilde k\u0131n\u0131yorum. Benim talimat\u0131mla, \u0130srail&#8217;in savunmas\u0131n\u0131 desteklemek \u00fczere, ABD ordusu ge\u00e7ti\u011fimiz hafta boyunca b\u00f6lgeye u\u00e7aklar ve balistik f\u00fcze savunma destroyerleri sevk etti. Bu konu\u015fland\u0131rmalar ve askerlerimizin ola\u011fan\u00fcst\u00fc becerileri sayesinde \u0130srail&#8217;in gelen insans\u0131z hava ara\u00e7lar\u0131n\u0131n ve f\u00fczelerin neredeyse tamam\u0131n\u0131 d\u00fc\u015f\u00fcrmesine yard\u0131mc\u0131 olduk\u201d dedi.<\/p>\n<p><img loading=\"lazy\" decoding=\"async\" class=\"alignnone size-full wp-image-24548\" src=\"https:\/\/by-tv.co.uk\/wp-content\/uploads\/2024\/04\/ISRAIL-SAVUNMA-KUVVETLERI-SOZCUSU-ADRAEE_39814-2.jpg\" alt=\"\" width=\"1204\" height=\"799\" title=\"\"><\/p>\n<p>Ayr\u0131ca, ABD&#8217;nin de baz\u0131 S\u0130HA&#8217;lar\u0131 d\u00fc\u015f\u00fcrd\u00fc\u011f\u00fc bildirildi, ancak d\u00fc\u015f\u00fcr\u00fcld\u00fckleri yer a\u00e7\u0131klanmad\u0131. \u0130srail Ba\u015fbakan\u0131 Binyamin Netanyahu, sava\u015f kabinesini toplayarak durum de\u011ferlendirmesi yapt\u0131. \u0130srail, L\u00fcbnan ve Irak&#8217;\u0131n hava sahalar\u0131n\u0131 kapatt\u0131, Suriye ve \u00dcrd\u00fcn ise hava savunma sistemlerini alarm durumuna ge\u00e7irdi.<\/p>\n<div id=\"attachment_24551\" style=\"width: 2058px\" class=\"wp-caption alignnone\"><img loading=\"lazy\" decoding=\"async\" aria-describedby=\"caption-attachment-24551\" class=\"size-full wp-image-24551\" src=\"https:\/\/by-tv.co.uk\/wp-content\/uploads\/2024\/04\/BIDEN-IRANIN-SALDIRISINI-ABD-UCAKLARI-_39820.jpg\" alt=\"\" width=\"2048\" height=\"1365\" title=\"\"><p id=\"caption-attachment-24551\" class=\"wp-caption-text\">Official White House Photo by Adam Schultz<\/p><\/div>\n<p>ABD Ba\u015fkan\u0131 Joe Biden, Beyaz Saray&#8217;da g\u00fcvenlik dan\u0131\u015fmanlar\u0131yla bir araya gelerek durumu de\u011ferlendirdi ve \u0130srail&#8217;in g\u00fcvenli\u011fine olan ba\u011fl\u0131l\u0131klar\u0131n\u0131 yineledi. \u0130ngiltere Ba\u015fbakan\u0131 Rishi Sunak ve Birle\u015fmi\u015f Milletler Genel Sekreteri Antonio Guterres de duruma tepki g\u00f6sterdi. Sunak, \u0130ran&#8217;\u0131n sald\u0131r\u0131s\u0131n\u0131 k\u0131narken, Guterres t\u00fcm taraflara itidal \u00e7a\u011fr\u0131s\u0131 yapt\u0131.<\/p>\n<p>\u0130ngiltere Ba\u015fbakan\u0131 Rishi Sunak, \u0130ran&#8217;\u0131n sald\u0131r\u0131s\u0131n\u0131 k\u0131nad\u0131 ve \u0130ngiltere&#8217;nin &#8220;\u0130srail&#8217;in ve t\u00fcm b\u00f6lgesel ortaklar\u0131m\u0131z\u0131n g\u00fcvenli\u011fi i\u00e7in aya\u011fa kalkmaya devam edece\u011fine s\u00f6z veriyorum&#8221; dedi<\/p>\n<h4>\u0130ran: \u00c7at\u0131\u015fma \u0130ran ile \u0130srail aras\u0131nda, ABD uzak durmal\u0131d\u0131r<\/h4>\n<p>\u0130ran\u2019\u0131n BM Daimi Temsilcili\u011fi\u2019nden yap\u0131lan a\u00e7\u0131klamada, \u201c\u0130ran&#8217;\u0131n BM \u015eart\u0131&#8217;n\u0131n me\u015fru savunmaya ili\u015fkin 51. maddesine dayanarak ger\u00e7ekle\u015ftirdi\u011fi askeri harek\u00e2t, Siyonist rejimin \u015eam&#8217;daki diplomatik tesislerimize y\u00f6nelik sald\u0131r\u0131s\u0131na bir cevap niteli\u011findeydi. Mesele sonu\u00e7lanm\u0131\u015f say\u0131labilir. Ancak \u0130srail rejiminin yeni bir hata yapmas\u0131 halinde \u0130ran&#8217;\u0131n yan\u0131t\u0131 \u00e7ok daha sert olacakt\u0131r. Bu, \u0130ran ile haydut \u0130srail rejimi aras\u0131nda ABD&#8217;nin uzak durmas\u0131 gereken bir \u00e7at\u0131\u015fmad\u0131r\u201d denildi.<\/p>\n<p>Netanyahu, \u0130ran&#8217;\u0131n S\u0130HA sald\u0131r\u0131s\u0131ndan \u00f6nce, \u0130srail&#8217;in her t\u00fcrl\u00fc senaryoya haz\u0131r oldu\u011funu belirtmi\u015f ve uluslararas\u0131 deste\u011fi takdir etti\u011fini ifade etmi\u015fti. Bu olay, \u0130ran&#8217;\u0131n daha \u00f6nce \u015eam&#8217;daki bir sald\u0131r\u0131da yedi ki\u015finin \u00f6l\u00fcm\u00fcyle sonu\u00e7lanan olaya misilleme olarak de\u011ferlendiriliyor. \u0130ran bu sald\u0131r\u0131y\u0131 \u0130srail&#8217;in ger\u00e7ekle\u015ftirdi\u011fini \u00f6ne s\u00fcrerken, \u0130srail bu iddialar\u0131 ne do\u011frulad\u0131 ne de yalanlad\u0131.<\/p>\n<h4>\u0130srail Savunma Kuvvetleri S\u00f6zc\u00fcs\u00fc Adraee: Sald\u0131r\u0131lar\u0131n y\u00fczde 99\u2019u engellendi<\/h4>\n<p>IDF S\u00f6zc\u00fcs\u00fc Adraee, \u0130ran\u2019\u0131n d\u00fcn gece \u0130srail\u2019in askeri tesislerine y\u00f6nelik sald\u0131r\u0131lar\u0131na ili\u015fkin detaylar\u0131 payla\u015ft\u0131. Adraee, sald\u0131r\u0131lar\u0131n y\u00fczde 99\u2019unun engellendi\u011fini belirterek, \u201c\u0130srail topraklar\u0131na y\u00f6nelik tehditlerin y\u00fczde 99&#8217;unu \u00f6nledik. Bu \u00e7ok \u00f6nemli bir stratejik ba\u015far\u0131d\u0131r. D\u00fcn \u0130ran \u0130srail&#8217;e kar\u015f\u0131 bir sald\u0131r\u0131 ba\u015flatt\u0131 ve sald\u0131r\u0131da balistik f\u00fczeler, insans\u0131z hava ara\u00e7lar\u0131 ve seyir f\u00fczeleri gibi \u00e7e\u015fitli t\u00fcrlerde 300&#8217;den fazla tehdit kullan\u0131ld\u0131. \u0130ran tehdidi, IDF&#8217;nin hava ve teknolojik \u00fcst\u00fcnl\u00fc\u011f\u00fc ve tehditlerin ezici \u00e7o\u011funlu\u011funu engelleyebilen g\u00fc\u00e7l\u00fc bir sava\u015f koalisyonunun kat\u0131l\u0131m\u0131yla kar\u015f\u0131la\u015ft\u0131. \u0130srail topraklar\u0131na y\u00f6nelik tehditlerin y\u00fczde 99&#8217;unu \u00f6nledik\u201d dedi.<\/p>\n<h4>\u0130RAN SALDIRISI SONRASI G7 TOPLANIYOR<\/h4>\n<p>Biden, \u0130ran\u2019\u0131n sald\u0131r\u0131s\u0131na verilecek diplomatik yan\u0131t\u0131 de\u011ferlendirmek \u00fczere G7 liderlerinin bug\u00fcn bir araya gelece\u011fini belirterek, \u201c\u0130ran&#8217;\u0131n k\u00fcstah sald\u0131r\u0131s\u0131na kar\u015f\u0131 birle\u015fik bir diplomatik yan\u0131t\u0131n koordine edilmesi amac\u0131yla G7 liderleri dostlar\u0131m\u0131 bir araya getirece\u011fim. Ekibim b\u00f6lgedeki mevkida\u015flar\u0131yla temas halinde olacak. \u0130srail liderleriyle de yak\u0131n temas halinde olaca\u011f\u0131z. Bug\u00fcn kuvvetlerimize ya da tesislerimize y\u00f6nelik bir sald\u0131r\u0131 g\u00f6rmemi\u015f olsak da t\u00fcm tehditlere kar\u015f\u0131 tetikte olaca\u011f\u0131z ve halk\u0131m\u0131z\u0131 korumak i\u00e7in gerekli t\u00fcm ad\u0131mlar\u0131 atmakta teredd\u00fct etmeyece\u011fiz\u201d ifadelerini kulland\u0131.<\/p>\n<p>Kaynak: H\u00fck\u00fcmet Kaynaklar\u0131, DHA<\/p>\n<div id=\"briti-4189488574\" class=\"briti-icerikten-sonra_2\" style=\"margin-top: 25px;margin-bottom: 25px;\"><a href=\"https:\/\/wa.me\/message\/NDZLLIOQT4H3O1\" aria-label=\"bytv reklam banner\"><img loading=\"lazy\" decoding=\"async\" src=\"https:\/\/by-tv.co.uk\/wp-content\/uploads\/2025\/12\/bytv-reklam-banner.jpg\" alt=\"\"  width=\"2376\" height=\"1008\"   \/><\/a><\/div>","protected":false},"excerpt":{"rendered":"<p>\u0130ran, \u0130srail&#8217;e S\u0130HA ve f\u00fczelerle y\u00f6nelik bir sald\u0131r\u0131 d\u00fczenledi. \u0130ran Devrim Muhaf\u0131zlar\u0131, sald\u0131r\u0131n\u0131n belirli hedeflere y\u00f6nelik oldu\u011funu belirtti. \u0130srail Ordu S\u00f6zc\u00fcs\u00fc Daniel Hagari&#8217;ye g\u00f6re, \u0130ran 300&#8217;den fazla silahl\u0131 insans\u0131z hava arac\u0131 ve f\u00fcze g\u00f6nderdi. Bu f\u00fczelerin aras\u0131nda seyir ve balistik f\u00fczeler de bulunuyordu. Hagari, \u0130srail&#8217;in savunma sistemleri ve m\u00fcttefiklerinin bu sald\u0131r\u0131ya b\u00fcy\u00fck oranda m\u00fcdahale ederek \u00e7o\u011funu d\u00fc\u015f\u00fcrd\u00fc\u011f\u00fcn\u00fc ifade etti. \u0130srail ordusu daha sonra \u00fclkenin g\u00fcneyindeki bir askeri \u00fcste k\u00fc\u00e7\u00fck \u00e7apl\u0131 hasar ve can kayb\u0131 olmad\u0131\u011f\u0131n\u0131 duyurdu. \u0130srail Savunma Kuvvetleri (IDF) S\u00f6zc\u00fcs\u00fc Avichay Adraee, \u0130ran taraf\u0131ndan yap\u0131lan sald\u0131r\u0131lar\u0131n y\u00fczde 99\u2019unun engellendi\u011fini duyurdu. Adraee, sald\u0131r\u0131da yakla\u015f\u0131k 170 \u0130HA, 30 seyir f\u00fczesi ve [&hellip;]<\/p>\n","protected":false},"author":1,"featured_media":24550,"comment_status":"open","ping_status":"open","sticky":false,"template":"","format":"standard","meta":{"ngg_post_thumbnail":0,"footnotes":""},"categories":[15],"tags":[],"class_list":["post-24547","post","type-post","status-publish","format-standard","has-post-thumbnail","hentry","category-ingiltere"],"_links":{"self":[{"href":"https:\/\/by-tv.co.uk\/en\/wp-json\/wp\/v2\/posts\/24547","targetHints":{"allow":["GET"]}}],"collection":[{"href":"https:\/\/by-tv.co.uk\/en\/wp-json\/wp\/v2\/posts"}],"about":[{"href":"https:\/\/by-tv.co.uk\/en\/wp-json\/wp\/v2\/types\/post"}],"author":[{"embeddable":true,"href":"https:\/\/by-tv.co.uk\/en\/wp-json\/wp\/v2\/users\/1"}],"replies":[{"embeddable":true,"href":"https:\/\/by-tv.co.uk\/en\/wp-json\/wp\/v2\/comments?post=24547"}],"version-history":[{"count":0,"href":"https:\/\/by-tv.co.uk\/en\/wp-json\/wp\/v2\/posts\/24547\/revisions"}],"wp:featuredmedia":[{"embeddable":true,"href":"https:\/\/by-tv.co.uk\/en\/wp-json\/wp\/v2\/media\/24550"}],"wp:attachment":[{"href":"https:\/\/by-tv.co.uk\/en\/wp-json\/wp\/v2\/media?parent=24547"}],"wp:term":[{"taxonomy":"category","embeddable":true,"href":"https:\/\/by-tv.co.uk\/en\/wp-json\/wp\/v2\/categories?post=24547"},{"taxonomy":"post_tag","embeddable":true,"href":"https:\/\/by-tv.co.uk\/en\/wp-json\/wp\/v2\/tags?post=24547"}],"curies":[{"name":"wp","href":"https:\/\/api.w.org\/{rel}","templated":true}]}}