{"id":24483,"date":"2024-04-08T05:31:26","date_gmt":"2024-04-08T04:31:26","guid":{"rendered":"https:\/\/by-tv.co.uk\/?p=24483"},"modified":"2024-04-08T05:31:26","modified_gmt":"2024-04-08T04:31:26","slug":"sunak-ruanda-planinin-engellenmesi-halinde-ingilterenin-avrupa-insan-haklari-sozlesmesinden-ayrilabilecegini-ima-etti","status":"publish","type":"post","link":"https:\/\/by-tv.co.uk\/en\/sunak-ruanda-planinin-engellenmesi-halinde-ingilterenin-avrupa-insan-haklari-sozlesmesinden-ayrilabilecegini-ima-etti\/","title":{"rendered":"Sunak, Ruanda plan\u0131n\u0131n engellenmesi halinde \u0130ngiltere&#8217;nin Avrupa \u0130nsan Haklar\u0131 S\u00f6zle\u015fmesi&#8217;nden ayr\u0131labilece\u011fini ima etti"},"content":{"rendered":"<p>G\u00f6\u00e7\u00fc kontrol alt\u0131na alman\u0131n<strong> &#8220;yabanc\u0131 bir mahkemeye \u00fcyelikten&#8221;<\/strong> daha \u00f6nemli oldu\u011funu s\u00f6yleyen \u0130ngiltere Ba\u015fbakan\u0131, Avrupa \u0130nsan Haklar\u0131 S\u00f6zle\u015fmesi&#8217;nden (A\u0130HS) ayr\u0131lmay\u0131 destekleyebilece\u011fine dair \u015fimdiye kadarki en g\u00fc\u00e7l\u00fc imada bulundu.<\/p>\n<p>Rishi Sunak verdi\u011fi bir r\u00f6portajda , Man\u015f Denizi&#8217;ni ge\u00e7en k\u00fc\u00e7\u00fck teknelerle m\u00fccadele yakla\u015f\u0131m\u0131n\u0131 savundu ancak Ruanda politikas\u0131n\u0131 engellemesi halinde A\u0130HS&#8217;den ayr\u0131lmaya haz\u0131r oldu\u011funu belirtti.<\/p>\n<blockquote><p>Ba\u015fbakan The Sun&#8217;\u0131n Never Mind The Ballots program\u0131nda konu\u015ftu: &#8220;T\u00fcm planlar\u0131m\u0131z\u0131n A\u0130HS de dahil olmak \u00fczere t\u00fcm uluslararas\u0131 y\u00fck\u00fcml\u00fcl\u00fcklerimizle uyumlu oldu\u011funa inan\u0131yorum, ancak s\u0131n\u0131r g\u00fcvenli\u011finin ve yasad\u0131\u015f\u0131 g\u00f6\u00e7\u00fc kontrol edebilmemizin yabanc\u0131 bir mahkemeye \u00fcyelikten daha \u00f6nemli oldu\u011funa inan\u0131yorum \u00e7\u00fcnk\u00fc bu bir \u00fclke olarak egemenli\u011fimiz i\u00e7in temeldir.&#8221;<\/p><\/blockquote>\n<p>Aralar\u0131nda eski \u0130\u00e7i\u015fleri Bakan\u0131 Suella Braverman&#8217;\u0131n da bulundu\u011fu sa\u011fc\u0131 Muhafazak\u00e2r milletvekilleri daha \u00f6nce, h\u00fck\u00fcmlerinin s\u0131\u011f\u0131nmac\u0131lar\u0131n Ruanda&#8217;ya s\u0131n\u0131r d\u0131\u015f\u0131 edilmesini engelleyebilece\u011fi endi\u015fesiyle \u0130ngiltere&#8217;nin A\u0130HS&#8217;den \u00e7\u0131kmas\u0131 i\u00e7in bask\u0131 yapm\u0131\u015flard\u0131.<\/p><div id=\"briti-1784704582\" class=\"briti-icerik\" style=\"margin-top: 5px;margin-bottom: 5px;\"><a href=\"https:\/\/piaryum.com\/services\/\" aria-label=\"piaryum banner\"><img loading=\"lazy\" decoding=\"async\" src=\"https:\/\/by-tv.co.uk\/wp-content\/uploads\/2025\/12\/Gemini_Generated_Image_g5yqr1g5yqr1g5yq.jpg\" alt=\"\"  width=\"2064\" height=\"1152\"   \/><\/a><\/div>\n<p>Ba\u015fbakan daha \u00f6nce bu t\u00fcr \u00e7a\u011fr\u0131lara direnmi\u015f, ancak Ruanda plan\u0131n\u0131 uygulamak i\u00e7in gerekirse Avrupa \u0130nsan Haklar\u0131 Mahkemesi&#8217;nin kararlar\u0131na kar\u015f\u0131 gelmeye haz\u0131r oldu\u011funu s\u00f6ylemi\u015fti.<\/p>\n<p>Halihaz\u0131rda Parlamento&#8217;da g\u00f6r\u00fc\u015f\u00fclmekte olan<strong> Ruanda&#8217;n\u0131n G\u00fcvenli\u011fi (\u0130ltica ve G\u00f6\u00e7) Yasa Tasar\u0131s\u0131<\/strong>, bakanlar\u0131n bu t\u00fcr kararlar\u0131 g\u00f6rmezden gelmesine olanak tan\u0131yan h\u00fck\u00fcmler i\u00e7eriyor.<\/p>\n<p>Ancak Muhafazak\u00e2r milletvekillerinden olu\u015fan daha \u0131l\u0131ml\u0131 <strong>Tek Ulus Grubu<\/strong> \u00fcyeleri s\u00f6zle\u015fmeden ayr\u0131lmaya kar\u015f\u0131 uyar\u0131da bulunurken, di\u011ferleri de b\u00f6yle bir hareketin A\u0130HS&#8217;nin Kuzey \u0130rlanda yasalar\u0131na dahil edilmesi \u015fart\u0131n\u0131 i\u00e7eren Hay\u0131rl\u0131 Cuma Anla\u015fmas\u0131&#8217;n\u0131 ihlal edece\u011fini s\u00f6yledi.<\/p>\n<p><strong>\u0130\u015f\u00e7i Partisi&#8217;nin g\u00f6lge g\u00f6\u00e7menlik bakan\u0131 Stephen Kinnock<\/strong> \u015funlar\u0131 s\u00f6yledi: &#8220;Rishi Sunak k\u00fc\u00e7\u00fck teknelerle ilgili plan\u0131n\u0131n i\u015fe yarad\u0131\u011f\u0131n\u0131 s\u00f6yleyecek kadar aptal oldu\u011fumuzu d\u00fc\u015f\u00fcn\u00fcyor olmal\u0131 ki, Paskalya Bayram\u0131 tatilinde Kanal&#8217;dan ge\u00e7i\u015flerin rekor d\u00fczeye ula\u015ft\u0131\u011f\u0131n\u0131 g\u00f6rd\u00fck. K\u00fc\u00e7\u00fck teknelerle gelenler bu y\u0131l artt\u0131 ve Muhafazak\u00e2rlar kendilerinden ba\u015fka su\u00e7layacak birilerini bulmaya \u00e7al\u0131\u015farak bocal\u0131yorlar. Ne zaman sorumluluk alacaklar ve \u015fa\u015f\u0131rt\u0131c\u0131 bir \u00f6l\u00e7ekte ba\u015far\u0131s\u0131z olduklar\u0131n\u0131 kabul edecekler?<\/p>\n<h4>&#8220;\u00dclkenin \u00e7\u0131karlar\u0131 yine ikinci planda kal\u0131yor.&#8221;<\/h4>\n<p>Liberal Demokratlar\u0131n \u0130\u00e7i\u015fleri S\u00f6zc\u00fcs\u00fc Alistair Carmichael, Ba\u015fbakan&#8217;\u0131n yorumlar\u0131n\u0131 &#8220;isyankar milletvekillerini yan\u0131nda tutmaya \u00e7al\u0131\u015fan bo\u015f bir tehditten ba\u015fka bir \u015fey de\u011fil&#8221; olarak nitelendirdi.<\/p>\n<p>\u00c7ar\u015famba g\u00fcn\u00fc verdi\u011fi m\u00fclakatta Sunak, Yasa Tasar\u0131s\u0131 Lordlar Kamaras\u0131\u2019ndaki muhalefeti a\u015far a\u015fmaz Ruanda politikas\u0131n\u0131 uygulayaca\u011f\u0131n\u0131 s\u00f6yledi ve Orta Afrika \u00fclkesine s\u0131\u011f\u0131nmac\u0131 g\u00f6t\u00fcrmek isteyen hi\u00e7bir havayolu \u015firketi olmad\u0131\u011f\u0131 y\u00f6n\u00fcndeki haberleri yalanlad\u0131.<\/p>\n<p>Ayr\u0131ca k\u00fc\u00e7\u00fck teknelere y\u00f6nelik daha geni\u015f kapsaml\u0131 yakla\u015f\u0131m\u0131n\u0131 savunarak, sorunun \u00fcstesinden gelmek i\u00e7in &#8220;tarihteki di\u011fer ba\u015fbakanlardan daha fazlas\u0131n\u0131&#8221; yapt\u0131\u011f\u0131n\u0131 s\u00f6yledi.<\/p>\n<p>Ge\u00e7en y\u0131l ge\u00e7i\u015flerde ya\u015fanan d\u00fc\u015f\u00fc\u015f\u00fcn ard\u0131ndan, bu y\u0131l\u0131n ilk \u00fc\u00e7 ay\u0131nda 5,000&#8217;den fazla ki\u015fi yolculuk yaparak 2022&#8217;de k\u0131r\u0131lan bir \u00f6nceki rekoru a\u015ft\u0131.<\/p>\n<div id=\"briti-1937799050\" class=\"briti-icerikten-sonra_2\" style=\"margin-top: 25px;margin-bottom: 25px;\"><a href=\"https:\/\/wa.me\/message\/NDZLLIOQT4H3O1\" aria-label=\"bytv reklam banner\"><img loading=\"lazy\" decoding=\"async\" src=\"https:\/\/by-tv.co.uk\/wp-content\/uploads\/2025\/12\/bytv-reklam-banner.jpg\" alt=\"\"  width=\"2376\" height=\"1008\"   \/><\/a><\/div>","protected":false},"excerpt":{"rendered":"<p>G\u00f6\u00e7\u00fc kontrol alt\u0131na alman\u0131n &#8220;yabanc\u0131 bir mahkemeye \u00fcyelikten&#8221; daha \u00f6nemli oldu\u011funu s\u00f6yleyen \u0130ngiltere Ba\u015fbakan\u0131, Avrupa \u0130nsan Haklar\u0131 S\u00f6zle\u015fmesi&#8217;nden (A\u0130HS) ayr\u0131lmay\u0131 destekleyebilece\u011fine dair \u015fimdiye kadarki en g\u00fc\u00e7l\u00fc imada bulundu. Rishi Sunak verdi\u011fi bir r\u00f6portajda , Man\u015f Denizi&#8217;ni ge\u00e7en k\u00fc\u00e7\u00fck teknelerle m\u00fccadele yakla\u015f\u0131m\u0131n\u0131 savundu ancak Ruanda politikas\u0131n\u0131 engellemesi halinde A\u0130HS&#8217;den ayr\u0131lmaya haz\u0131r oldu\u011funu belirtti. Ba\u015fbakan The Sun&#8217;\u0131n Never Mind The Ballots program\u0131nda konu\u015ftu: &#8220;T\u00fcm planlar\u0131m\u0131z\u0131n A\u0130HS de dahil olmak \u00fczere t\u00fcm uluslararas\u0131 y\u00fck\u00fcml\u00fcl\u00fcklerimizle uyumlu oldu\u011funa inan\u0131yorum, ancak s\u0131n\u0131r g\u00fcvenli\u011finin ve yasad\u0131\u015f\u0131 g\u00f6\u00e7\u00fc kontrol edebilmemizin yabanc\u0131 bir mahkemeye \u00fcyelikten daha \u00f6nemli oldu\u011funa inan\u0131yorum \u00e7\u00fcnk\u00fc bu bir \u00fclke olarak egemenli\u011fimiz i\u00e7in temeldir.&#8221; Aralar\u0131nda eski [&hellip;]<\/p>\n","protected":false},"author":1,"featured_media":22594,"comment_status":"open","ping_status":"open","sticky":false,"template":"","format":"standard","meta":{"ngg_post_thumbnail":0,"footnotes":""},"categories":[11,969,15],"tags":[],"class_list":["post-24483","post","type-post","status-publish","format-standard","has-post-thumbnail","hentry","category-dunya","category-gocmenlik","category-ingiltere"],"_links":{"self":[{"href":"https:\/\/by-tv.co.uk\/en\/wp-json\/wp\/v2\/posts\/24483","targetHints":{"allow":["GET"]}}],"collection":[{"href":"https:\/\/by-tv.co.uk\/en\/wp-json\/wp\/v2\/posts"}],"about":[{"href":"https:\/\/by-tv.co.uk\/en\/wp-json\/wp\/v2\/types\/post"}],"author":[{"embeddable":true,"href":"https:\/\/by-tv.co.uk\/en\/wp-json\/wp\/v2\/users\/1"}],"replies":[{"embeddable":true,"href":"https:\/\/by-tv.co.uk\/en\/wp-json\/wp\/v2\/comments?post=24483"}],"version-history":[{"count":0,"href":"https:\/\/by-tv.co.uk\/en\/wp-json\/wp\/v2\/posts\/24483\/revisions"}],"wp:featuredmedia":[{"embeddable":true,"href":"https:\/\/by-tv.co.uk\/en\/wp-json\/wp\/v2\/media\/22594"}],"wp:attachment":[{"href":"https:\/\/by-tv.co.uk\/en\/wp-json\/wp\/v2\/media?parent=24483"}],"wp:term":[{"taxonomy":"category","embeddable":true,"href":"https:\/\/by-tv.co.uk\/en\/wp-json\/wp\/v2\/categories?post=24483"},{"taxonomy":"post_tag","embeddable":true,"href":"https:\/\/by-tv.co.uk\/en\/wp-json\/wp\/v2\/tags?post=24483"}],"curies":[{"name":"wp","href":"https:\/\/api.w.org\/{rel}","templated":true}]}}