{"id":24348,"date":"2024-04-01T22:50:00","date_gmt":"2024-04-01T21:50:00","guid":{"rendered":"https:\/\/by-tv.co.uk\/?p=24348"},"modified":"2024-04-01T23:29:11","modified_gmt":"2024-04-01T22:29:11","slug":"bu-yil-5000den-fazla-yasadisi-gocmen-mans-denizini-gecti","status":"publish","type":"post","link":"https:\/\/by-tv.co.uk\/en\/bu-yil-5000den-fazla-yasadisi-gocmen-mans-denizini-gecti\/","title":{"rendered":"\u0130ngiltere: Bu y\u0131l 5,000&#8217;den fazla yasad\u0131\u015f\u0131 g\u00f6\u00e7men Man\u015f Denizi&#8217;ni ge\u00e7ti"},"content":{"rendered":"<p>Bu y\u0131l 5,000&#8217;den fazla yasad\u0131\u015f\u0131 g\u00f6\u00e7men Man\u015f Denizi&#8217;ni ge\u00e7ti. Bu g\u00f6\u00e7menlerden yakla\u015f\u0131k 800&#8217;\u00fc Paskalya&#8217;n\u0131n oldu\u011fu hafta sonu boyunca ge\u00e7i\u015f yapt\u0131.<\/p>\n<p>\u0130ngiltere \u0130\u00e7i\u015fleri Bakanl\u0131\u011f\u0131&#8217;na g\u00f6re 30 ve 31 Mart tarihlerinde toplam 791 g\u00f6\u00e7men bu ge\u00e7i\u015fi ger\u00e7ekle\u015ftirdi.<\/p>\n<p>H\u00fck\u00fcmetin rakamlar\u0131na g\u00f6re Cumartesi g\u00fcn\u00fc 349, Pazar g\u00fcn\u00fc ise 442 ki\u015fi daha Man\u015f Denizi&#8217;ni ge\u00e7erek bu y\u0131l bu kanal ge\u00e7i\u015fini ger\u00e7ekle\u015ftirenlerin toplam say\u0131s\u0131n\u0131 5.435&#8217;e \u00e7\u0131kard\u0131.<\/p><div id=\"briti-83769463\" class=\"briti-icerik\" style=\"margin-top: 5px;margin-bottom: 5px;\"><a href=\"https:\/\/piaryum.com\/services\/\" aria-label=\"piaryum banner\"><img loading=\"lazy\" decoding=\"async\" src=\"https:\/\/by-tv.co.uk\/wp-content\/uploads\/2025\/12\/Gemini_Generated_Image_g5yqr1g5yqr1g5yq.jpg\" alt=\"\"  width=\"2064\" height=\"1152\"   \/><\/a><\/div>\n<p>BBC&#8217;ye konu\u015fan bir \u0130\u00e7i\u015fleri Bakanl\u0131\u011f\u0131 s\u00f6zc\u00fcs\u00fc Man\u015f Denizi&#8217;ni ge\u00e7en &#8220;kabul edilemez say\u0131daki insan\u0131n&#8221; &#8220;Ruanda&#8217;ya u\u00e7u\u015flar\u0131n\u0131 neden bir an \u00f6nce ba\u015flatmam\u0131z gerekti\u011fini tam olarak g\u00f6sterdi\u011fini&#8221; s\u00f6yledi.<\/p>\n<p>Cumartesi g\u00fcnk\u00fc ge\u00e7i\u015flerden \u00f6nce, 2024 y\u0131l\u0131n\u0131n ilk \u00fc\u00e7 ay\u0131nda rekor say\u0131da insan bu yolculu\u011fu ger\u00e7ekle\u015ftirmi\u015fti.<\/p>\n<p>Ocak-Mart aylar\u0131 aras\u0131ndaki bir \u00f6nceki rekor 2022&#8217;de 4,548 ki\u015fiydi, ge\u00e7en y\u0131l\u0131n ilk \u00e7eyre\u011finde ise 3,793 ki\u015fi gelmi\u015fti.<\/p>\n<p>G\u00f6lge g\u00f6\u00e7menlik bakan\u0131 Stephen Kinnock &#8220;Muhafazak\u00e2rlar bu Paskalya Bayram\u0131 tatilinde daha \u00f6nce g\u00f6r\u00fclmemi\u015f d\u00fczeyde tehlikeli Kanal ge\u00e7i\u015flerini denetlediler.&#8221;<\/p>\n<p>&#8220;Noel&#8217;de ge\u00e7i\u015flerin azl\u0131\u011f\u0131ndan \u00f6vg\u00fcyle bahsettiler, peki resmi tatil hafta sonu boyunca k\u00fc\u00e7\u00fck teknelerle yakla\u015f\u0131k 800 ki\u015finin geldi\u011fini g\u00f6rd\u00fc\u011f\u00fcm\u00fczde \u0130\u00e7i\u015fleri Bakan\u0131 ve Ba\u015fbakan \u015fimdi neredeler?<\/p>\n<p>&#8220;Bu tam bir kaos.&#8221;<\/p>\n<h4>&#8216;Frans\u0131z polisi ile yak\u0131n \u00e7al\u0131\u015f\u0131n&#8217;&nbsp;<\/h4>\n<p>Teknelerin durdurulmas\u0131, Rishi Sunak&#8217;\u0131n bu y\u0131l\u0131n sonunda yap\u0131lmas\u0131 beklenen genel se\u00e7imler \u00f6ncesinde se\u00e7menlere verdi\u011fi be\u015f vaatten biriydi.<\/p>\n<p>&nbsp;Uluslararas\u0131 Af \u00d6rg\u00fct\u00fc Birle\u015fik Krall\u0131k M\u00fclteci ve G\u00f6\u00e7men Haklar\u0131 Direkt\u00f6r\u00fc Steve Valdez-Symonds ise \u015funlar\u0131 s\u00f6yledi &#8220;Man\u015f Denizi&#8217;nin her iki yakas\u0131ndaki h\u00fck\u00fcmetler, sorumlulu\u011fu payla\u015farak ve daha \u00f6nce yapt\u0131klar\u0131 gibi, s\u0131\u011f\u0131nma prosed\u00fcrlerinin her birine g\u00fcvenli eri\u015fimi m\u00fcmk\u00fcn k\u0131lacak d\u00fczenlemeleri hayata ge\u00e7irerek tutumlar\u0131n\u0131 tamamen de\u011fi\u015ftirmelidirler.&#8221; dedi.<\/p>\n<p>&nbsp;<\/p>\n<div id=\"briti-301265091\" class=\"briti-icerikten-sonra_2\" style=\"margin-top: 25px;margin-bottom: 25px;\"><a href=\"https:\/\/wa.me\/message\/NDZLLIOQT4H3O1\" aria-label=\"bytv reklam banner\"><img loading=\"lazy\" decoding=\"async\" src=\"https:\/\/by-tv.co.uk\/wp-content\/uploads\/2025\/12\/bytv-reklam-banner.jpg\" alt=\"\"  width=\"2376\" height=\"1008\"   \/><\/a><\/div>","protected":false},"excerpt":{"rendered":"<p>Bu y\u0131l 5,000&#8217;den fazla yasad\u0131\u015f\u0131 g\u00f6\u00e7men Man\u015f Denizi&#8217;ni ge\u00e7ti. Bu g\u00f6\u00e7menlerden yakla\u015f\u0131k 800&#8217;\u00fc Paskalya&#8217;n\u0131n oldu\u011fu hafta sonu boyunca ge\u00e7i\u015f yapt\u0131. \u0130ngiltere \u0130\u00e7i\u015fleri Bakanl\u0131\u011f\u0131&#8217;na g\u00f6re 30 ve 31 Mart tarihlerinde toplam 791 g\u00f6\u00e7men bu ge\u00e7i\u015fi ger\u00e7ekle\u015ftirdi. H\u00fck\u00fcmetin rakamlar\u0131na g\u00f6re Cumartesi g\u00fcn\u00fc 349, Pazar g\u00fcn\u00fc ise 442 ki\u015fi daha Man\u015f Denizi&#8217;ni ge\u00e7erek bu y\u0131l bu kanal ge\u00e7i\u015fini ger\u00e7ekle\u015ftirenlerin toplam say\u0131s\u0131n\u0131 5.435&#8217;e \u00e7\u0131kard\u0131. BBC&#8217;ye konu\u015fan bir \u0130\u00e7i\u015fleri Bakanl\u0131\u011f\u0131 s\u00f6zc\u00fcs\u00fc Man\u015f Denizi&#8217;ni ge\u00e7en &#8220;kabul edilemez say\u0131daki insan\u0131n&#8221; &#8220;Ruanda&#8217;ya u\u00e7u\u015flar\u0131n\u0131 neden bir an \u00f6nce ba\u015flatmam\u0131z gerekti\u011fini tam olarak g\u00f6sterdi\u011fini&#8221; s\u00f6yledi. Cumartesi g\u00fcnk\u00fc ge\u00e7i\u015flerden \u00f6nce, 2024 y\u0131l\u0131n\u0131n ilk \u00fc\u00e7 ay\u0131nda rekor say\u0131da insan bu yolculu\u011fu ger\u00e7ekle\u015ftirmi\u015fti. [&hellip;]<\/p>\n","protected":false},"author":1,"featured_media":24351,"comment_status":"open","ping_status":"open","sticky":false,"template":"","format":"standard","meta":{"ngg_post_thumbnail":0,"footnotes":""},"categories":[969,15],"tags":[],"class_list":["post-24348","post","type-post","status-publish","format-standard","has-post-thumbnail","hentry","category-gocmenlik","category-ingiltere"],"_links":{"self":[{"href":"https:\/\/by-tv.co.uk\/en\/wp-json\/wp\/v2\/posts\/24348","targetHints":{"allow":["GET"]}}],"collection":[{"href":"https:\/\/by-tv.co.uk\/en\/wp-json\/wp\/v2\/posts"}],"about":[{"href":"https:\/\/by-tv.co.uk\/en\/wp-json\/wp\/v2\/types\/post"}],"author":[{"embeddable":true,"href":"https:\/\/by-tv.co.uk\/en\/wp-json\/wp\/v2\/users\/1"}],"replies":[{"embeddable":true,"href":"https:\/\/by-tv.co.uk\/en\/wp-json\/wp\/v2\/comments?post=24348"}],"version-history":[{"count":0,"href":"https:\/\/by-tv.co.uk\/en\/wp-json\/wp\/v2\/posts\/24348\/revisions"}],"wp:featuredmedia":[{"embeddable":true,"href":"https:\/\/by-tv.co.uk\/en\/wp-json\/wp\/v2\/media\/24351"}],"wp:attachment":[{"href":"https:\/\/by-tv.co.uk\/en\/wp-json\/wp\/v2\/media?parent=24348"}],"wp:term":[{"taxonomy":"category","embeddable":true,"href":"https:\/\/by-tv.co.uk\/en\/wp-json\/wp\/v2\/categories?post=24348"},{"taxonomy":"post_tag","embeddable":true,"href":"https:\/\/by-tv.co.uk\/en\/wp-json\/wp\/v2\/tags?post=24348"}],"curies":[{"name":"wp","href":"https:\/\/api.w.org\/{rel}","templated":true}]}}