{"id":24320,"date":"2024-04-01T13:35:44","date_gmt":"2024-04-01T12:35:44","guid":{"rendered":"https:\/\/by-tv.co.uk\/?p=24320"},"modified":"2024-04-01T14:04:36","modified_gmt":"2024-04-01T13:04:36","slug":"bbc-muhalefet-erdogani-tarihi-zaferle-saskina-cevirdi","status":"publish","type":"post","link":"https:\/\/by-tv.co.uk\/en\/bbc-muhalefet-erdogani-tarihi-zaferle-saskina-cevirdi\/","title":{"rendered":"Yerel Se\u00e7im \u0130ngiliz Bas\u0131n\u0131nda: BBC &#8221; Muhalefet Erdo\u011fan&#8217;\u0131 tarihi zaferle \u015fa\u015fk\u0131na \u00e7evirdi&#8221;"},"content":{"rendered":"<p>T\u00fcrkiye&#8217;nin 31 Mart 2024 Mahalli \u0130dareler Genel Se\u00e7imleri, \u0130ngiliz bas\u0131n\u0131nda geni\u015f yer buldu.&nbsp; The Guardian gazetesi Cumhuriyet Halk Partisi\u2019nin (CHP) kazanmas\u0131n\u0131 \u201cBeklenmedik sonu\u00e7\u201d olarak de\u011ferlendirirken,&nbsp; BBC &#8221; Muhalefet Erdo\u011fan&#8217;\u0131 tarihi zaferle \u015fa\u015fk\u0131na \u00e7evirdi&#8221; ifadelerini kulland\u0131.<\/p>\n<h4>BBC &#8221; Muhalefet Erdo\u011fan&#8217;\u0131 tarihi zaferle \u015fa\u015fk\u0131na \u00e7evirdi&#8221;<\/h4>\n<p><a href=\"https:\/\/www.bbc.co.uk\/news\/world-europe-68704375\" target=\"_blank\" rel=\"noopener\">BBC<\/a> &#8220;Sonu\u00e7lar, \u015fehirleri ele ge\u00e7irmeyi umdu\u011fu ba\u015fkanl\u0131k d\u00f6neminin \u00fc\u00e7\u00fcnc\u00fc y\u0131l\u0131ndan k\u0131sa bir s\u00fcre sonra, Recep Tayyip Erdo\u011fan i\u00e7in \u00f6nemli bir darbe oldu.<\/p>\n<p>\u0130stanbul&#8217;da kazanmak i\u00e7in kampanya y\u00fcr\u00fctt\u00fc, buras\u0131 b\u00fcy\u00fcd\u00fc\u011f\u00fc ve belediye ba\u015fkan\u0131 oldu\u011fu yer.<\/p><div id=\"briti-1366340102\" class=\"briti-icerik\" style=\"margin-top: 5px;margin-bottom: 5px;\"><a href=\"https:\/\/piaryum.com\/services\/\" aria-label=\"piaryum banner\"><img loading=\"lazy\" decoding=\"async\" src=\"https:\/\/by-tv.co.uk\/wp-content\/uploads\/2025\/12\/Gemini_Generated_Image_g5yqr1g5yqr1g5yq.jpg\" alt=\"\"  width=\"2064\" height=\"1152\"   \/><\/a><\/div>\n<div id=\"attachment_24326\" style=\"width: 2570px\" class=\"wp-caption alignnone\"><img loading=\"lazy\" decoding=\"async\" aria-describedby=\"caption-attachment-24326\" class=\"size-full wp-image-24326\" src=\"https:\/\/by-tv.co.uk\/wp-content\/uploads\/2024\/04\/IZMIRDE-CHPLILER-CUMHURIYET-MEYDANIND_34192-scaled.jpg\" alt=\"\" width=\"2560\" height=\"1707\" title=\"\"><p id=\"caption-attachment-24326\" class=\"wp-caption-text\">\u0130zmir<br \/>DHA<\/p><\/div>\n<p>Ancak 2019&#8217;da \u015fehri ilk kez kazanan <a href=\"https:\/\/by-tv.co.uk\/en\/?s=imamo\u011flu\">Ekrem \u0130mamo\u011flu<\/a>, laik muhalefet CHP i\u00e7in ikinci bir zafer elde etti.<\/p>\n<p><img loading=\"lazy\" decoding=\"async\" class=\"alignnone size-full wp-image-24334\" src=\"https:\/\/by-tv.co.uk\/wp-content\/uploads\/2024\/04\/BBC.png\" alt=\"\" width=\"926\" height=\"449\" title=\"\"><\/p>\n<p>&nbsp;Erdo\u011fan, neredeyse 16 milyon insan\u0131n ya\u015fad\u0131\u011f\u0131 T\u00fcrkiye&#8217;nin megakenti i\u00e7in yeni bir d\u00f6nem vaat etmi\u015fti, ancak mevcut \u0130stanbul belediye ba\u015fkan\u0131, oylar\u0131n %50&#8217;den fazlas\u0131n\u0131 alarak, cumhurba\u015fkan\u0131n\u0131n AK Parti aday\u0131n\u0131 11 puan ve neredeyse bir milyon oyla yendi.<\/p>\n<p><img loading=\"lazy\" decoding=\"async\" class=\"alignnone size-full wp-image-24329\" src=\"https:\/\/by-tv.co.uk\/wp-content\/uploads\/2024\/04\/GKCTS05WoAEsiGX.jpeg\" alt=\"\" width=\"1366\" height=\"2048\" title=\"\"><\/p>\n<p>Bu ayn\u0131 zamanda Bay Erdo\u011fan&#8217;\u0131n iktidara geldi\u011fi 21 y\u0131l boyunca, partisinin \u00fclke genelinde sand\u0131kta yenildi\u011fi ilk zaman oldu.<\/p>\n<p>Ba\u015fkent Ankara&#8217;da, muhalefet belediye ba\u015fkan\u0131 Mansur Yava\u015f, rakibine %60 ile \u00f6yle bir fark att\u0131 ki, oylar\u0131n yar\u0131s\u0131ndan az\u0131 say\u0131ld\u0131\u011f\u0131nda zaferini ilan etti.&nbsp; &nbsp;<\/p>\n<p>&nbsp;CHP &#8211; Cumhuriyet Halk Partisi &#8211; T\u00fcrkiye&#8217;nin d\u00f6rd\u00fcnc\u00fc en b\u00fcy\u00fck \u015fehri Bursa&#8217;y\u0131 ve kuzeybat\u0131daki Bal\u0131kesir&#8217;i ele ge\u00e7irdi ve \u0130zmir, Adana ve Antalya tatil beldesinde kontrol\u00fc elinde tuttu.&#8221; \u015feklinde okuyucular\u0131na duyurdu.<\/p>\n<h4>Daily Mail<\/h4>\n<p><a href=\"https:\/\/www.dailymail.co.uk\/news\/article-13258361\/Erdogan-suffers-huge-blow-Turkish-elections-opposition-party-claims-historic-victories-Istanbul-Ankara.html\" target=\"_blank\" rel=\"noopener\">Daily Mail<\/a> &#8220;Muhalefet partisinin \u0130stanbul ve Ankara&#8217;da tarihi zaferler kazanmas\u0131yla Erdo\u011fan T\u00fcrkiye se\u00e7imlerinde b\u00fcy\u00fck darbe ald\u0131&#8221; ba\u015fl\u0131\u011f\u0131n\u0131 att\u0131. <img loading=\"lazy\" decoding=\"async\" class=\"alignnone size-full wp-image-24336\" src=\"https:\/\/by-tv.co.uk\/wp-content\/uploads\/2024\/04\/dailymaiL.png\" alt=\"\" width=\"661\" height=\"189\" title=\"\"><\/p>\n<p>Daily Mail &#8220;Bu, Erdo\u011fan ve AK Parti (AKP) i\u00e7in iktidardaki yirmi y\u0131l\u0131 a\u015fk\u0131n s\u00fcrenin en k\u00f6t\u00fc yenilgisiydi ve \u00fclkenin b\u00f6l\u00fcnm\u00fc\u015f siyasi manzaras\u0131nda bir de\u011fi\u015fikli\u011fe i\u015faret edebilir. Erdo\u011fan, gece yar\u0131s\u0131ndan sonra yapt\u0131\u011f\u0131 bir konu\u015fmada bunu &#8216;bir d\u00f6n\u00fcm noktas\u0131&#8217; olarak nitelendirdi. <img loading=\"lazy\" decoding=\"async\" class=\"alignnone size-full wp-image-24330\" src=\"https:\/\/by-tv.co.uk\/wp-content\/uploads\/2024\/04\/GKCTS00WMAEHM-l.jpeg\" alt=\"\" width=\"2048\" height=\"1152\" title=\"\"><\/p>\n<p>On binlerce insan, yerel se\u00e7im sonu\u00e7lar\u0131n\u0131n h\u00fck\u00fcmete olan deste\u011fin neredeyse %70 enflasyon ve T\u00fcrk liras\u0131n\u0131n dolar kar\u015f\u0131s\u0131nda \u00e7\u00f6k\u00fc\u015f\u00fcn\u00fcn ard\u0131ndan zay\u0131flad\u0131\u011f\u0131n\u0131 g\u00f6stermesinin ard\u0131ndan me\u015faleler yakt\u0131 ve T\u00fcrk bayraklar\u0131 sallad\u0131.&#8221; yorumunu yapt\u0131<\/p>\n<h4>The Guardian&nbsp;<\/h4>\n<p><a href=\"https:\/\/www.theguardian.com\/world\/2024\/mar\/31\/turkey-local-elections-istanbul-mayor-ekrem-imamoglu-recep-tayyip-erdogan\" target=\"_blank\" rel=\"noopener\">&nbsp;The Guardian<\/a> gazetesi Cumhuriyet Halk Partisi\u2019nin (CHP) kazanmas\u0131n\u0131 \u201cBeklenmedik sonu\u00e7\u201d olarak de\u011ferlendirirdi ve &#8221; T\u00fcrkiye&#8217;nin ana muhalefet partisi, Pazar g\u00fcn\u00fc T\u00fcrkiye&#8217;nin yerel se\u00e7imlerinde, ba\u015fkent Ankara ve \u0130stanbul da dahil olmak \u00fczere b\u00fcy\u00fck \u015fehirlerin kontrol\u00fcn\u00fc s\u00fcrd\u00fcrerek, Recep Tayyip Erdo\u011fan&#8217;\u0131n y\u00f6netimine beklenmedik bir darbe vurdu, Ekrem \u0130mamo\u011flu \u0130stanbul belediye ba\u015fkan\u0131 olarak ikinci d\u00f6nemini kazand\u0131.&#8221; diye devam etti. <img loading=\"lazy\" decoding=\"async\" class=\"alignnone size-full wp-image-24335\" src=\"https:\/\/by-tv.co.uk\/wp-content\/uploads\/2024\/04\/theguardian.png\" alt=\"\" width=\"639\" height=\"211\" title=\"\"><\/p>\n<h4>The Independent<\/h4>\n<p><a href=\"https:\/\/www.independent.co.uk\/news\/world\/europe\/turkey-elections-erdogan-ekrem-imamoglu-b2521434.html\" target=\"_blank\" rel=\"noopener\">The Independent<\/a> ise T\u00fcrkiye&#8217;nin ana muhalefet partisi yerel se\u00e7imlerde ezici bir zafer kazanarak Recep Tayyip Erdo\u011fan&#8217;\u0131n yirmi y\u0131ll\u0131k iktidar\u0131na ciddi bir darbe indirdi ve \u00fclkenin siyasi manzaras\u0131nda bir de\u011fi\u015fikli\u011fin sinyalini verdi.&#8221; mesaj\u0131n\u0131 payla\u015ft\u0131.<\/p>\n<p><img loading=\"lazy\" decoding=\"async\" class=\"alignnone size-full wp-image-24338\" src=\"https:\/\/by-tv.co.uk\/wp-content\/uploads\/2024\/04\/independenT.png\" alt=\"\" width=\"1014\" height=\"186\" title=\"\"><\/p>\n<blockquote><p>&#8220;Muhalefet aday\u0131 Ekrem \u0130mamo\u011flu, Erdo\u011fan&#8217;\u0131n kendisini g\u00f6revden almak i\u00e7in g\u00f6sterdi\u011fi yo\u011fun \u00e7abaya ra\u011fmen \u0130stanbul belediye ba\u015fkan\u0131 olarak ikinci bir d\u00f6nem kazand\u0131 ve bu s\u00fcre\u00e7te cumhurba\u015fkan\u0131n\u0131n ana rakibi olarak konumunu sa\u011flamla\u015ft\u0131rd\u0131.&#8221;<\/p><\/blockquote>\n<p><span style=\"font-size: 1.21429rem;\">&#8220;Bu, T\u00fcrkiye cumhurba\u015fkan\u0131n\u0131n 21 y\u0131l \u00f6nce iktidara gelmesinden bu yana ald\u0131\u011f\u0131 en k\u00f6t\u00fc yenilgiydi.&#8221; diyen The Independent &#8220;<\/span>Erdo\u011fan&#8217;\u0131n iktidardaki Adalet ve Kalk\u0131nma Partisi (AKP), y\u00fckselen enflasyon ve memnuniyetsiz \u0130slamc\u0131 se\u00e7menlerle m\u00fccadele ederken, kamuoyu yoklamalar\u0131n\u0131n belirtti\u011fi beklentilerin alt\u0131nda bir performans sergiledi. &#8221; yorumunu yapt\u0131. <img loading=\"lazy\" decoding=\"async\" class=\"alignnone size-full wp-image-24331\" src=\"https:\/\/by-tv.co.uk\/wp-content\/uploads\/2024\/04\/GKCTS1BW8AAnuZR.jpeg\" alt=\"\" width=\"2048\" height=\"1366\" title=\"\"><\/p>\n<h4>Sky News<\/h4>\n<p><a href=\"https:\/\/news.sky.com\/story\/turkey-president-erdogan-suffers-worst-electoral-defeat-in-two-decades-13105930\" target=\"_blank\" rel=\"noopener\">Sky News<\/a> ise &#8220;T\u00fcrkiye Cumhurba\u015fkan\u0131 Recep Tayyip Erdo\u011fan&#8217;\u0131n partisi, bu hafta sonu yap\u0131lan yerel se\u00e7imlerde iktidardaki yirmi y\u0131l\u0131 a\u015fk\u0131n s\u00fcrenin en k\u00f6t\u00fc yenilgisini ya\u015fad\u0131.&#8221; mesaj\u0131n\u0131 payla\u015ft\u0131. <img loading=\"lazy\" decoding=\"async\" class=\"alignnone size-full wp-image-24337\" src=\"https:\/\/by-tv.co.uk\/wp-content\/uploads\/2024\/04\/news-sky.png\" alt=\"\" width=\"921\" height=\"211\" title=\"\"><\/p>\n<div id=\"briti-4041374142\" class=\"briti-icerikten-sonra_2\" style=\"margin-top: 25px;margin-bottom: 25px;\"><a href=\"https:\/\/wa.me\/message\/NDZLLIOQT4H3O1\" aria-label=\"bytv reklam banner\"><img loading=\"lazy\" decoding=\"async\" src=\"https:\/\/by-tv.co.uk\/wp-content\/uploads\/2025\/12\/bytv-reklam-banner.jpg\" alt=\"\"  width=\"2376\" height=\"1008\"   \/><\/a><\/div>","protected":false},"excerpt":{"rendered":"<p>T\u00fcrkiye&#8217;nin 31 Mart 2024 Mahalli \u0130dareler Genel Se\u00e7imleri, \u0130ngiliz bas\u0131n\u0131nda geni\u015f yer buldu.&nbsp; The Guardian gazetesi Cumhuriyet Halk Partisi\u2019nin (CHP) kazanmas\u0131n\u0131 \u201cBeklenmedik sonu\u00e7\u201d olarak de\u011ferlendirirken,&nbsp; BBC &#8221; Muhalefet Erdo\u011fan&#8217;\u0131 tarihi zaferle \u015fa\u015fk\u0131na \u00e7evirdi&#8221; ifadelerini kulland\u0131. BBC &#8221; Muhalefet Erdo\u011fan&#8217;\u0131 tarihi zaferle \u015fa\u015fk\u0131na \u00e7evirdi&#8221; BBC &#8220;Sonu\u00e7lar, \u015fehirleri ele ge\u00e7irmeyi umdu\u011fu ba\u015fkanl\u0131k d\u00f6neminin \u00fc\u00e7\u00fcnc\u00fc y\u0131l\u0131ndan k\u0131sa bir s\u00fcre sonra, Recep Tayyip Erdo\u011fan i\u00e7in \u00f6nemli bir darbe oldu. \u0130stanbul&#8217;da kazanmak i\u00e7in kampanya y\u00fcr\u00fctt\u00fc, buras\u0131 b\u00fcy\u00fcd\u00fc\u011f\u00fc ve belediye ba\u015fkan\u0131 oldu\u011fu yer. Ancak 2019&#8217;da \u015fehri ilk kez kazanan Ekrem \u0130mamo\u011flu, laik muhalefet CHP i\u00e7in ikinci bir zafer elde etti. &nbsp;Erdo\u011fan, neredeyse 16 milyon insan\u0131n ya\u015fad\u0131\u011f\u0131 [&hellip;]<\/p>\n","protected":false},"author":1,"featured_media":24321,"comment_status":"open","ping_status":"open","sticky":false,"template":"","format":"standard","meta":{"ngg_post_thumbnail":0,"footnotes":""},"categories":[15],"tags":[],"class_list":["post-24320","post","type-post","status-publish","format-standard","has-post-thumbnail","hentry","category-ingiltere"],"_links":{"self":[{"href":"https:\/\/by-tv.co.uk\/en\/wp-json\/wp\/v2\/posts\/24320","targetHints":{"allow":["GET"]}}],"collection":[{"href":"https:\/\/by-tv.co.uk\/en\/wp-json\/wp\/v2\/posts"}],"about":[{"href":"https:\/\/by-tv.co.uk\/en\/wp-json\/wp\/v2\/types\/post"}],"author":[{"embeddable":true,"href":"https:\/\/by-tv.co.uk\/en\/wp-json\/wp\/v2\/users\/1"}],"replies":[{"embeddable":true,"href":"https:\/\/by-tv.co.uk\/en\/wp-json\/wp\/v2\/comments?post=24320"}],"version-history":[{"count":0,"href":"https:\/\/by-tv.co.uk\/en\/wp-json\/wp\/v2\/posts\/24320\/revisions"}],"wp:featuredmedia":[{"embeddable":true,"href":"https:\/\/by-tv.co.uk\/en\/wp-json\/wp\/v2\/media\/24321"}],"wp:attachment":[{"href":"https:\/\/by-tv.co.uk\/en\/wp-json\/wp\/v2\/media?parent=24320"}],"wp:term":[{"taxonomy":"category","embeddable":true,"href":"https:\/\/by-tv.co.uk\/en\/wp-json\/wp\/v2\/categories?post=24320"},{"taxonomy":"post_tag","embeddable":true,"href":"https:\/\/by-tv.co.uk\/en\/wp-json\/wp\/v2\/tags?post=24320"}],"curies":[{"name":"wp","href":"https:\/\/api.w.org\/{rel}","templated":true}]}}