{"id":24308,"date":"2024-03-31T21:00:42","date_gmt":"2024-03-31T20:00:42","guid":{"rendered":"https:\/\/by-tv.co.uk\/?p=24308"},"modified":"2024-04-01T00:48:15","modified_gmt":"2024-03-31T23:48:15","slug":"son-dakika-turkiye-capinda-oylarin-67si-sayildi-chp-38-ilde-birinci","status":"publish","type":"post","link":"https:\/\/by-tv.co.uk\/en\/son-dakika-turkiye-capinda-oylarin-67si-sayildi-chp-38-ilde-birinci\/","title":{"rendered":"Son Dakika ! Yerel Se\u00e7im: T\u00fcrkiye \u00e7ap\u0131nda oylar\u0131n % 67&#8217;si say\u0131ld\u0131, CHP 38 ilde birinci"},"content":{"rendered":"<p>Bug\u00fcn T\u00fcrkiye&#8217;de yap\u0131lan yerel se\u00e7imlerde T\u00fcrkiye \u00e7ap\u0131nda oylar\u0131n % 67&#8217;si say\u0131ld\u0131.<\/p>\n<p>Belediye ba\u015fkanl\u0131\u011f\u0131 se\u00e7imleri sonu\u00e7lar\u0131na g\u00f6re \u015fu ana kadar CHP&#8217;nin oy oran\u0131 y\u00fczde 38, AKP&#8217;nin ise y\u00fczde 37. \u00dc\u00e7 b\u00fcy\u00fck\u015fehir \u0130stanbul, Ankara ve \u0130zmir&#8217;de CHP&#8217;nin kazanmas\u0131 kesinle\u015fmi\u015f g\u00f6z\u00fck\u00fcyor.<\/p>\n<p>DEM Parti y\u00fczde 6, Yeniden Refah Partisi y\u00fczde 5, MHP y\u00fczde 4, \u0130Y\u0130 Parti y\u00fczde 3, di\u011fer partiler de y\u00fczde 6 oy alm\u0131\u015f g\u00f6r\u00fcn\u00fcyor.<\/p><div id=\"briti-1454026459\" class=\"briti-icerik\" style=\"margin-top: 5px;margin-bottom: 5px;\"><a href=\"https:\/\/piaryum.com\/services\/\" aria-label=\"piaryum banner\"><img loading=\"lazy\" decoding=\"async\" src=\"https:\/\/by-tv.co.uk\/wp-content\/uploads\/2025\/12\/Gemini_Generated_Image_g5yqr1g5yqr1g5yq.jpg\" alt=\"\"  width=\"2064\" height=\"1152\"   \/><\/a><\/div>\n<p>&nbsp;5 y\u0131l \u00f6nce AKP&#8217;nin kazand\u0131\u011f\u0131 illerden Bursa ve Bal\u0131kesir&#8217;de CHP, CHP&#8217;nin kazand\u0131\u011f\u0131 illerden Hatay&#8217;da ise AKP yar\u0131\u015f\u0131 \u00f6nde g\u00f6t\u00fcr\u00fcyor.<\/p>\n<h4>\u0130stanbul&#8217;da kutlamalar ba\u015flad\u0131<\/h4>\n<p>\u0130stanbul&#8217;da oy sayma i\u015flemleri devam ederken, \u0130stanbul B\u00fcy\u00fck\u015fehir Belediye Ba\u015fkan\u0131 Ekrem \u0130mamo\u011flu\u2019nu destekleyen vatanda\u015flar, \u0130BB Sara\u00e7hane Binas\u0131 \u00f6n\u00fcnde toplanarak kutlama yapmaya ba\u015flad\u0131.<\/p>\n<p><img loading=\"lazy\" decoding=\"async\" class=\"alignnone size-full wp-image-24313\" src=\"https:\/\/by-tv.co.uk\/wp-content\/uploads\/2024\/03\/ISTANBUL-IMAMOGLU-CHP-ISTANBUL-IL-BASKA_34126.jpg\" alt=\"\" width=\"1920\" height=\"1080\" title=\"\"><\/p>\n<p>Davul ve zurna e\u015fli\u011finde, ellerinde me\u015faleler ve T\u00fcrk bayraklar\u0131yla alan\u0131 dolduranlar \u2018Ekrem Ba\u015fkan\u2019 sloganlar\u0131 att\u0131.<\/p>\n<h4>Ankara&#8217;da Mansur Yava\u015f zaferini ilan etti<\/h4>\n<p>CHP Etimesgut, Ke\u00e7i\u00f6ren ve Mamak dahil 16 il\u00e7ede ilk s\u0131rada. Ankara&#8217;da&nbsp; &nbsp;oylar\u0131n yar\u0131s\u0131ndan fazlas\u0131 say\u0131ld\u0131. CHP aday\u0131 ve Ankara B\u00fcy\u00fck\u015fehir Belediye (ABB) Ba\u015fkan\u0131 Mansur Yava\u015f AA verilerine g\u00f6re y\u00fczde 59 oyla \u00f6nde.<\/p>\n<h4>CHP lideri \u00d6zg\u00fcr \u00d6zel: \u201cT\u00fcrkiye ittifak\u0131 tarihi bir sonu\u00e7 elde etmi\u015ftir\u201d dedi.<\/h4>\n<p>Se\u00e7im s\u0131ras\u0131nda sand\u0131klarda g\u00f6rev alan herkese, partisinin aday adaylar\u0131na ve adaylar\u0131na te\u015fekk\u00fcr eden CHP lideri \u00d6zg\u00fcr \u00d6zel, partisinin genel merkezinde yapt\u0131\u011f\u0131 konu\u015fmada, \u201cBug\u00fcn se\u00e7men \u00fclkemizde yeni bir siyasi iklime kap\u0131 aralamaya karar verdi\u201d dedi ve ekledi:<\/p>\n<p>&nbsp;\u201cSe\u00e7men, cumhuriyetin ikinci y\u00fczy\u0131l\u0131n\u0131n ilk se\u00e7imlerinde iktidar\u0131n orant\u0131s\u0131z g\u00fcc\u00fcn\u00fc yerelden dengelemeye karar verdi\u201d diyen \u00d6zel, \u201c\u00dclkemiz belediyelerin nas\u0131l y\u00f6netilmesi ve y\u00f6netilmemesi gerekti\u011fine dair \u00f6nemli bir karar ve mesaj vermi\u015ftir\u201d s\u00f6zlerini sarf etti.<\/p>\n<p><img loading=\"lazy\" decoding=\"async\" class=\"alignnone size-full wp-image-24317\" src=\"https:\/\/by-tv.co.uk\/wp-content\/uploads\/2024\/03\/OZGUR-OZEL-SECMEN-YENI-BIR-SIYASETIN-K_34082-scaled.jpg\" alt=\"\" width=\"2560\" height=\"1707\" title=\"\"><\/p>\n<p>\u201c\u015eehirlerimiz emin ellere teslim edildi\u201d diyen \u00d6zel, \u201c\u00dclkemiz, belediyelerin nas\u0131l y\u00f6netilmesi ve y\u00f6netilmemesi gerekti\u011fine dair \u00f6nemli bir karar ve mesaj vermi\u015ftir\u201d ifadesini kulland\u0131.<\/p>\n<blockquote><p>&#8220;Ba\u015fta \u0130stanbul, Ankara, Mersin, Adana ve Antalya belediye ba\u015fkanlar\u0131m\u0131za \u00f6zel olarak te\u015fekk\u00fcr etmek isterim. \u0130yi bir kriz y\u00f6netimine, merkezi y\u00f6netimin deste\u011fi olmasa bile mazeret \u00fcretmeden iyi icraat\u0131n nas\u0131l yap\u0131laca\u011f\u0131na ve \u201cCHP iyi belediyecilik yapar\u201d alg\u0131s\u0131n\u0131n yerle\u015fmesine yapt\u0131klar\u0131 katk\u0131yla bug\u00fcnk\u00fc zaferin ba\u015f mimarlar\u0131d\u0131r.&#8221;<\/p><\/blockquote>\n<h4>\u0130zmir B\u00fcy\u00fck\u015fehir Belediye Ba\u015fkan\u0131 Cemil Tugay&nbsp;<\/h4>\n<p>CHP \u0130zmir B\u00fcy\u00fck\u015fehir Belediye Ba\u015fkan Aday\u0131 Cemil Tugay, &#8220;CHP son yapt\u0131\u011f\u0131 kurultaydan sonra sahip oldu\u011fu yeni ruh ve m\u00fccadele azmiyle bu se\u00e7imde T\u00fcrkiye&#8217;nin kaderini de\u011fi\u015ftirecek bir ba\u015far\u0131 ortaya koydu&#8221; dedi.<\/p>\n<p><img loading=\"lazy\" decoding=\"async\" class=\"size-full wp-image-24311\" src=\"https:\/\/by-tv.co.uk\/wp-content\/uploads\/2024\/03\/CEMIL-TUGAY-CHP-TURKIYENIN-KADERINI-D_34179-scaled.jpg\" alt=\"\" width=\"2560\" height=\"1711\" title=\"\"><\/p>\n<p>CHP \u0130zmir B\u00fcy\u00fck\u015fehir Belediye Ba\u015fkan Aday\u0131 Cemil Tugay, partisinin \u0130zmir \u0130l Se\u00e7im Koordinasyon Merkezi&#8217;nde a\u00e7\u0131klamalarda bulundu. Tarihi bir g\u00fcn ya\u015fand\u0131\u011f\u0131n\u0131 dile getiren Tugay, &#8220;31 Mart 2024 tarihi, hi\u00e7bir zaman unutamayaca\u011f\u0131m\u0131z bir se\u00e7im galibiyetini ya\u015fad\u0131\u011f\u0131m\u0131z bir g\u00fcn olarak hat\u0131rlanacak. \u015eu an itibar\u0131yla \u0130zmir&#8217;de a\u00e7\u0131lan sand\u0131klar\u0131n y\u00fczde 40&#8217;\u0131ndan fazlas\u0131n\u0131n bize g\u00f6sterdi\u011fi sonu\u00e7 hep y\u00fczde 50 civar\u0131nda bir oyla b\u00fcy\u00fck\u015fehri kazand\u0131\u011f\u0131m\u0131z, en yak\u0131n rakibimiz AK Parti&#8217;nin aday\u0131na 14 puan civar\u0131nda bir farkla galibiyeti kazand\u0131\u011f\u0131m\u0131z g\u00f6r\u00fcnd\u00fc\u011f\u00fc kadar\u0131yla kesin gibi. Bundan dolay\u0131 mutluluk duyuyoruz&#8221; dedi.<\/p>\n<div id=\"attachment_24315\" style=\"width: 2570px\" class=\"wp-caption alignnone\"><img loading=\"lazy\" decoding=\"async\" aria-describedby=\"caption-attachment-24315\" class=\"size-full wp-image-24315\" src=\"https:\/\/by-tv.co.uk\/wp-content\/uploads\/2024\/03\/IZMIRDE-CHPLILER-CUMHURIYET-MEYDANIND_34192-scaled.jpg\" alt=\"\" width=\"2560\" height=\"1707\" title=\"\"><p id=\"caption-attachment-24315\" class=\"wp-caption-text\">\u00ddzmir&#8217;de se\u00e7imi takip eden CHP&#8217;liler, B\u00fcy\u00fck\u00feehir Belediye Ba\u00fekan aday\u00fd Cemil Tugay&#8217;\u00fdn \u00e7a\u00f0r\u00fds\u00fd \u00fczerine Cumhuriyet Meydan\u00fd&#8217;nda toplanmaya ba\u00felad\u00fd.Foto\u00f0raf: Kadir \u00d6ZEN &#8211; Ya\u00f0mur \u00d6NG\u00dcN \/ \u00ddzmir,(DHA)<\/p><\/div>\n<div id=\"briti-615733808\" class=\"briti-icerikten-sonra_2\" style=\"margin-top: 25px;margin-bottom: 25px;\"><a href=\"https:\/\/wa.me\/message\/NDZLLIOQT4H3O1\" aria-label=\"bytv reklam banner\"><img loading=\"lazy\" decoding=\"async\" src=\"https:\/\/by-tv.co.uk\/wp-content\/uploads\/2025\/12\/bytv-reklam-banner.jpg\" alt=\"\"  width=\"2376\" height=\"1008\"   \/><\/a><\/div>","protected":false},"excerpt":{"rendered":"<p>Bug\u00fcn T\u00fcrkiye&#8217;de yap\u0131lan yerel se\u00e7imlerde T\u00fcrkiye \u00e7ap\u0131nda oylar\u0131n % 67&#8217;si say\u0131ld\u0131. Belediye ba\u015fkanl\u0131\u011f\u0131 se\u00e7imleri sonu\u00e7lar\u0131na g\u00f6re \u015fu ana kadar CHP&#8217;nin oy oran\u0131 y\u00fczde 38, AKP&#8217;nin ise y\u00fczde 37. \u00dc\u00e7 b\u00fcy\u00fck\u015fehir \u0130stanbul, Ankara ve \u0130zmir&#8217;de CHP&#8217;nin kazanmas\u0131 kesinle\u015fmi\u015f g\u00f6z\u00fck\u00fcyor. DEM Parti y\u00fczde 6, Yeniden Refah Partisi y\u00fczde 5, MHP y\u00fczde 4, \u0130Y\u0130 Parti y\u00fczde 3, di\u011fer partiler de y\u00fczde 6 oy alm\u0131\u015f g\u00f6r\u00fcn\u00fcyor. &nbsp;5 y\u0131l \u00f6nce AKP&#8217;nin kazand\u0131\u011f\u0131 illerden Bursa ve Bal\u0131kesir&#8217;de CHP, CHP&#8217;nin kazand\u0131\u011f\u0131 illerden Hatay&#8217;da ise AKP yar\u0131\u015f\u0131 \u00f6nde g\u00f6t\u00fcr\u00fcyor. \u0130stanbul&#8217;da kutlamalar ba\u015flad\u0131 \u0130stanbul&#8217;da oy sayma i\u015flemleri devam ederken, \u0130stanbul B\u00fcy\u00fck\u015fehir Belediye Ba\u015fkan\u0131 Ekrem \u0130mamo\u011flu\u2019nu destekleyen vatanda\u015flar, \u0130BB Sara\u00e7hane [&hellip;]<\/p>\n","protected":false},"author":1,"featured_media":24309,"comment_status":"open","ping_status":"open","sticky":false,"template":"","format":"standard","meta":{"ngg_post_thumbnail":0,"footnotes":""},"categories":[1292],"tags":[],"class_list":["post-24308","post","type-post","status-publish","format-standard","has-post-thumbnail","hentry","category-turkiye"],"_links":{"self":[{"href":"https:\/\/by-tv.co.uk\/en\/wp-json\/wp\/v2\/posts\/24308","targetHints":{"allow":["GET"]}}],"collection":[{"href":"https:\/\/by-tv.co.uk\/en\/wp-json\/wp\/v2\/posts"}],"about":[{"href":"https:\/\/by-tv.co.uk\/en\/wp-json\/wp\/v2\/types\/post"}],"author":[{"embeddable":true,"href":"https:\/\/by-tv.co.uk\/en\/wp-json\/wp\/v2\/users\/1"}],"replies":[{"embeddable":true,"href":"https:\/\/by-tv.co.uk\/en\/wp-json\/wp\/v2\/comments?post=24308"}],"version-history":[{"count":0,"href":"https:\/\/by-tv.co.uk\/en\/wp-json\/wp\/v2\/posts\/24308\/revisions"}],"wp:featuredmedia":[{"embeddable":true,"href":"https:\/\/by-tv.co.uk\/en\/wp-json\/wp\/v2\/media\/24309"}],"wp:attachment":[{"href":"https:\/\/by-tv.co.uk\/en\/wp-json\/wp\/v2\/media?parent=24308"}],"wp:term":[{"taxonomy":"category","embeddable":true,"href":"https:\/\/by-tv.co.uk\/en\/wp-json\/wp\/v2\/categories?post=24308"},{"taxonomy":"post_tag","embeddable":true,"href":"https:\/\/by-tv.co.uk\/en\/wp-json\/wp\/v2\/tags?post=24308"}],"curies":[{"name":"wp","href":"https:\/\/api.w.org\/{rel}","templated":true}]}}