{"id":24303,"date":"2024-03-31T14:47:18","date_gmt":"2024-03-31T13:47:18","guid":{"rendered":"https:\/\/by-tv.co.uk\/?p=24303"},"modified":"2024-03-31T15:02:13","modified_gmt":"2024-03-31T14:02:13","slug":"turkiye-yerel-secimler-icin-sandik-basina-gitti","status":"publish","type":"post","link":"https:\/\/by-tv.co.uk\/en\/turkiye-yerel-secimler-icin-sandik-basina-gitti\/","title":{"rendered":"T\u00fcrkiye yerel se\u00e7imler i\u00e7in sand\u0131k ba\u015f\u0131na gitti"},"content":{"rendered":"<p>T\u00fcrkiye bu sabah Mahalli \u0130dareler Genel Se\u00e7imleri i\u00e7in sand\u0131k ba\u015f\u0131na gitti.<br \/>\nT\u00fcrkiye&#8217;nin do\u011fusundaki 32 ilde yerel saatle 07.00&#8217;de ba\u015flayan oy verme i\u015flemi tamamland\u0131. Saat 08.00&#8217;de ba\u015flayan oy verme i\u015flemi ise 17:00&#8217;de tamamlanacak.<\/p>\n<p>Kay\u0131tl\u0131 61 milyon 441 bin 882 se\u00e7menin bulundu\u011fu, 34 siyasi partinin aday\u0131n\u0131n yar\u0131\u015ft\u0131\u011f\u0131 se\u00e7imlerde, \u00fclke genelinde, 206 bin 845 sand\u0131k kuruldu, yakla\u015f\u0131k bin de seyyar sand\u0131k olu\u015fturuldu.<\/p>\n<p>81 il, 973 il\u00e7e ve 390 belde belediye ba\u015fkan\u0131 ile 50 bin 336 muhtar\u0131n belirlenece\u011fi se\u00e7imlerde, il genel meclisi \u00fcyeli\u011fi, belediye meclis \u00fcyeli\u011fi se\u00e7imleri de yap\u0131ld\u0131.<\/p><div id=\"briti-318469939\" class=\"briti-icerik\" style=\"margin-top: 5px;margin-bottom: 5px;\"><a href=\"https:\/\/piaryum.com\/services\/\" aria-label=\"piaryum banner\"><img loading=\"lazy\" decoding=\"async\" src=\"https:\/\/by-tv.co.uk\/wp-content\/uploads\/2025\/12\/Gemini_Generated_Image_g5yqr1g5yqr1g5yq.jpg\" alt=\"\"  width=\"2064\" height=\"1152\"   \/><\/a><\/div>\n<div id=\"attachment_24304\" style=\"width: 2050px\" class=\"wp-caption alignnone\"><img loading=\"lazy\" decoding=\"async\" aria-describedby=\"caption-attachment-24304\" class=\"size-full wp-image-24304\" src=\"https:\/\/by-tv.co.uk\/wp-content\/uploads\/2024\/03\/YSK-BASKANI-YENER-32-ILDE-OY-VERME-ISLE_34024.jpg\" alt=\"\" width=\"2040\" height=\"1530\" title=\"\"><p id=\"caption-attachment-24304\" class=\"wp-caption-text\">Y\u00dcKSEK Se\u00e7im Kurulu (YSK) Ba\u015fkan\u0131 Ahmet Yener<\/p><\/div>\n<p>B\u00fcy\u00fck\u015fehirlerde, s\u0131ras\u0131yla b\u00fcy\u00fck\u015fehir belediye ba\u015fkanl\u0131\u011f\u0131, belediye ba\u015fkanl\u0131\u011f\u0131, belediye meclisi \u00fcyeli\u011fi ve muhtarl\u0131k, di\u011fer illerde, s\u0131ras\u0131yla belediye ba\u015fkanl\u0131\u011f\u0131, belediye meclisi \u00fcyeli\u011fi, il genel meclisi \u00fcyeli\u011fi ve muhtarl\u0131k se\u00e7imlerine ait oy pusulalar\u0131n\u0131n say\u0131m ve d\u00f6k\u00fcm\u00fc yap\u0131lacak.<\/p>\n<p>Zarftan \u00e7\u0131kan oy pusulalar\u0131nda bir se\u00e7im t\u00fcr\u00fcne ait olan\u0131n\u0131n ge\u00e7ersiz olmas\u0131, di\u011ferinin ge\u00e7ersiz say\u0131lmas\u0131n\u0131 gerektirmeyecek<\/p>\n<h4>Se\u00e7imlere 34 siyasi parti kat\u0131ld\u0131<\/h4>\n<p>AK Parti 1, \u0130Y\u0130 Parti 2, Sol Parti 3, B\u00fcy\u00fck Birlik Partisi 4, Memleket Partisi 5, Anavatan Partisi 6, Demokratik Sol Parti 7, Yeniden Refah Partisi 8, Halklar\u0131n E\u015fitlik ve Demokrasi Partisi (DEM Parti) 9, T\u00fcrkiye Kom\u00fcnist Partisi 10, Anadolu Birli\u011fi Partisi 11, Zafer Partisi 12, Halk\u0131n Kurtulu\u015f Partisi 13, T\u00fcrkiye Kom\u00fcnist Hareketi 14, Ba\u011f\u0131ms\u0131z T\u00fcrkiye Partisi 15, Gelecek Partisi 16, Yeni T\u00fcrkiye Partisi 17, CHP 18, Emek Partisi 19, H\u00dcDA PAR 20, Hak ve \u00d6zg\u00fcrl\u00fckler Partisi 21, Ocak Partisi 22, Adalet Birlik Partisi 23, Demokrat Parti 24, G\u00fc\u00e7 Birli\u011fi Partisi 25, Millet Partisi 26, Milli Yol Partisi 27, Adalet Partisi 28, Ayd\u0131nl\u0131k Demokrasi Partisi 29, MHP 30, T\u00fcrkiye \u0130\u015f\u00e7i Partisi 31, Demokrasi ve At\u0131l\u0131m Partisi 32, Saadet Partisi 33, Vatan Partisi 34.<\/p>\n<div id=\"briti-3319777374\" class=\"briti-icerikten-sonra_2\" style=\"margin-top: 25px;margin-bottom: 25px;\"><a href=\"https:\/\/wa.me\/message\/NDZLLIOQT4H3O1\" aria-label=\"bytv reklam banner\"><img loading=\"lazy\" decoding=\"async\" src=\"https:\/\/by-tv.co.uk\/wp-content\/uploads\/2025\/12\/bytv-reklam-banner.jpg\" alt=\"\"  width=\"2376\" height=\"1008\"   \/><\/a><\/div>","protected":false},"excerpt":{"rendered":"<p>T\u00fcrkiye bu sabah Mahalli \u0130dareler Genel Se\u00e7imleri i\u00e7in sand\u0131k ba\u015f\u0131na gitti. T\u00fcrkiye&#8217;nin do\u011fusundaki 32 ilde yerel saatle 07.00&#8217;de ba\u015flayan oy verme i\u015flemi tamamland\u0131. Saat 08.00&#8217;de ba\u015flayan oy verme i\u015flemi ise 17:00&#8217;de tamamlanacak. Kay\u0131tl\u0131 61 milyon 441 bin 882 se\u00e7menin bulundu\u011fu, 34 siyasi partinin aday\u0131n\u0131n yar\u0131\u015ft\u0131\u011f\u0131 se\u00e7imlerde, \u00fclke genelinde, 206 bin 845 sand\u0131k kuruldu, yakla\u015f\u0131k bin de seyyar sand\u0131k olu\u015fturuldu. 81 il, 973 il\u00e7e ve 390 belde belediye ba\u015fkan\u0131 ile 50 bin 336 muhtar\u0131n belirlenece\u011fi se\u00e7imlerde, il genel meclisi \u00fcyeli\u011fi, belediye meclis \u00fcyeli\u011fi se\u00e7imleri de yap\u0131ld\u0131. B\u00fcy\u00fck\u015fehirlerde, s\u0131ras\u0131yla b\u00fcy\u00fck\u015fehir belediye ba\u015fkanl\u0131\u011f\u0131, belediye ba\u015fkanl\u0131\u011f\u0131, belediye meclisi \u00fcyeli\u011fi ve muhtarl\u0131k, di\u011fer illerde, s\u0131ras\u0131yla [&hellip;]<\/p>\n","protected":false},"author":1,"featured_media":24305,"comment_status":"open","ping_status":"open","sticky":false,"template":"","format":"standard","meta":{"ngg_post_thumbnail":0,"footnotes":""},"categories":[1292],"tags":[],"class_list":["post-24303","post","type-post","status-publish","format-standard","has-post-thumbnail","hentry","category-turkiye"],"_links":{"self":[{"href":"https:\/\/by-tv.co.uk\/en\/wp-json\/wp\/v2\/posts\/24303","targetHints":{"allow":["GET"]}}],"collection":[{"href":"https:\/\/by-tv.co.uk\/en\/wp-json\/wp\/v2\/posts"}],"about":[{"href":"https:\/\/by-tv.co.uk\/en\/wp-json\/wp\/v2\/types\/post"}],"author":[{"embeddable":true,"href":"https:\/\/by-tv.co.uk\/en\/wp-json\/wp\/v2\/users\/1"}],"replies":[{"embeddable":true,"href":"https:\/\/by-tv.co.uk\/en\/wp-json\/wp\/v2\/comments?post=24303"}],"version-history":[{"count":0,"href":"https:\/\/by-tv.co.uk\/en\/wp-json\/wp\/v2\/posts\/24303\/revisions"}],"wp:featuredmedia":[{"embeddable":true,"href":"https:\/\/by-tv.co.uk\/en\/wp-json\/wp\/v2\/media\/24305"}],"wp:attachment":[{"href":"https:\/\/by-tv.co.uk\/en\/wp-json\/wp\/v2\/media?parent=24303"}],"wp:term":[{"taxonomy":"category","embeddable":true,"href":"https:\/\/by-tv.co.uk\/en\/wp-json\/wp\/v2\/categories?post=24303"},{"taxonomy":"post_tag","embeddable":true,"href":"https:\/\/by-tv.co.uk\/en\/wp-json\/wp\/v2\/tags?post=24303"}],"curies":[{"name":"wp","href":"https:\/\/api.w.org\/{rel}","templated":true}]}}