{"id":23681,"date":"2024-02-25T20:28:45","date_gmt":"2024-02-25T20:28:45","guid":{"rendered":"https:\/\/by-tv.co.uk\/?p=23681"},"modified":"2026-08-31T11:35:34","modified_gmt":"2026-08-31T10:35:34","slug":"londradaki-global-medical-forumda-turkiyenin-saglik-turizmi-konusulacak","status":"publish","type":"post","link":"https:\/\/by-tv.co.uk\/en\/londradaki-global-medical-forumda-saglik-turizmi-konusulacak\/","title":{"rendered":"Londra&#8217;daki Global Medical Forum&#8217;da sa\u011fl\u0131k turizmi konu\u015fulacak"},"content":{"rendered":"<p>Londra, 1-2 Mart 2024 tarihlerinde <a href=\"https:\/\/globalmedicalforum.com\" target=\"_blank\" rel=\"noopener\"><strong>Global Medical Forum<\/strong><\/a>&#8216;a ev sahipli\u011fi yapacak. <a href=\"https:\/\/maps.app.goo.gl\/cR1Z4AjD8hTac9cc6\" target=\"_blank\" rel=\"noopener\"><strong>Westminster&#8217;daki tarihi Lindley Hall<\/strong><\/a>&#8216;da ger\u00e7ekle\u015fecek olan bu \u00f6nemli forum, \u0130ngiltere pazar\u0131nda yer almak isteyen sa\u011fl\u0131k kurulu\u015flar\u0131 ve medikal turizm firmalar\u0131 i\u00e7in \u00f6nemli bir f\u0131rsat sunuyor.<\/p>\n<blockquote><p><a href=\"https:\/\/www.eventbrite.com\/e\/global-medical-forum-london-1-2-march-2024-tickets-830247391297\" target=\"_blank\" rel=\"noopener\">&nbsp;\u00dccretsiz Kay\u0131t i\u00e7in t\u0131klay\u0131n\u0131z!<\/a><\/p><\/blockquote>\n<p>T\u00fcrkiye&#8217;nin \u00f6nde gelen hastane ve sa\u011fl\u0131k kurulu\u015flar\u0131, forum \u00e7er\u00e7evesinde Birle\u015fik Krall\u0131k&#8217;ta faaliyetlerini anlatma f\u0131rsat\u0131 bulacak. Forumda, hastaneler, di\u015f klinikleri, t\u00fcp bebek klinikleri, sa\u00e7 ekim merkezleri, estetik klinikleri ve termal turizm merkezleri gibi geni\u015f bir alanda faaliyet g\u00f6steren kurulu\u015flar yer alacak.<\/p>\n<p><img loading=\"lazy\" decoding=\"async\" class=\"alignnone size-full wp-image-22838\" src=\"https:\/\/by-tv.co.uk\/wp-content\/uploads\/2024\/01\/Global_Medical_Forum_2024_V1-newq-112-scaled.jpg\" alt=\"\" width=\"2560\" height=\"1810\" title=\"\"><\/p>\n<p>Etkinlik, sa\u011fl\u0131k kurulu\u015flar\u0131 ile temas etme, stant ziyareti ve tedavi hizmetleri ile ilgili planlama yapma imkanlar\u0131 sunuyor. <strong>Ac\u0131badem Hospital, Sny Clinic, Yeditepe Dental Hospital, Dr. Cinik Smile Team Turkey, Attelia, Academic Hospital ,Clinique Plus ,Dent Prime ,Health And Beauty Experts ,Ciniqa Lycian Clinic<\/strong> forumda yerini alacak sa\u011fl\u0131k kurulu\u015flar\u0131 aras\u0131nda yer al\u0131yor.<\/p><div id=\"briti-77743135\" class=\"briti-icerik\" style=\"margin-top: 5px;margin-bottom: 5px;\"><a href=\"https:\/\/piaryum.com\/services\/\" aria-label=\"piaryum banner\"><img loading=\"lazy\" decoding=\"async\" src=\"https:\/\/by-tv.co.uk\/wp-content\/uploads\/2025\/12\/Gemini_Generated_Image_g5yqr1g5yqr1g5yq.jpg\" alt=\"\"  width=\"2064\" height=\"1152\"   \/><\/a><\/div>\n<p>Global Medical Forum\u2019un organizat\u00f6r\u00fc ve<a href=\"https:\/\/dumevent.co.uk\/\" target=\"_blank\" rel=\"noopener\"><strong> Dum Event<\/strong><\/a> kurucusu <strong>Mert Karaduman<\/strong>, T\u00fcrkiye\u2019nin co\u011frafi yak\u0131nl\u0131\u011f\u0131, g\u00fc\u00e7l\u00fc sa\u011fl\u0131k altyap\u0131s\u0131 ve oturmu\u015f sa\u011fl\u0131k sistemiyle bu hastalar i\u00e7in cazip bir alternatif olabilece\u011fini vurgulad\u0131.<\/p>\n<h4>Forum katma de\u011fer yaratma odakl\u0131<\/h4>\n<p>Forumun katma de\u011fer yaratma odakl\u0131 oldu\u011funu belirten Karaduman, Birle\u015fik Krall\u0131k genelindeki sa\u011fl\u0131k kurumlar\u0131 ve ili\u015fkili kurulu\u015flar\u0131 etkinli\u011fe dahil etmenin \u00f6ncelikleri aras\u0131nda oldu\u011funu s\u00f6yledi.<\/p>\n<div id=\"attachment_22837\" style=\"width: 2608px\" class=\"wp-caption alignnone\"><img loading=\"lazy\" decoding=\"async\" aria-describedby=\"caption-attachment-22837\" class=\"wp-image-22837 size-full\" src=\"https:\/\/by-tv.co.uk\/wp-content\/uploads\/2024\/01\/mert-karaduman.png\" alt=\"\" width=\"2598\" height=\"1712\" title=\"\"><p id=\"caption-attachment-22837\" class=\"wp-caption-text\">Global Medical Forum\u2019un organizat\u00f6r\u00fc ve Dum Event kurucusu Mert Karaduman<\/p><\/div>\n<p>Mert Karaduman, <a href=\"https:\/\/by-tv.co.uk\/en\/?s=dum+event\">Dum Event<\/a> olarak 15 y\u0131ld\u0131r etkinlik sekt\u00f6r\u00fcnde hizmet verdiklerini ve y\u00fczlerce organizasyona imza att\u0131klar\u0131n\u0131 belirtti. Global Medical Forum&#8217;u tasarlarken \u00f6ncelikle mekan konusuna dikkat ettiklerini, \u00e7\u00fcnk\u00fc yap\u0131lan etkinliklerdeki yetersizlikleri gidermek istediklerini ifade etti. Yakla\u015f\u0131k bir senelik haz\u0131rl\u0131k s\u00fcrecinde Westminster&#8217;daki Lindley Hall mekan\u0131n\u0131n se\u00e7ildi\u011fini ve kat\u0131l\u0131mc\u0131lar\u0131n 1- 2 Mart&#8217;ta keyifli ve verimli bir etkinlik ge\u00e7ireceklerini vurgulad\u0131. Sigorta \u015firketleri, medikal ve turizm acentalar\u0131 ile irtibata ge\u00e7ildi\u011fini ve b\u00fcy\u00fck bir kat\u0131l\u0131m beklediklerini ifade etti. Ayr\u0131ca, son kullan\u0131c\u0131lara ula\u015fmak i\u00e7in dijital ve influencer marketing gibi y\u00f6ntemlerle ileti\u015fim kampanyas\u0131 y\u00fcr\u00fctt\u00fcklerini belirtti.<\/p>\n<p><img loading=\"lazy\" decoding=\"async\" class=\"alignnone size-full wp-image-23695\" src=\"https:\/\/by-tv.co.uk\/wp-content\/uploads\/2024\/02\/lindley-hall-2-scaled.jpg\" alt=\"\" width=\"2560\" height=\"1440\" title=\"\"><\/p>\n<h4>Forumda ayr\u0131ca \u00f6nemli konu\u015fmac\u0131lar yer alacakt\u0131r.<\/h4>\n<p><strong>\u0130ngiliz Di\u015fhekimleri Birli\u011fi&#8217;nin (BDA) Ana Y\u00fcr\u00fctme Komitesi&#8217;nin (PEC) Ba\u015fkan\u0131 Eddie Crouch<\/strong>, Birle\u015fik Krall\u0131k a\u011f\u0131z sa\u011fl\u0131\u011f\u0131 sistemi hakk\u0131nda bilgiler sunacak ve Birle\u015fik Krall\u0131k&#8217;tan di\u015f tedavisi arayan hastalar i\u00e7in BDA&#8217;n\u0131n beklentilerini ve standartlar\u0131n\u0131 a\u00e7\u0131klayacak.<\/p>\n<div id=\"attachment_23683\" style=\"width: 2510px\" class=\"wp-caption alignnone\"><img loading=\"lazy\" decoding=\"async\" aria-describedby=\"caption-attachment-23683\" class=\"size-full wp-image-23683\" src=\"https:\/\/by-tv.co.uk\/wp-content\/uploads\/2024\/02\/Eddie-Crouch.jpg\" alt=\"\" width=\"2500\" height=\"2500\" title=\"\"><p id=\"caption-attachment-23683\" class=\"wp-caption-text\">\u0130ngiliz Di\u015fhekimleri Birli\u011fi&#8217;nin (BDA) Ana Y\u00fcr\u00fctme Komitesi&#8217;nin (PEC) Ba\u015fkan\u0131 Eddie Crouch<\/p><\/div>\n<p><strong>Londra Queen Mary \u00dcniversitesi, Barts and the London School of Medicine and Dentistry&#8217;den Do\u00e7. Dr. Aylin Baysan<\/strong> \u0130ngiltere\u2019nin di\u015f sa\u011fl\u0131\u011f\u0131 sistemini, ya\u015fanan sorunlar\u0131 anlatacak.<\/p>\n<div id=\"attachment_23700\" style=\"width: 1610px\" class=\"wp-caption alignnone\"><img loading=\"lazy\" decoding=\"async\" aria-describedby=\"caption-attachment-23700\" class=\"size-full wp-image-23700\" src=\"https:\/\/by-tv.co.uk\/wp-content\/uploads\/2024\/02\/aylin-baysan-4.jpg\" alt=\"\" width=\"1600\" height=\"900\" title=\"\"><p id=\"caption-attachment-23700\" class=\"wp-caption-text\">Londra Queen Mary \u00dcniversitesi, Barts and the London School of Medicine and Dentistry&#8217;den Do\u00e7. Dr. Aylin Baysan<\/p><\/div>\n<p><strong>Right Choice Healthcare UK Genel M\u00fcd\u00fcr\u00fc Zahid Hamid<\/strong>, Sa\u011fl\u0131k Turizminde yeni trendleri anlatacak.<\/p>\n<p><strong>Do\u00e7. Dr. Ey\u00fcp Gemici<\/strong>, Bariatrik Cerrahi ve <strong>Do\u00e7. Dr. Fatih Cabbar<\/strong> ise Di\u015f Tedavileri hakk\u0131nda bilgi verecek.<\/p>\n<p>Ayr\u0131ca \u0130ngiltere&#8217;de bulunan Global Trading Agency ile ortakla\u015fa &#8220;<strong>UK &amp; T\u00fcrkiye Healthcare Horizons Networking Event&#8221;<\/strong>i ger\u00e7ekle\u015ftirilecek.<\/p>\n<h4><strong>Global Medical Forum Program<\/strong><\/h4>\n<p><strong>Event Program | Day 1 | 1 March 2024<\/strong><\/p>\n<ul>\n<li>10:00 Event Start<\/li>\n<li>11:00 &#8211; 17:00 B2B, B2C Meetings<\/li>\n<li>15:00 &#8211; 15:30 <strong>Mr. Zahid Hamid<\/strong>, New Trends in Health Tourism<\/li>\n<li>18:00- 19:30 <strong>UK &amp; T\u00fcrkiye Healthcare Horizons Networking Event*<\/strong>&nbsp;<\/li>\n<li>*In Collaboration with Global Trading Agency (UK)Please note that this event is exclusive to invited individuals and representatives of firms participating in the Global Medical Forum. An official invitation is required for entry.<\/li>\n<\/ul>\n<p><img loading=\"lazy\" decoding=\"async\" class=\"alignnone size-full wp-image-23686\" src=\"https:\/\/by-tv.co.uk\/wp-content\/uploads\/2024\/02\/business-networking-event.jpg\" alt=\"\" width=\"1200\" height=\"630\" title=\"\"><\/p>\n<p><strong>Event Program | Day 2 | | 2 March 2024<\/strong><\/p>\n<ul>\n<li>10:00 Event Start<\/li>\n<li>11:00 &#8211; 17:00 B2B, B2C Meetings<\/li>\n<\/ul>\n<p><strong>Seminar 1<\/strong><\/p>\n<ul>\n<li>14:30 &#8211; 15:10&nbsp;<\/li>\n<\/ul>\n<p><strong style=\"font-size: 1.21429rem;\">-Eddie Crouch, <\/strong>Chair of the British Dental Association&#8217;s (BDA&#8217;s) Principal Executive Committee (PEC).<br \/>\n&#8211;<strong>Assoc. Prof. Dr. Aylin Baysan <\/strong>Barts and the London School of Medicine and Dentistry, Queen Mary University&nbsp;of&nbsp;London<\/p>\n<p><strong>Seminar 2<\/strong><\/p>\n<ul>\n<li>15:30 &#8211; 16:00 <strong>Assoc. Prof. Dr. Ey\u00fcp Gemici<\/strong>, Bariatric Surgery<\/li>\n<li>16:30 &#8211; 17:00 <strong>Assoc. Prof. Dr. Fatih Cabbar,<\/strong> Dental&nbsp;Treatment<\/li>\n<\/ul>\n<p><strong>Global Medical Forum<\/strong><br \/>\nAdres: The Royal Horticultural Halls, Lindley Hall and Lawrence Hall, 80 Vincent Square, Londra, SW1P 2PB Birle\u015fik Krall\u0131k<\/p>\n<p>&nbsp;<\/p>\n<div id=\"briti-2341718985\" class=\"briti-icerikten-sonra_2\" style=\"margin-top: 25px;margin-bottom: 25px;\"><a href=\"https:\/\/wa.me\/message\/NDZLLIOQT4H3O1\" aria-label=\"bytv reklam banner\"><img loading=\"lazy\" decoding=\"async\" src=\"https:\/\/by-tv.co.uk\/wp-content\/uploads\/2025\/12\/bytv-reklam-banner.jpg\" alt=\"\"  width=\"2376\" height=\"1008\"   \/><\/a><\/div>","protected":false},"excerpt":{"rendered":"<p>Londra, 1-2 Mart 2024 tarihlerinde Global Medical Forum&#8216;a ev sahipli\u011fi yapacak. Westminster&#8217;daki tarihi Lindley Hall&#8216;da ger\u00e7ekle\u015fecek olan bu \u00f6nemli forum, \u0130ngiltere pazar\u0131nda yer almak isteyen sa\u011fl\u0131k kurulu\u015flar\u0131 ve medikal turizm firmalar\u0131 i\u00e7in \u00f6nemli bir f\u0131rsat sunuyor. &nbsp;\u00dccretsiz Kay\u0131t i\u00e7in t\u0131klay\u0131n\u0131z! T\u00fcrkiye&#8217;nin \u00f6nde gelen hastane ve sa\u011fl\u0131k kurulu\u015flar\u0131, forum \u00e7er\u00e7evesinde Birle\u015fik Krall\u0131k&#8217;ta faaliyetlerini anlatma f\u0131rsat\u0131 bulacak. Forumda, hastaneler, di\u015f klinikleri, t\u00fcp bebek klinikleri, sa\u00e7 ekim merkezleri, estetik klinikleri ve termal turizm merkezleri gibi geni\u015f bir alanda faaliyet g\u00f6steren kurulu\u015flar yer alacak. Etkinlik, sa\u011fl\u0131k kurulu\u015flar\u0131 ile temas etme, stant ziyareti ve tedavi hizmetleri ile ilgili planlama yapma imkanlar\u0131 sunuyor. Ac\u0131badem Hospital, Sny [&hellip;]<\/p>\n","protected":false},"author":1,"featured_media":23687,"comment_status":"open","ping_status":"open","sticky":false,"template":"","format":"standard","meta":{"ngg_post_thumbnail":0,"footnotes":""},"categories":[15,2,4803,13,1462,1995],"tags":[5213,5212,5209,5214,5210,5211],"class_list":["post-23681","post","type-post","status-publish","format-standard","has-post-thumbnail","hentry","category-ingiltere","category-is-dunyasi","category-medical-tourism","category-saglik","category-turizm","category-turkiye-ingiltere","tag-doc-dr-aylin-baysan","tag-eddie-crouch","tag-global-medical-forum","tag-global-trading-agency","tag-ingiliz-dishekimleri-birligi","tag-londra-queen-mary-universitesi"],"_links":{"self":[{"href":"https:\/\/by-tv.co.uk\/en\/wp-json\/wp\/v2\/posts\/23681","targetHints":{"allow":["GET"]}}],"collection":[{"href":"https:\/\/by-tv.co.uk\/en\/wp-json\/wp\/v2\/posts"}],"about":[{"href":"https:\/\/by-tv.co.uk\/en\/wp-json\/wp\/v2\/types\/post"}],"author":[{"embeddable":true,"href":"https:\/\/by-tv.co.uk\/en\/wp-json\/wp\/v2\/users\/1"}],"replies":[{"embeddable":true,"href":"https:\/\/by-tv.co.uk\/en\/wp-json\/wp\/v2\/comments?post=23681"}],"version-history":[{"count":1,"href":"https:\/\/by-tv.co.uk\/en\/wp-json\/wp\/v2\/posts\/23681\/revisions"}],"predecessor-version":[{"id":39934,"href":"https:\/\/by-tv.co.uk\/en\/wp-json\/wp\/v2\/posts\/23681\/revisions\/39934"}],"wp:featuredmedia":[{"embeddable":true,"href":"https:\/\/by-tv.co.uk\/en\/wp-json\/wp\/v2\/media\/23687"}],"wp:attachment":[{"href":"https:\/\/by-tv.co.uk\/en\/wp-json\/wp\/v2\/media?parent=23681"}],"wp:term":[{"taxonomy":"category","embeddable":true,"href":"https:\/\/by-tv.co.uk\/en\/wp-json\/wp\/v2\/categories?post=23681"},{"taxonomy":"post_tag","embeddable":true,"href":"https:\/\/by-tv.co.uk\/en\/wp-json\/wp\/v2\/tags?post=23681"}],"curies":[{"name":"wp","href":"https:\/\/api.w.org\/{rel}","templated":true}]}}