{"id":23598,"date":"2024-02-21T00:01:43","date_gmt":"2024-02-21T00:01:43","guid":{"rendered":"https:\/\/by-tv.co.uk\/?p=23598"},"modified":"2024-02-21T01:10:52","modified_gmt":"2024-02-21T01:10:52","slug":"ingilterede-var-olmayan-bir-bakim-evine-275-yabanci-icin-calisan-vizesi-alinmis","status":"publish","type":"post","link":"https:\/\/by-tv.co.uk\/en\/ingilterede-var-olmayan-bir-bakim-evi-icin-275-yabanciya-calisma-vizesi-alinmis\/","title":{"rendered":"B\u00fcy\u00fck iddia: &#8220;\u0130ngiltere&#8217;de var olmayan bir bak\u0131m evi i\u00e7in 275 yabanc\u0131ya \u00e7al\u0131\u015fma vizesi al\u0131nd\u0131&#8221;"},"content":{"rendered":"<p>S\u0131n\u0131r ve g\u00f6\u00e7menlik ba\u015f m\u00fcfetti\u015fi David Neal, yabanc\u0131 bak\u0131m \u00e7al\u0131\u015fanlar\u0131n\u0131n d\u00f6rtte birinin ba\u015fka sekt\u00f6rlerde yasad\u0131\u015f\u0131 \u00e7al\u0131\u015farak \u0130ngiltere vize kurallar\u0131n\u0131 suiistimal etti\u011fini iddia etti.<\/p>\n<p>Neal, sekt\u00f6rdeki kronik i\u015fg\u00fcc\u00fc a\u00e7\u0131\u011f\u0131n\u0131 kapatmak i\u00e7in iki y\u0131l \u00f6nce uygulamaya konan sosyal bak\u0131m vizesine dair \u0130\u00e7i\u015fleri Bakanl\u0131\u011f\u0131 tefti\u015finde elde etti\u011fi bulgular\u0131 a\u00e7\u0131klad\u0131.<\/p>\n<p><strong>\u0130\u00e7i\u015fleri Bakanl\u0131\u011f\u0131&#8217;n\u0131n var olmayan bir bak\u0131m evine 275, faaliyet izni verildi\u011finde sadece d\u00f6rt personeli olan bir \u015firkete ise 1.234 vize verdi\u011fini tespit etti.<\/strong><\/p><div id=\"briti-565799094\" class=\"briti-icerik\" style=\"margin-top: 5px;margin-bottom: 5px;\"><a href=\"https:\/\/piaryum.com\/services\/\" aria-label=\"piaryum banner\"><img loading=\"lazy\" decoding=\"async\" src=\"https:\/\/by-tv.co.uk\/wp-content\/uploads\/2025\/12\/Gemini_Generated_Image_g5yqr1g5yqr1g5yq.jpg\" alt=\"\"  width=\"2064\" height=\"1152\"   \/><\/a><\/div>\n<p>Sadece bu iki \u00f6rnek, 1.500&#8217;den fazla g\u00f6\u00e7menin sosyal bak\u0131m sekt\u00f6r\u00fcnde i\u015f sahibi olma kisvesi alt\u0131nda \u0130ngiltere&#8217;ye ta\u015f\u0131nmas\u0131yla sonu\u00e7land\u0131.<\/p>\n<p>Neal raporunu bu ay\u0131n ba\u015flar\u0131nda sundu ancak bu rapor ge\u00e7ti\u011fimiz y\u0131l sunulan ve \u0130\u00e7i\u015fleri Bakanl\u0131\u011f\u0131 taraf\u0131ndan yay\u0131nlanmayan 13 rapordan biri.<\/p>\n<p>Neal, ge\u00e7en y\u0131l Eyl\u00fcl ay\u0131na kadar sosyal bak\u0131m vizesi verilen 101.316 ki\u015fiden yakla\u015f\u0131k 25.000&#8217;inin di\u011fer sekt\u00f6rlerde yasad\u0131\u015f\u0131 olarak \u00e7al\u0131\u015f\u0131yor olabilece\u011fini s\u00f6yledi.<\/p>\n<p><a href=\"https:\/\/www.thetimes.co.uk\/article\/one-in-four-foreign-care-workers-abuse-uk-visa-rules-lpqzmsk6g\" target=\"_blank\" rel=\"noopener\">Times<\/a>\u2019\u0131n haberine g\u00f6re; bak\u0131m vizesi, bir bireyin bak\u0131m d\u0131\u015f\u0131 bir i\u015fte 20 saat daha \u00e7al\u0131\u015fmas\u0131na ancak yetersiz meslekler listesinde yer alan bir i\u015f olmas\u0131 halinde izin veriyor.<\/p>\n<p>\u0130lk 18 ayda 123.000&#8217;den fazla yabanc\u0131 bak\u0131m \u00e7al\u0131\u015fan\u0131na vize verildi ve 145.000 aile \u00fcyesi de onlarla birlikte geldi.<\/p>\n<p>Sekt\u00f6rdeki 150.000 bo\u015f pozisyonun doldurulmas\u0131na yard\u0131mc\u0131 olmak \u00fczere tasarlanan de\u011fi\u015fiklikler, bak\u0131m evlerinin yurtd\u0131\u015f\u0131ndan \u00a320.960 ya da saat ba\u015f\u0131na \u00a310,75 gibi asgari \u00fccretin \u00e7ok az \u00fczerinde maa\u015flarla i\u015fe al\u0131m yapmalar\u0131na olanak sa\u011flad\u0131.<\/p>\n<p>\u0130\u00e7i\u015fleri Bakanl\u0131\u011f\u0131, beklenenden daha y\u00fcksek al\u0131m\u0131n ard\u0131ndan bak\u0131m rotas\u0131na k\u0131s\u0131tlamalar getirdi\u011fini duyurdu.<\/p>\n<p>11 Mart&#8217;tan itibaren bak\u0131m \u00e7al\u0131\u015fanlar\u0131n\u0131n aile \u00fcyelerini getirmeleri yasaklanacak ve sadece Bak\u0131m Kalite Komisyonu taraf\u0131ndan kay\u0131tl\u0131 i\u015fverenler vize sponsoru olabilecek.<\/p>\n<p>Bir \u0130\u00e7i\u015fleri Bakanl\u0131\u011f\u0131 s\u00f6zc\u00fcs\u00fc &#8220;Bak\u0131m \u00e7al\u0131\u015fanlar\u0131 topluma hayati bir katk\u0131 sa\u011fl\u0131yor ancak g\u00f6\u00e7, sosyal bak\u0131m ihtiya\u00e7lar\u0131m\u0131za uzun vadeli bir cevap de\u011fil.&#8221; ifadesini kulland\u0131.<\/p>\n<h4>Denet\u00e7i g\u00f6revden al\u0131nd\u0131<\/h4>\n<p>\u00d6te yandan bug\u00fcn BBC &#8216;de yer alan habere g\u00f6re; \u0130\u00e7i\u015fleri Bakan\u0131 James Cleverly, ele\u015ftirel raporlar\u0131n gazetelerde yer almas\u0131n\u0131n ard\u0131ndan h\u00fck\u00fcmetin g\u00f6\u00e7menlik denet\u00e7isini g\u00f6revden ald\u0131.<\/p>\n<p>\u0130\u00e7i\u015fleri Bakanl\u0131\u011f\u0131, David Neal&#8217;\u0131n rol\u00fcn\u00fcn \u015fartlar\u0131n\u0131 &#8220;ihlal etti\u011fini&#8221; ve gizli bilgileri s\u0131zd\u0131rd\u0131\u011f\u0131n\u0131 belirtti.<\/p>\n<p>&nbsp;Bu arada, Neal&#8217;a yak\u0131n kaynaklar, bak\u0131m \u00e7al\u0131\u015fanlar\u0131 i\u00e7in vizelerle ilgili yay\u0131mlanmam\u0131\u015f bir ba\u015fka raporun detaylar\u0131n\u0131n The Times&#8217;ta yer almas\u0131ndan sorumlu oldu\u011funu s\u00f6yledi.<\/p>\n<p>Neal&#8217;\u0131n yorumlar\u0131, Sal\u0131 g\u00fcn\u00fc Parlamentoda acil bir soru g\u00fcndeme getirdi, g\u00f6\u00e7menlik bakan\u0131 Tom Pursglove, Avam Kamaras\u0131&#8217;na \u0130\u00e7i\u015fleri Bakanl\u0131\u011f\u0131&#8217;n\u0131n y\u00fczlerce y\u00fcksek riskli u\u00e7u\u015fun g\u00fcvenlik kontrolleri yap\u0131lmadan \u0130ngiltere&#8217;ye indi\u011fi iddialar\u0131n\u0131 &#8220;kesinlikle&#8221; reddetti\u011fini s\u00f6yledi.<\/p>\n<p>Neal, ge\u00e7en y\u0131l Londra \u015eehir Havaliman\u0131&#8217;na gelen y\u00fcksek riskli olarak s\u0131n\u0131fland\u0131r\u0131lan \u00f6zel jetlerin %21&#8217;inin g\u00f6\u00e7menlik yetkilileri taraf\u0131ndan denetlendi\u011fini g\u00f6steren \u0130\u00e7i\u015fleri Bakanl\u0131\u011f\u0131 verilerini g\u00f6rd\u00fc\u011f\u00fcn\u00fc belirtti.<\/p>\n<p>&#8220;Bu bir skandal ve bu \u00fclkenin s\u0131n\u0131r g\u00fcvenli\u011fi i\u00e7in inan\u0131lmaz derecede tehlikeli,&#8221; diye al\u0131nt\u0131land\u0131.<\/p>\n<p>Ancak Pursglove, \u0130ngiltere&#8217;ye gelen &#8220;programl\u0131 yolcular\u0131n %100&#8217;\u00fcne ve genel havac\u0131l\u0131\u011fa y\u00f6nelik risk tabanl\u0131 istihbarat odakl\u0131 kontrollerin&#8221; UK Border Force taraf\u0131ndan yap\u0131ld\u0131\u011f\u0131n\u0131 s\u00f6yledi.<\/p>\n<p>Baz\u0131 u\u00e7u\u015flar\u0131n, d\u00fc\u015f\u00fck riskli olmalar\u0131 gerekti\u011fi halde yanl\u0131\u015fl\u0131kla y\u00fcksek riskli olarak s\u0131n\u0131fland\u0131r\u0131ld\u0131\u011f\u0131na dair bir veri sorunu oldu\u011funu ekledi.<\/p>\n<blockquote><p>&#8220;\u0130\u00e7i\u015fleri Bakanl\u0131\u011f\u0131&#8217;n\u0131n yan\u0131t verme \u015fans\u0131 bulunmadan ba\u011f\u0131ms\u0131z ba\u015f m\u00fcfetti\u015f taraf\u0131ndan ulusal bir gazeteye ger\u00e7ek d\u0131\u015f\u0131 bilgilerin s\u0131zd\u0131r\u0131lmas\u0131 son derece rahats\u0131z edici,&#8221; dedi.<\/p><\/blockquote>\n<p>Bir \u0130\u00e7i\u015fleri Bakanl\u0131\u011f\u0131 s\u00f6zc\u00fcs\u00fc \u015funlar\u0131 s\u00f6yledi: &#8220;G\u00f6\u00e7menlik ve s\u0131n\u0131rlar\u0131n ba\u011f\u0131ms\u0131z ba\u015f denet\u00e7isi (ICBI) olan David Neal&#8217;\u0131n atamas\u0131n\u0131, atama \u015fartlar\u0131n\u0131 ihlal etti\u011fi ve i\u00e7i\u015fleri bakan\u0131n\u0131n g\u00fcvenini kaybetti\u011fi i\u00e7in sonland\u0131rd\u0131k.<\/p>\n<p>&#8220;Sonraki ICBI i\u00e7in planlanan i\u015fe al\u0131m s\u00fcreci devam etmektedir.&#8221;<\/p>\n<p>G\u00f6rev s\u00fcresi 21 Mart&#8217;ta sona erecek olan Neal, Sal\u0131 g\u00fcn\u00fc Times&#8217;a medyayla konu\u015fma karar\u0131n\u0131 &#8220;hafife almad\u0131\u011f\u0131n\u0131&#8221; belirtti. Ekledi: &#8220;Raporlar\u0131m yay\u0131mlanmad\u0131\u011f\u0131 i\u00e7in buna mecbur kald\u0131m.&#8221;<\/p>\n<p>&#8220;T\u00fcm \u00e7al\u0131\u015fma hayat\u0131m\u0131 bu \u00fclkeyi koruyarak ge\u00e7irdim, bir g\u00fcvenlik zafiyeti tespit ettim ve bunu \u0130\u00e7i\u015fleri Bakanl\u0131\u011f\u0131&#8217;na geri getirdim,&#8221; diye al\u0131nt\u0131land\u0131.<\/p>\n<p>&#8220;Burada g\u00fc\u00e7l\u00fc bir kamu yarar\u0131 var ve bunu yapt\u0131\u011f\u0131m i\u00e7in. S\u0131n\u0131r bizi g\u00fcvende tutmak i\u00e7in orada, \u00fclkemizdeki her birimizi korumak i\u00e7in a\u00e7\u0131k denetlenebilir risk kararlar\u0131n\u0131n al\u0131nmas\u0131 kritik \u00f6neme sahip.&#8221;<\/p>\n<p>Soruyu g\u00fcndeme getiren G\u00f6lge i\u00e7i\u015fleri bakan\u0131 Yvette Cooper,&nbsp; bunun &#8220;s\u0131n\u0131rlar ve g\u00f6\u00e7menlik konusunda tam bir Tory kaosu&#8221; \u00f6rne\u011fi oldu\u011funu s\u00f6yledi.<\/p>\n<p>Cooper ayr\u0131ca Cleverly&#8217;e &#8220;bu raporlar\u0131 tamamen yay\u0131mlamas\u0131&#8221; \u00e7a\u011fr\u0131s\u0131nda bulundu.<\/p>\n<p>&nbsp;<\/p>\n<p>&nbsp;<\/p>\n<div id=\"briti-691845207\" class=\"briti-icerikten-sonra_2\" style=\"margin-top: 25px;margin-bottom: 25px;\"><a href=\"https:\/\/wa.me\/message\/NDZLLIOQT4H3O1\" aria-label=\"bytv reklam banner\"><img loading=\"lazy\" decoding=\"async\" src=\"https:\/\/by-tv.co.uk\/wp-content\/uploads\/2025\/12\/bytv-reklam-banner.jpg\" alt=\"\"  width=\"2376\" height=\"1008\"   \/><\/a><\/div>","protected":false},"excerpt":{"rendered":"<p>S\u0131n\u0131r ve g\u00f6\u00e7menlik ba\u015f m\u00fcfetti\u015fi David Neal, yabanc\u0131 bak\u0131m \u00e7al\u0131\u015fanlar\u0131n\u0131n d\u00f6rtte birinin ba\u015fka sekt\u00f6rlerde yasad\u0131\u015f\u0131 \u00e7al\u0131\u015farak \u0130ngiltere vize kurallar\u0131n\u0131 suiistimal etti\u011fini iddia etti. Neal, sekt\u00f6rdeki kronik i\u015fg\u00fcc\u00fc a\u00e7\u0131\u011f\u0131n\u0131 kapatmak i\u00e7in iki y\u0131l \u00f6nce uygulamaya konan sosyal bak\u0131m vizesine dair \u0130\u00e7i\u015fleri Bakanl\u0131\u011f\u0131 tefti\u015finde elde etti\u011fi bulgular\u0131 a\u00e7\u0131klad\u0131. \u0130\u00e7i\u015fleri Bakanl\u0131\u011f\u0131&#8217;n\u0131n var olmayan bir bak\u0131m evine 275, faaliyet izni verildi\u011finde sadece d\u00f6rt personeli olan bir \u015firkete ise 1.234 vize verdi\u011fini tespit etti. Sadece bu iki \u00f6rnek, 1.500&#8217;den fazla g\u00f6\u00e7menin sosyal bak\u0131m sekt\u00f6r\u00fcnde i\u015f sahibi olma kisvesi alt\u0131nda \u0130ngiltere&#8217;ye ta\u015f\u0131nmas\u0131yla sonu\u00e7land\u0131. Neal raporunu bu ay\u0131n ba\u015flar\u0131nda sundu ancak bu rapor ge\u00e7ti\u011fimiz y\u0131l sunulan ve [&hellip;]<\/p>\n","protected":false},"author":1,"featured_media":23599,"comment_status":"open","ping_status":"open","sticky":false,"template":"","format":"standard","meta":{"ngg_post_thumbnail":0,"footnotes":""},"categories":[15],"tags":[],"class_list":["post-23598","post","type-post","status-publish","format-standard","has-post-thumbnail","hentry","category-ingiltere"],"_links":{"self":[{"href":"https:\/\/by-tv.co.uk\/en\/wp-json\/wp\/v2\/posts\/23598","targetHints":{"allow":["GET"]}}],"collection":[{"href":"https:\/\/by-tv.co.uk\/en\/wp-json\/wp\/v2\/posts"}],"about":[{"href":"https:\/\/by-tv.co.uk\/en\/wp-json\/wp\/v2\/types\/post"}],"author":[{"embeddable":true,"href":"https:\/\/by-tv.co.uk\/en\/wp-json\/wp\/v2\/users\/1"}],"replies":[{"embeddable":true,"href":"https:\/\/by-tv.co.uk\/en\/wp-json\/wp\/v2\/comments?post=23598"}],"version-history":[{"count":0,"href":"https:\/\/by-tv.co.uk\/en\/wp-json\/wp\/v2\/posts\/23598\/revisions"}],"wp:featuredmedia":[{"embeddable":true,"href":"https:\/\/by-tv.co.uk\/en\/wp-json\/wp\/v2\/media\/23599"}],"wp:attachment":[{"href":"https:\/\/by-tv.co.uk\/en\/wp-json\/wp\/v2\/media?parent=23598"}],"wp:term":[{"taxonomy":"category","embeddable":true,"href":"https:\/\/by-tv.co.uk\/en\/wp-json\/wp\/v2\/categories?post=23598"},{"taxonomy":"post_tag","embeddable":true,"href":"https:\/\/by-tv.co.uk\/en\/wp-json\/wp\/v2\/tags?post=23598"}],"curies":[{"name":"wp","href":"https:\/\/api.w.org\/{rel}","templated":true}]}}